{"id":15770,"date":"2025-01-24T01:40:12","date_gmt":"2025-01-24T01:40:12","guid":{"rendered":"https:\/\/duplagourmet.com.br\/?p=15770"},"modified":"2025-02-04T13:17:38","modified_gmt":"2025-02-04T13:17:38","slug":"o-que-fazer-em-monte-verde-com-criancas","status":"publish","type":"post","link":"https:\/\/duplagourmet.com.br\/index.php\/2025\/01\/24\/o-que-fazer-em-monte-verde-com-criancas\/","title":{"rendered":"O que fazer em Monte Verde com crian\u00e7as"},"content":{"rendered":"<div class=\"b9dff54adce98ec77fa605695a7c2382\" data-index=\"1\" style=\"float: right; margin:10px 0 10px 10px;\">\n<script async src=\"\/\/pagead2.googlesyndication.com\/pagead\/js\/adsbygoogle.js\"><\/script>\r\n<!-- Dupla -->\r\n<ins class=\"adsbygoogle\"\r\n     style=\"display:inline-block;width:336px;height:280px\"\r\n     data-ad-client=\"ca-pub-5223135331964240\"\r\n     data-ad-slot=\"1820166419\"><\/ins>\r\n<script>\r\n(adsbygoogle = window.adsbygoogle || []).push({});\r\n<\/script>\n<\/div>\n<p>J\u00e1 fomos para Monte Verde no m\u00ednimo 10 vezes, j\u00e1 fomos comemorar nosso primeiro aniversario de casamento, j\u00e1 fomos a trabalho, j\u00e1 fomos para curtir um final de semana rom\u00e2ntico, mas nos \u00faltimos 3 anos, Monte Verde se tornou um destino para curtimos em fam\u00edlia.<br \/>\nNossa filha, j\u00e1 foi para l\u00e1 bebezinha, com 8 meses, depois com 1 ano e meio e agora ela foi com 3 anos.<br \/>\nEla esta na fase que exige gastar muita energia, ent\u00e3o pesquisamos programas para ela realizar esse gasto hahaha<br \/>\nEnt\u00e3o bora mostrar tudo que fizemos nesse final de semana com ela.<\/p>\n<h6 style=\"text-align: center;\"><strong>Parque Oschin<\/strong><img decoding=\"async\" class=\"alignnone size-full wp-image-15766\" src=\"https:\/\/i0.wp.com\/duplagourmet.com.br\/wp-content\/uploads\/2025\/01\/IMG_9278.heic?w=800\" alt=\"\" data-recalc-dims=\"1\" \/><\/h6>\n<p><img decoding=\"async\" class=\"alignnone size-full wp-image-15763\" src=\"https:\/\/i0.wp.com\/duplagourmet.com.br\/wp-content\/uploads\/2025\/01\/IMG_7463.heic?w=800\" alt=\"\" data-recalc-dims=\"1\" \/><\/p>\n<p><img decoding=\"async\" class=\"alignnone size-full wp-image-15765\" src=\"https:\/\/i0.wp.com\/duplagourmet.com.br\/wp-content\/uploads\/2025\/01\/IMG_7506.heic?w=800\" alt=\"\" data-recalc-dims=\"1\" \/><\/p>\n<p><img decoding=\"async\" loading=\"lazy\" class=\"alignnone wp-image-15759 size-full\" src=\"https:\/\/i0.wp.com\/duplagourmet.com.br\/wp-content\/uploads\/2025\/01\/parque-oschin-monte-verde-com-criancas-dupla-gourmet-2.jpeg?resize=800%2C534\" alt=\"\" width=\"800\" height=\"534\" srcset=\"https:\/\/i0.wp.com\/duplagourmet.com.br\/wp-content\/uploads\/2025\/01\/parque-oschin-monte-verde-com-criancas-dupla-gourmet-2.jpeg?w=800&amp;ssl=1 800w, https:\/\/i0.wp.com\/duplagourmet.com.br\/wp-content\/uploads\/2025\/01\/parque-oschin-monte-verde-com-criancas-dupla-gourmet-2.jpeg?resize=650%2C434&amp;ssl=1 650w\" sizes=\"(max-width: 800px) 100vw, 800px\" data-recalc-dims=\"1\" \/><\/p>\n<p><img decoding=\"async\" loading=\"lazy\" class=\"alignnone wp-image-15764 size-full\" src=\"https:\/\/i0.wp.com\/duplagourmet.com.br\/wp-content\/uploads\/2025\/01\/IMG_7486.heic?resize=800%2C1067\" alt=\"\" width=\"800\" height=\"1067\" data-recalc-dims=\"1\" \/><\/p>\n<p><img decoding=\"async\" class=\"alignnone size-full wp-image-15762\" src=\"https:\/\/i0.wp.com\/duplagourmet.com.br\/wp-content\/uploads\/2025\/01\/IMG_7412.heic?w=800\" alt=\"\" data-recalc-dims=\"1\" \/><\/p>\n<p>O Parque Oschin foi uma surpresa muito gostosa de se encontrar<br \/>\nO espa\u00e7o \u00e9 gigante com muito verde, tem um parquinho enorme, red\u00e1rio, estufa de morangos para colher e comer, uma mini fazendinha com lhamas, alpacas, patos, cisnes, emus.<br \/>\nPara quem \u00e9 mais saud\u00e1vel (que n\u00e3o \u00e9 o nosso caso rsrsrs) tem trilha enormes, um restaurante bem legal e quando fomos ainda estava rolando a descida do Papai Noel pelo tren\u00f3 e a visita a casa do Papai Noel (fomo em Janeiro de 2025)<br \/>\nO passeio n\u00e3o dura muito tempo, se voc\u00ea n\u00e3o for almo\u00e7ar por l\u00e1, 2 horas \u00e9 o suficiente.<br \/>\nO ingresso no dia que fomos custou R$60 por adulto e crian\u00e7as acima de 2 anos paga R$50.<br \/>\nPara ver mais detalhes do parque ou para comprar os ingressos,<a href=\"https:\/\/parqueoschin.com.br\/ingressos\/\" target=\"_blank\" rel=\"noopener\"> clique aqui<\/a><\/p>\n<p><strong>Endere\u00e7o: <span class=\"LrzXr\">R. da Mantiqueira, 1460 &#8211; Monte Verde<\/span><\/strong><\/p>\n<p>&nbsp;<\/p>\n<h6 style=\"text-align: center;\"><strong>Andar de Cavalo<br \/>\n<img decoding=\"async\" loading=\"lazy\" class=\"alignnone wp-image-15784\" src=\"https:\/\/i0.wp.com\/duplagourmet.com.br\/wp-content\/uploads\/2025\/01\/passeio-a-cavalo-monte-verde.jpg?resize=800%2C1067\" alt=\"\" width=\"800\" height=\"1067\" srcset=\"https:\/\/i0.wp.com\/duplagourmet.com.br\/wp-content\/uploads\/2025\/01\/passeio-a-cavalo-monte-verde.jpg?w=768&amp;ssl=1 768w, https:\/\/i0.wp.com\/duplagourmet.com.br\/wp-content\/uploads\/2025\/01\/passeio-a-cavalo-monte-verde.jpg?resize=650%2C867&amp;ssl=1 650w\" sizes=\"(max-width: 800px) 100vw, 800px\" data-recalc-dims=\"1\" \/><br \/>\n<\/strong><\/h6>\n<p><img decoding=\"async\" loading=\"lazy\" class=\"alignnone wp-image-15779 size-full\" src=\"https:\/\/i0.wp.com\/duplagourmet.com.br\/wp-content\/uploads\/2025\/01\/monte-verde-dupla-gourmet.jpg?resize=800%2C1222\" alt=\"\" width=\"800\" height=\"1222\" srcset=\"https:\/\/i0.wp.com\/duplagourmet.com.br\/wp-content\/uploads\/2025\/01\/monte-verde-dupla-gourmet.jpg?w=838&amp;ssl=1 838w, https:\/\/i0.wp.com\/duplagourmet.com.br\/wp-content\/uploads\/2025\/01\/monte-verde-dupla-gourmet.jpg?resize=650%2C993&amp;ssl=1 650w\" sizes=\"(max-width: 800px) 100vw, 800px\" data-recalc-dims=\"1\" \/><\/p>\n<p><img decoding=\"async\" loading=\"lazy\" class=\"alignnone wp-image-15778 size-full\" src=\"https:\/\/i0.wp.com\/duplagourmet.com.br\/wp-content\/uploads\/2025\/01\/monte-verde-cavalo.jpg?resize=800%2C1067\" alt=\"\" width=\"800\" height=\"1067\" srcset=\"https:\/\/i0.wp.com\/duplagourmet.com.br\/wp-content\/uploads\/2025\/01\/monte-verde-cavalo.jpg?w=960&amp;ssl=1 960w, https:\/\/i0.wp.com\/duplagourmet.com.br\/wp-content\/uploads\/2025\/01\/monte-verde-cavalo.jpg?resize=650%2C867&amp;ssl=1 650w\" sizes=\"(max-width: 800px) 100vw, 800px\" data-recalc-dims=\"1\" \/><\/p>\n<p><img decoding=\"async\" loading=\"lazy\" class=\"alignnone wp-image-15780 size-full\" src=\"https:\/\/i0.wp.com\/duplagourmet.com.br\/wp-content\/uploads\/2025\/01\/passeio-a-cavalo-dupla.jpg?resize=800%2C1067\" alt=\"\" width=\"800\" height=\"1067\" srcset=\"https:\/\/i0.wp.com\/duplagourmet.com.br\/wp-content\/uploads\/2025\/01\/passeio-a-cavalo-dupla.jpg?w=960&amp;ssl=1 960w, https:\/\/i0.wp.com\/duplagourmet.com.br\/wp-content\/uploads\/2025\/01\/passeio-a-cavalo-dupla.jpg?resize=650%2C867&amp;ssl=1 650w\" sizes=\"(max-width: 800px) 100vw, 800px\" data-recalc-dims=\"1\" \/><\/p>\n<p>Aparentemente um passeio t\u00e3o bobo, mas de longe foi o que a nossa filha mais amou fazer!<br \/>\nContou para todo mundo o quanto era legal subir em cima do cavalo e queria literalmente trazer o cavalo para morar no nosso apartamento kkkkk<br \/>\nTudo o que o cavalo fazia, ela adorava hahaha<br \/>\nTem v\u00e1rios lugares para passear a cavalo na cidade, mas n\u00f3s vimos uns cavalos bem na entrada da cidade (no primeiro posto de gasolina a esquerda), e resolvemos parar por ali mesmo.<br \/>\nN\u00e3o tem recep\u00e7\u00e3o, nem nada, s\u00f3 uma rapazes com seus cavalos.<br \/>\nO passeio a cavalo custou R$70. Para nossa filha que s\u00f3 deu uma volta no quarteir\u00e3o com a gente mesmo levando o cavalo, achei meio caro rsrs, mas para adultos que est\u00e3o com tempo livre, que conseguem ir sozinhos no cavalo, o guia faz um super passeio pela cidade pelo mesmo valor.<\/p>\n<h6><\/h6>\n<h6 style=\"text-align: center;\"><strong>Andar no centrinho e aproveitar o parquinho do center celeiro<\/strong><img decoding=\"async\" loading=\"lazy\" class=\"alignnone wp-image-15787 size-full\" src=\"https:\/\/i0.wp.com\/duplagourmet.com.br\/wp-content\/uploads\/2025\/01\/center-celeiro.jpeg?resize=800%2C872\" alt=\"\" width=\"800\" height=\"872\" srcset=\"https:\/\/i0.wp.com\/duplagourmet.com.br\/wp-content\/uploads\/2025\/01\/center-celeiro.jpeg?w=1405&amp;ssl=1 1405w, https:\/\/i0.wp.com\/duplagourmet.com.br\/wp-content\/uploads\/2025\/01\/center-celeiro.jpeg?resize=650%2C708&amp;ssl=1 650w, https:\/\/i0.wp.com\/duplagourmet.com.br\/wp-content\/uploads\/2025\/01\/center-celeiro.jpeg?resize=1140%2C1242&amp;ssl=1 1140w\" sizes=\"(max-width: 800px) 100vw, 800px\" data-recalc-dims=\"1\" \/><\/h6>\n<p><img decoding=\"async\" loading=\"lazy\" class=\"alignnone wp-image-15785 size-full\" src=\"https:\/\/i0.wp.com\/duplagourmet.com.br\/wp-content\/uploads\/2025\/01\/center-celeiro-monte-verde.jpg?resize=800%2C1067\" alt=\"\" width=\"800\" height=\"1067\" srcset=\"https:\/\/i0.wp.com\/duplagourmet.com.br\/wp-content\/uploads\/2025\/01\/center-celeiro-monte-verde.jpg?w=1440&amp;ssl=1 1440w, https:\/\/i0.wp.com\/duplagourmet.com.br\/wp-content\/uploads\/2025\/01\/center-celeiro-monte-verde.jpg?resize=650%2C867&amp;ssl=1 650w, https:\/\/i0.wp.com\/duplagourmet.com.br\/wp-content\/uploads\/2025\/01\/center-celeiro-monte-verde.jpg?resize=1140%2C1520&amp;ssl=1 1140w, https:\/\/i0.wp.com\/duplagourmet.com.br\/wp-content\/uploads\/2025\/01\/center-celeiro-monte-verde.jpg?resize=1152%2C1536&amp;ssl=1 1152w\" sizes=\"(max-width: 800px) 100vw, 800px\" data-recalc-dims=\"1\" \/><\/p>\n<p>O centrinho de Monte Verde \u00e9 uma \u00fanica rua cheia de restaurantes, lojinhas e chocolaterias.<br \/>\nTudo \u00e9 muito charmoso, Laurinha amou ver as lojas cheias de meias, adorou ir na loja de sabonetes e comprar mini sabonetes em formato de frutas rsrs<br \/>\nE l\u00e1 mesmo na rua principal tem o Center Celeiro, um mini shopping pequeninho, mas que tem um parquinho no fundo.<br \/>\nN\u00e3o \u00e9 absurdamente LINDO e nem SUPER MODERNO rsrs, mas a Laurinha adorou.<br \/>\nTem balan\u00e7o, escorregador, uma mini casinha e um mini campo de golfe.<br \/>\nAhh e l\u00e1 no fundo sempre tem muito esquilinhos, \u00e9 bem legal para as crian\u00e7as verem.<br \/>\n<a href=\"https:\/\/www.instagram.com\/shoppingceleiro\/?hl=pt\" target=\"_blank\" rel=\"noopener\">Clique aqui para ver o instagram do Center Celeiro<\/a><\/p>\n<p><strong>Endere\u00e7o:<span class=\"w8qArf FoJoyf\">\u00a0<\/span><span class=\"LrzXr\">Av. Monte Verde, 743 &#8211; Monte Verde<\/span><\/strong><\/p>\n<h6 style=\"text-align: center;\"><strong>VillaLeta<br \/>\n<img decoding=\"async\" loading=\"lazy\" class=\"alignnone wp-image-15800 size-full\" src=\"https:\/\/i0.wp.com\/duplagourmet.com.br\/wp-content\/uploads\/2025\/01\/Drakkar.jpg?resize=800%2C533\" alt=\"\" width=\"800\" height=\"533\" srcset=\"https:\/\/i0.wp.com\/duplagourmet.com.br\/wp-content\/uploads\/2025\/01\/Drakkar.jpg?w=800&amp;ssl=1 800w, https:\/\/i0.wp.com\/duplagourmet.com.br\/wp-content\/uploads\/2025\/01\/Drakkar.jpg?resize=650%2C433&amp;ssl=1 650w\" sizes=\"(max-width: 800px) 100vw, 800px\" data-recalc-dims=\"1\" \/><\/strong><\/h6>\n<p><img decoding=\"async\" loading=\"lazy\" class=\"alignnone wp-image-15792 size-full\" src=\"https:\/\/i0.wp.com\/duplagourmet.com.br\/wp-content\/uploads\/2025\/01\/VILLALETA.jpeg?resize=800%2C533\" alt=\"\" width=\"800\" height=\"533\" srcset=\"https:\/\/i0.wp.com\/duplagourmet.com.br\/wp-content\/uploads\/2025\/01\/VILLALETA.jpeg?w=800&amp;ssl=1 800w, https:\/\/i0.wp.com\/duplagourmet.com.br\/wp-content\/uploads\/2025\/01\/VILLALETA.jpeg?resize=650%2C433&amp;ssl=1 650w\" sizes=\"(max-width: 800px) 100vw, 800px\" data-recalc-dims=\"1\" \/><\/p>\n<p><img decoding=\"async\" loading=\"lazy\" class=\"alignnone wp-image-15799 size-full\" src=\"https:\/\/i0.wp.com\/duplagourmet.com.br\/wp-content\/uploads\/2025\/01\/degustacao-hidro-mel.jpg?resize=800%2C533\" alt=\"\" width=\"800\" height=\"533\" srcset=\"https:\/\/i0.wp.com\/duplagourmet.com.br\/wp-content\/uploads\/2025\/01\/degustacao-hidro-mel.jpg?w=800&amp;ssl=1 800w, https:\/\/i0.wp.com\/duplagourmet.com.br\/wp-content\/uploads\/2025\/01\/degustacao-hidro-mel.jpg?resize=650%2C433&amp;ssl=1 650w\" sizes=\"(max-width: 800px) 100vw, 800px\" data-recalc-dims=\"1\" \/><\/p>\n<p><img decoding=\"async\" loading=\"lazy\" class=\"alignnone wp-image-15798 size-full\" src=\"https:\/\/i0.wp.com\/duplagourmet.com.br\/wp-content\/uploads\/2025\/01\/villaleta-monte-verde0002.jpg?resize=800%2C533\" alt=\"\" width=\"800\" height=\"533\" srcset=\"https:\/\/i0.wp.com\/duplagourmet.com.br\/wp-content\/uploads\/2025\/01\/villaleta-monte-verde0002.jpg?w=800&amp;ssl=1 800w, https:\/\/i0.wp.com\/duplagourmet.com.br\/wp-content\/uploads\/2025\/01\/villaleta-monte-verde0002.jpg?resize=650%2C433&amp;ssl=1 650w\" sizes=\"(max-width: 800px) 100vw, 800px\" data-recalc-dims=\"1\" \/><\/p>\n<p>Esse parque \u00e9 novo e fica bem no centrinho da cidade<br \/>\nEle \u00e9 todo tem\u00e1tico no tema viking, ent\u00e3o por l\u00e1 voc\u00ea encontra um sal\u00e3o bem legal de restaurante todo tem\u00e1tico, no jardim \u00e9 poss\u00edvel ver o barco viking, 2 S\u00e3o Bernado lind\u00edssimos que s\u00e3o do espa\u00e7o e super d\u00f3ceis, arco flecha e trilhas.<br \/>\nO espa\u00e7o \u00e9 do mesmo dono do Parque Oschin, ent\u00e3o se voc\u00ea j\u00e1 tiver comprado o ingresso do parque Oschin \u00e9 s\u00f3 mostrar na recep\u00e7\u00e3o e pagar R$20 a mais.<br \/>\nCaso voc\u00ea queira visitar somente o VillaLeta R$40 por adulto.<br \/>\nPara ver mais detalhes do parque ou para comprar os ingressos,<a href=\"https:\/\/parqueoschin.com.br\/ingressos\/\" target=\"_blank\" rel=\"noopener\"> clique aqui<\/a><\/p>\n<p><strong>Endere\u00e7o: Av. Sol Nascente, 269 &#8211; Monte Verde<\/strong><\/p>\n<h6 style=\"text-align: center;\"><strong>Visita as f\u00e1bricas de chocolate da cidade<br \/>\n<img decoding=\"async\" loading=\"lazy\" class=\"alignnone wp-image-15801 size-full\" src=\"https:\/\/i0.wp.com\/duplagourmet.com.br\/wp-content\/uploads\/2025\/01\/aaaaa.webp?resize=800%2C534\" alt=\"\" width=\"800\" height=\"534\" srcset=\"https:\/\/i0.wp.com\/duplagourmet.com.br\/wp-content\/uploads\/2025\/01\/aaaaa.webp?w=940&amp;ssl=1 940w, https:\/\/i0.wp.com\/duplagourmet.com.br\/wp-content\/uploads\/2025\/01\/aaaaa.webp?resize=650%2C434&amp;ssl=1 650w\" sizes=\"(max-width: 800px) 100vw, 800px\" data-recalc-dims=\"1\" \/><\/strong><\/h6>\n<p>&nbsp;<\/p>\n<h6 style=\"text-align: center;\"><img decoding=\"async\" loading=\"lazy\" class=\"alignnone wp-image-15789 size-full\" src=\"https:\/\/i0.wp.com\/duplagourmet.com.br\/wp-content\/uploads\/2025\/01\/chocolateria-monte-verde.jpg?resize=800%2C1067\" alt=\"\" width=\"800\" height=\"1067\" srcset=\"https:\/\/i0.wp.com\/duplagourmet.com.br\/wp-content\/uploads\/2025\/01\/chocolateria-monte-verde.jpg?w=960&amp;ssl=1 960w, https:\/\/i0.wp.com\/duplagourmet.com.br\/wp-content\/uploads\/2025\/01\/chocolateria-monte-verde.jpg?resize=650%2C867&amp;ssl=1 650w\" sizes=\"(max-width: 800px) 100vw, 800px\" data-recalc-dims=\"1\" \/><\/h6>\n<p><img decoding=\"async\" loading=\"lazy\" class=\"alignnone wp-image-15790 size-full\" src=\"https:\/\/i0.wp.com\/duplagourmet.com.br\/wp-content\/uploads\/2025\/01\/chocolates.jpg?resize=800%2C1067\" alt=\"\" width=\"800\" height=\"1067\" srcset=\"https:\/\/i0.wp.com\/duplagourmet.com.br\/wp-content\/uploads\/2025\/01\/chocolates.jpg?w=1440&amp;ssl=1 1440w, https:\/\/i0.wp.com\/duplagourmet.com.br\/wp-content\/uploads\/2025\/01\/chocolates.jpg?resize=650%2C867&amp;ssl=1 650w, https:\/\/i0.wp.com\/duplagourmet.com.br\/wp-content\/uploads\/2025\/01\/chocolates.jpg?resize=1140%2C1520&amp;ssl=1 1140w, https:\/\/i0.wp.com\/duplagourmet.com.br\/wp-content\/uploads\/2025\/01\/chocolates.jpg?resize=1152%2C1536&amp;ssl=1 1152w\" sizes=\"(max-width: 800px) 100vw, 800px\" data-recalc-dims=\"1\" \/><\/p>\n<p>A cidade \u00e9 cheia de fabricas de chocolate, os sabores dos chocolates s\u00e3o gostosos, mas a gra\u00e7a mesmo \u00e9 ver a produ\u00e7\u00e3o, ver chocolates em formatos diferentes como ferramentas, pirulitos de chocolate com personagens da Disney e etc<br \/>\nDessa vez fomos na chocolateria Monte Verde, mas j\u00e1 fomos tamb\u00e9m na Gressoney<\/p>\n<h6 style=\"text-align: center;\"><strong>Patina\u00e7\u00e3o no gelo<br \/>\n<img decoding=\"async\" loading=\"lazy\" class=\"alignnone wp-image-15774 size-full\" src=\"https:\/\/i0.wp.com\/duplagourmet.com.br\/wp-content\/uploads\/2025\/01\/Patinacao-no-gelo-monte-verde-.jpeg?resize=800%2C462\" alt=\"\" width=\"800\" height=\"462\" srcset=\"https:\/\/i0.wp.com\/duplagourmet.com.br\/wp-content\/uploads\/2025\/01\/Patinacao-no-gelo-monte-verde-.jpeg?w=1280&amp;ssl=1 1280w, https:\/\/i0.wp.com\/duplagourmet.com.br\/wp-content\/uploads\/2025\/01\/Patinacao-no-gelo-monte-verde-.jpeg?resize=650%2C375&amp;ssl=1 650w, https:\/\/i0.wp.com\/duplagourmet.com.br\/wp-content\/uploads\/2025\/01\/Patinacao-no-gelo-monte-verde-.jpeg?resize=1140%2C658&amp;ssl=1 1140w\" sizes=\"(max-width: 800px) 100vw, 800px\" data-recalc-dims=\"1\" \/><\/strong><\/h6>\n<p><img decoding=\"async\" loading=\"lazy\" class=\"alignnone wp-image-15775 size-full\" src=\"https:\/\/i0.wp.com\/duplagourmet.com.br\/wp-content\/uploads\/2025\/01\/patinacao-no-gelo-monte-verde-dupla-gourmet.jpeg?resize=800%2C600\" alt=\"\" width=\"800\" height=\"600\" srcset=\"https:\/\/i0.wp.com\/duplagourmet.com.br\/wp-content\/uploads\/2025\/01\/patinacao-no-gelo-monte-verde-dupla-gourmet.jpeg?w=1280&amp;ssl=1 1280w, https:\/\/i0.wp.com\/duplagourmet.com.br\/wp-content\/uploads\/2025\/01\/patinacao-no-gelo-monte-verde-dupla-gourmet.jpeg?resize=650%2C488&amp;ssl=1 650w, https:\/\/i0.wp.com\/duplagourmet.com.br\/wp-content\/uploads\/2025\/01\/patinacao-no-gelo-monte-verde-dupla-gourmet.jpeg?resize=1140%2C855&amp;ssl=1 1140w\" sizes=\"(max-width: 800px) 100vw, 800px\" data-recalc-dims=\"1\" \/><\/p>\n<p><img decoding=\"async\" loading=\"lazy\" class=\"alignnone wp-image-15773 size-full\" src=\"https:\/\/i0.wp.com\/duplagourmet.com.br\/wp-content\/uploads\/2025\/01\/patinacao-de-gelo-dupla-gourmet-1.jpeg?resize=800%2C532\" alt=\"\" width=\"800\" height=\"532\" srcset=\"https:\/\/i0.wp.com\/duplagourmet.com.br\/wp-content\/uploads\/2025\/01\/patinacao-de-gelo-dupla-gourmet-1.jpeg?w=1280&amp;ssl=1 1280w, https:\/\/i0.wp.com\/duplagourmet.com.br\/wp-content\/uploads\/2025\/01\/patinacao-de-gelo-dupla-gourmet-1.jpeg?resize=650%2C432&amp;ssl=1 650w, https:\/\/i0.wp.com\/duplagourmet.com.br\/wp-content\/uploads\/2025\/01\/patinacao-de-gelo-dupla-gourmet-1.jpeg?resize=1140%2C758&amp;ssl=1 1140w\" sizes=\"(max-width: 800px) 100vw, 800px\" data-recalc-dims=\"1\" \/><\/p>\n<p>Lembro de quando eu era crian\u00e7a e ia com meus pais em Monte Verde e a grande atra\u00e7\u00e3o para mim era ir patinar no gelo, achava algo muito in\u00e9dito e de fato para a \u00e9poca era.<br \/>\nEssa pista existe a d\u00e9cadas e \u00e9 um sucesso na cidade<br \/>\nDessa vez n\u00e3o conseguimos ir com a Laurinha, mas j\u00e1 fomos varias vezes l\u00e1 e \u00e9 sempre bem divertido<\/p>\n<p><strong>Endere\u00e7o: Av. Monte Verde 1463 &#8211; Monte Verde<\/strong><\/p>\n<p style=\"text-align: center;\"><strong><a href=\"https:\/\/www.instagram.com\/duplagourmet\/reel\/DFL0nyBS9se\/\" target=\"_blank\" rel=\"noopener\">Clique aqui para ver nosso v\u00eddeo com as dicas de Monte Verde\u00a0<\/a><\/strong><\/p>\n<p>Ahh e aproveite muito as Suites dos hot\u00e9is de Monte Verde, Quase todas por l\u00e1 tem banheira e lareira.<br \/>\nCompre marshmallow no palito e sabonetes divertidos no centrinho.<br \/>\nColoque um filminho e queime marshamallow com a crian\u00e7as na lareira e aproveite a banheira para brincar de piscininha, j\u00e1 que a maioria dos hot\u00e9is n\u00e3o tem piscina na cidade.<br \/>\nMonte Verde \u00e9 uma cidade muito charmosa e sempre quando vamos l\u00e1, sentimos nosso cora\u00e7\u00e3o quentinho. Espero que quando voc\u00ea for, tamb\u00e9m sinta isso. &gt;3<\/p>\n\n<div style=\"font-size: 0px; height: 0px; line-height: 0px; margin: 0; padding: 0; clear: both;\"><\/div>","protected":false},"excerpt":{"rendered":"<p>J\u00e1 fomos para Monte Verde no m\u00ednimo 10 vezes, j\u00e1 fomos comemorar nosso primeiro aniversario de casamento, j\u00e1 fomos a trabalho, j\u00e1 fomos para curtir um final de semana rom\u00e2ntico, mas nos \u00faltimos 3 anos, Monte Verde se tornou um destino para curtimos em fam\u00edlia. Nossa filha, j\u00e1 foi para l\u00e1 bebezinha, com 8 meses, [&hellip;]<\/p>\n","protected":false},"author":1,"featured_media":15784,"comment_status":"open","ping_status":"open","sticky":true,"template":"","format":"standard","meta":{"jetpack_post_was_ever_published":false,"_jetpack_newsletter_access":"","_jetpack_newsletter_tier_id":0},"categories":[236,225],"tags":[378,371,369,372,370,374,373,376,377,375],"yoast_head":"<!-- This site is optimized with the Yoast SEO plugin v20.2.1 - https:\/\/yoast.com\/wordpress\/plugins\/seo\/ -->\n<title>O que fazer em Monte Verde com crian\u00e7as -<\/title>\n<meta name=\"robots\" content=\"index, follow, max-snippet:-1, max-image-preview:large, max-video-preview:-1\" \/>\n<link rel=\"canonical\" href=\"https:\/\/duplagourmet.com.br\/index.php\/2025\/01\/24\/o-que-fazer-em-monte-verde-com-criancas\/\" \/>\n<meta property=\"og:locale\" content=\"pt_BR\" \/>\n<meta property=\"og:type\" content=\"article\" \/>\n<meta property=\"og:title\" content=\"O que fazer em Monte Verde com crian\u00e7as -\" \/>\n<meta property=\"og:description\" content=\"J\u00e1 fomos para Monte Verde no m\u00ednimo 10 vezes, j\u00e1 fomos comemorar nosso primeiro aniversario de casamento, j\u00e1 fomos a trabalho, j\u00e1 fomos para curtir um final de semana rom\u00e2ntico, mas nos \u00faltimos 3 anos, Monte Verde se tornou um destino para curtimos em fam\u00edlia. Nossa filha, j\u00e1 foi para l\u00e1 bebezinha, com 8 meses, [&hellip;]\" \/>\n<meta property=\"og:url\" content=\"https:\/\/duplagourmet.com.br\/index.php\/2025\/01\/24\/o-que-fazer-em-monte-verde-com-criancas\/\" \/>\n<meta property=\"article:publisher\" content=\"https:\/\/www.facebook.com\/duplagourmet\" \/>\n<meta property=\"article:published_time\" content=\"2025-01-24T01:40:12+00:00\" \/>\n<meta property=\"article:modified_time\" content=\"2025-02-04T13:17:38+00:00\" \/>\n<meta property=\"og:image\" content=\"https:\/\/i0.wp.com\/duplagourmet.com.br\/wp-content\/uploads\/2025\/01\/passeio-a-cavalo-monte-verde.jpg?fit=768%2C1024&ssl=1\" \/>\n\t<meta property=\"og:image:width\" content=\"768\" \/>\n\t<meta property=\"og:image:height\" content=\"1024\" \/>\n\t<meta property=\"og:image:type\" content=\"image\/jpeg\" \/>\n<meta name=\"author\" content=\"Lais Trov\u00e3o\" \/>\n<meta name=\"twitter:card\" content=\"summary_large_image\" \/>\n<meta name=\"twitter:creator\" content=\"@DuplaGourmet\" \/>\n<meta name=\"twitter:site\" content=\"@DuplaGourmet\" \/>\n<meta name=\"twitter:label1\" content=\"Escrito por\" \/>\n\t<meta name=\"twitter:data1\" content=\"Lais Trov\u00e3o\" \/>\n\t<meta name=\"twitter:label2\" content=\"Est. tempo de leitura\" \/>\n\t<meta name=\"twitter:data2\" content=\"10 minutos\" \/>\n<script type=\"application\/ld+json\" class=\"yoast-schema-graph\">{\"@context\":\"https:\/\/schema.org\",\"@graph\":[{\"@type\":\"Article\",\"@id\":\"https:\/\/duplagourmet.com.br\/index.php\/2025\/01\/24\/o-que-fazer-em-monte-verde-com-criancas\/#article\",\"isPartOf\":{\"@id\":\"https:\/\/duplagourmet.com.br\/index.php\/2025\/01\/24\/o-que-fazer-em-monte-verde-com-criancas\/\"},\"author\":{\"name\":\"Lais Trov\u00e3o\",\"@id\":\"https:\/\/duplagourmet.com.br\/#\/schema\/person\/888065adf1bf32ae6ab307c7362db9b1\"},\"headline\":\"O que fazer em Monte Verde com crian\u00e7as\",\"datePublished\":\"2025-01-24T01:40:12+00:00\",\"dateModified\":\"2025-02-04T13:17:38+00:00\",\"mainEntityOfPage\":{\"@id\":\"https:\/\/duplagourmet.com.br\/index.php\/2025\/01\/24\/o-que-fazer-em-monte-verde-com-criancas\/\"},\"wordCount\":905,\"commentCount\":0,\"publisher\":{\"@id\":\"https:\/\/duplagourmet.com.br\/#organization\"},\"keywords\":[\"andar de cavalo Monte Verde\",\"crian\u00e7as\",\"Monte Verde\",\"Monte Verde com crian\u00e7as\",\"Monteverde\",\"o que fazer com crian\u00e7as em Monte Verde\",\"o que fazer em monte verde\",\"parque oschin\",\"patina\u00e7\u00e3o no gelo\",\"villaleta\"],\"articleSection\":[\"Monte Verde\",\"Viagens\"],\"inLanguage\":\"pt-BR\",\"potentialAction\":[{\"@type\":\"CommentAction\",\"name\":\"Comment\",\"target\":[\"https:\/\/duplagourmet.com.br\/index.php\/2025\/01\/24\/o-que-fazer-em-monte-verde-com-criancas\/#respond\"]}]},{\"@type\":\"WebPage\",\"@id\":\"https:\/\/duplagourmet.com.br\/index.php\/2025\/01\/24\/o-que-fazer-em-monte-verde-com-criancas\/\",\"url\":\"https:\/\/duplagourmet.com.br\/index.php\/2025\/01\/24\/o-que-fazer-em-monte-verde-com-criancas\/\",\"name\":\"O que fazer em Monte Verde com crian\u00e7as -\",\"isPartOf\":{\"@id\":\"https:\/\/duplagourmet.com.br\/#website\"},\"datePublished\":\"2025-01-24T01:40:12+00:00\",\"dateModified\":\"2025-02-04T13:17:38+00:00\",\"breadcrumb\":{\"@id\":\"https:\/\/duplagourmet.com.br\/index.php\/2025\/01\/24\/o-que-fazer-em-monte-verde-com-criancas\/#breadcrumb\"},\"inLanguage\":\"pt-BR\",\"potentialAction\":[{\"@type\":\"ReadAction\",\"target\":[\"https:\/\/duplagourmet.com.br\/index.php\/2025\/01\/24\/o-que-fazer-em-monte-verde-com-criancas\/\"]}]},{\"@type\":\"BreadcrumbList\",\"@id\":\"https:\/\/duplagourmet.com.br\/index.php\/2025\/01\/24\/o-que-fazer-em-monte-verde-com-criancas\/#breadcrumb\",\"itemListElement\":[{\"@type\":\"ListItem\",\"position\":1,\"name\":\"In\u00edcio\",\"item\":\"https:\/\/duplagourmet.com.br\/\"},{\"@type\":\"ListItem\",\"position\":2,\"name\":\"O que fazer em Monte Verde com crian\u00e7as\"}]},{\"@type\":\"WebSite\",\"@id\":\"https:\/\/duplagourmet.com.br\/#website\",\"url\":\"https:\/\/duplagourmet.com.br\/\",\"name\":\"\",\"description\":\"Site de Gastronomia e Viagens\",\"publisher\":{\"@id\":\"https:\/\/duplagourmet.com.br\/#organization\"},\"potentialAction\":[{\"@type\":\"SearchAction\",\"target\":{\"@type\":\"EntryPoint\",\"urlTemplate\":\"https:\/\/duplagourmet.com.br\/?s={search_term_string}\"},\"query-input\":\"required name=search_term_string\"}],\"inLanguage\":\"pt-BR\"},{\"@type\":\"Organization\",\"@id\":\"https:\/\/duplagourmet.com.br\/#organization\",\"name\":\"Dupla Gourmet\",\"url\":\"https:\/\/duplagourmet.com.br\/\",\"logo\":{\"@type\":\"ImageObject\",\"inLanguage\":\"pt-BR\",\"@id\":\"https:\/\/duplagourmet.com.br\/#\/schema\/logo\/image\/\",\"url\":\"https:\/\/i0.wp.com\/duplagourmet.com.br\/wp-content\/uploads\/2015\/07\/LOGO.jpg?fit=2120%2C1193&ssl=1\",\"contentUrl\":\"https:\/\/i0.wp.com\/duplagourmet.com.br\/wp-content\/uploads\/2015\/07\/LOGO.jpg?fit=2120%2C1193&ssl=1\",\"width\":2120,\"height\":1193,\"caption\":\"Dupla Gourmet\"},\"image\":{\"@id\":\"https:\/\/duplagourmet.com.br\/#\/schema\/logo\/image\/\"},\"sameAs\":[\"https:\/\/www.facebook.com\/duplagourmet\",\"https:\/\/twitter.com\/DuplaGourmet\",\"https:\/\/instagram.com\/duplagourmet\/\"]},{\"@type\":\"Person\",\"@id\":\"https:\/\/duplagourmet.com.br\/#\/schema\/person\/888065adf1bf32ae6ab307c7362db9b1\",\"name\":\"Lais Trov\u00e3o\",\"image\":{\"@type\":\"ImageObject\",\"inLanguage\":\"pt-BR\",\"@id\":\"https:\/\/duplagourmet.com.br\/#\/schema\/person\/image\/\",\"url\":\"https:\/\/secure.gravatar.com\/avatar\/21dda7f6b6103bd096caaf547327b1d9?s=96&d=mm&r=g\",\"contentUrl\":\"https:\/\/secure.gravatar.com\/avatar\/21dda7f6b6103bd096caaf547327b1d9?s=96&d=mm&r=g\",\"caption\":\"Lais Trov\u00e3o\"},\"sameAs\":[\"http:\/\/duplagourmet.com.br\/\"],\"url\":\"https:\/\/duplagourmet.com.br\/index.php\/author\/lais_divinohotmail-com\/\"}]}<\/script>\n<!-- \/ Yoast SEO plugin. -->","yoast_head_json":{"title":"O que fazer em Monte Verde com crian\u00e7as -","robots":{"index":"index","follow":"follow","max-snippet":"max-snippet:-1","max-image-preview":"max-image-preview:large","max-video-preview":"max-video-preview:-1"},"canonical":"https:\/\/duplagourmet.com.br\/index.php\/2025\/01\/24\/o-que-fazer-em-monte-verde-com-criancas\/","og_locale":"pt_BR","og_type":"article","og_title":"O que fazer em Monte Verde com crian\u00e7as -","og_description":"J\u00e1 fomos para Monte Verde no m\u00ednimo 10 vezes, j\u00e1 fomos comemorar nosso primeiro aniversario de casamento, j\u00e1 fomos a trabalho, j\u00e1 fomos para curtir um final de semana rom\u00e2ntico, mas nos \u00faltimos 3 anos, Monte Verde se tornou um destino para curtimos em fam\u00edlia. Nossa filha, j\u00e1 foi para l\u00e1 bebezinha, com 8 meses, [&hellip;]","og_url":"https:\/\/duplagourmet.com.br\/index.php\/2025\/01\/24\/o-que-fazer-em-monte-verde-com-criancas\/","article_publisher":"https:\/\/www.facebook.com\/duplagourmet","article_published_time":"2025-01-24T01:40:12+00:00","article_modified_time":"2025-02-04T13:17:38+00:00","og_image":[{"width":768,"height":1024,"url":"https:\/\/i0.wp.com\/duplagourmet.com.br\/wp-content\/uploads\/2025\/01\/passeio-a-cavalo-monte-verde.jpg?fit=768%2C1024&ssl=1","type":"image\/jpeg"}],"author":"Lais Trov\u00e3o","twitter_card":"summary_large_image","twitter_creator":"@DuplaGourmet","twitter_site":"@DuplaGourmet","twitter_misc":{"Escrito por":"Lais Trov\u00e3o","Est. tempo de leitura":"10 minutos"},"schema":{"@context":"https:\/\/schema.org","@graph":[{"@type":"Article","@id":"https:\/\/duplagourmet.com.br\/index.php\/2025\/01\/24\/o-que-fazer-em-monte-verde-com-criancas\/#article","isPartOf":{"@id":"https:\/\/duplagourmet.com.br\/index.php\/2025\/01\/24\/o-que-fazer-em-monte-verde-com-criancas\/"},"author":{"name":"Lais Trov\u00e3o","@id":"https:\/\/duplagourmet.com.br\/#\/schema\/person\/888065adf1bf32ae6ab307c7362db9b1"},"headline":"O que fazer em Monte Verde com crian\u00e7as","datePublished":"2025-01-24T01:40:12+00:00","dateModified":"2025-02-04T13:17:38+00:00","mainEntityOfPage":{"@id":"https:\/\/duplagourmet.com.br\/index.php\/2025\/01\/24\/o-que-fazer-em-monte-verde-com-criancas\/"},"wordCount":905,"commentCount":0,"publisher":{"@id":"https:\/\/duplagourmet.com.br\/#organization"},"keywords":["andar de cavalo Monte Verde","crian\u00e7as","Monte Verde","Monte Verde com crian\u00e7as","Monteverde","o que fazer com crian\u00e7as em Monte Verde","o que fazer em monte verde","parque oschin","patina\u00e7\u00e3o no gelo","villaleta"],"articleSection":["Monte Verde","Viagens"],"inLanguage":"pt-BR","potentialAction":[{"@type":"CommentAction","name":"Comment","target":["https:\/\/duplagourmet.com.br\/index.php\/2025\/01\/24\/o-que-fazer-em-monte-verde-com-criancas\/#respond"]}]},{"@type":"WebPage","@id":"https:\/\/duplagourmet.com.br\/index.php\/2025\/01\/24\/o-que-fazer-em-monte-verde-com-criancas\/","url":"https:\/\/duplagourmet.com.br\/index.php\/2025\/01\/24\/o-que-fazer-em-monte-verde-com-criancas\/","name":"O que fazer em Monte Verde com crian\u00e7as -","isPartOf":{"@id":"https:\/\/duplagourmet.com.br\/#website"},"datePublished":"2025-01-24T01:40:12+00:00","dateModified":"2025-02-04T13:17:38+00:00","breadcrumb":{"@id":"https:\/\/duplagourmet.com.br\/index.php\/2025\/01\/24\/o-que-fazer-em-monte-verde-com-criancas\/#breadcrumb"},"inLanguage":"pt-BR","potentialAction":[{"@type":"ReadAction","target":["https:\/\/duplagourmet.com.br\/index.php\/2025\/01\/24\/o-que-fazer-em-monte-verde-com-criancas\/"]}]},{"@type":"BreadcrumbList","@id":"https:\/\/duplagourmet.com.br\/index.php\/2025\/01\/24\/o-que-fazer-em-monte-verde-com-criancas\/#breadcrumb","itemListElement":[{"@type":"ListItem","position":1,"name":"In\u00edcio","item":"https:\/\/duplagourmet.com.br\/"},{"@type":"ListItem","position":2,"name":"O que fazer em Monte Verde com crian\u00e7as"}]},{"@type":"WebSite","@id":"https:\/\/duplagourmet.com.br\/#website","url":"https:\/\/duplagourmet.com.br\/","name":"","description":"Site de Gastronomia e Viagens","publisher":{"@id":"https:\/\/duplagourmet.com.br\/#organization"},"potentialAction":[{"@type":"SearchAction","target":{"@type":"EntryPoint","urlTemplate":"https:\/\/duplagourmet.com.br\/?s={search_term_string}"},"query-input":"required name=search_term_string"}],"inLanguage":"pt-BR"},{"@type":"Organization","@id":"https:\/\/duplagourmet.com.br\/#organization","name":"Dupla Gourmet","url":"https:\/\/duplagourmet.com.br\/","logo":{"@type":"ImageObject","inLanguage":"pt-BR","@id":"https:\/\/duplagourmet.com.br\/#\/schema\/logo\/image\/","url":"https:\/\/i0.wp.com\/duplagourmet.com.br\/wp-content\/uploads\/2015\/07\/LOGO.jpg?fit=2120%2C1193&ssl=1","contentUrl":"https:\/\/i0.wp.com\/duplagourmet.com.br\/wp-content\/uploads\/2015\/07\/LOGO.jpg?fit=2120%2C1193&ssl=1","width":2120,"height":1193,"caption":"Dupla Gourmet"},"image":{"@id":"https:\/\/duplagourmet.com.br\/#\/schema\/logo\/image\/"},"sameAs":["https:\/\/www.facebook.com\/duplagourmet","https:\/\/twitter.com\/DuplaGourmet","https:\/\/instagram.com\/duplagourmet\/"]},{"@type":"Person","@id":"https:\/\/duplagourmet.com.br\/#\/schema\/person\/888065adf1bf32ae6ab307c7362db9b1","name":"Lais Trov\u00e3o","image":{"@type":"ImageObject","inLanguage":"pt-BR","@id":"https:\/\/duplagourmet.com.br\/#\/schema\/person\/image\/","url":"https:\/\/secure.gravatar.com\/avatar\/21dda7f6b6103bd096caaf547327b1d9?s=96&d=mm&r=g","contentUrl":"https:\/\/secure.gravatar.com\/avatar\/21dda7f6b6103bd096caaf547327b1d9?s=96&d=mm&r=g","caption":"Lais Trov\u00e3o"},"sameAs":["http:\/\/duplagourmet.com.br\/"],"url":"https:\/\/duplagourmet.com.br\/index.php\/author\/lais_divinohotmail-com\/"}]}},"jetpack_sharing_enabled":true,"jetpack_featured_media_url":"https:\/\/i0.wp.com\/duplagourmet.com.br\/wp-content\/uploads\/2025\/01\/passeio-a-cavalo-monte-verde.jpg?fit=768%2C1024&ssl=1","jetpack_shortlink":"https:\/\/wp.me\/p67KK6-46m","_links":{"self":[{"href":"https:\/\/duplagourmet.com.br\/index.php\/wp-json\/wp\/v2\/posts\/15770"}],"collection":[{"href":"https:\/\/duplagourmet.com.br\/index.php\/wp-json\/wp\/v2\/posts"}],"about":[{"href":"https:\/\/duplagourmet.com.br\/index.php\/wp-json\/wp\/v2\/types\/post"}],"author":[{"embeddable":true,"href":"https:\/\/duplagourmet.com.br\/index.php\/wp-json\/wp\/v2\/users\/1"}],"replies":[{"embeddable":true,"href":"https:\/\/duplagourmet.com.br\/index.php\/wp-json\/wp\/v2\/comments?post=15770"}],"version-history":[{"count":2,"href":"https:\/\/duplagourmet.com.br\/index.php\/wp-json\/wp\/v2\/posts\/15770\/revisions"}],"predecessor-version":[{"id":15803,"href":"https:\/\/duplagourmet.com.br\/index.php\/wp-json\/wp\/v2\/posts\/15770\/revisions\/15803"}],"wp:featuredmedia":[{"embeddable":true,"href":"https:\/\/duplagourmet.com.br\/index.php\/wp-json\/wp\/v2\/media\/15784"}],"wp:attachment":[{"href":"https:\/\/duplagourmet.com.br\/index.php\/wp-json\/wp\/v2\/media?parent=15770"}],"wp:term":[{"taxonomy":"category","embeddable":true,"href":"https:\/\/duplagourmet.com.br\/index.php\/wp-json\/wp\/v2\/categories?post=15770"},{"taxonomy":"post_tag","embeddable":true,"href":"https:\/\/duplagourmet.com.br\/index.php\/wp-json\/wp\/v2\/tags?post=15770"}],"curies":[{"name":"wp","href":"https:\/\/api.w.org\/{rel}","templated":true}]}}