{"id":15334,"date":"2022-04-17T00:46:06","date_gmt":"2022-04-17T00:46:06","guid":{"rendered":"http:\/\/duplagourmet.com.br\/?p=15334"},"modified":"2022-04-17T00:46:06","modified_gmt":"2022-04-17T00:46:06","slug":"linha-de-pascoa-da-ofner-e-a-queridinha-deste-ano","status":"publish","type":"post","link":"https:\/\/duplagourmet.com.br\/index.php\/2022\/04\/17\/linha-de-pascoa-da-ofner-e-a-queridinha-deste-ano\/","title":{"rendered":"Linha de p\u00e1scoa da Ofner \u00e9 a queridinha deste ano"},"content":{"rendered":"<div class=\"b9dff54adce98ec77fa605695a7c2382\" data-index=\"1\" style=\"float: right; margin:10px 0 10px 10px;\">\n<script async src=\"\/\/pagead2.googlesyndication.com\/pagead\/js\/adsbygoogle.js\"><\/script>\r\n<!-- Dupla -->\r\n<ins class=\"adsbygoogle\"\r\n     style=\"display:inline-block;width:336px;height:280px\"\r\n     data-ad-client=\"ca-pub-5223135331964240\"\r\n     data-ad-slot=\"1820166419\"><\/ins>\r\n<script>\r\n(adsbygoogle = window.adsbygoogle || []).push({});\r\n<\/script>\n<\/div>\n<p>Como amamos a p\u00e1scoa!<br \/>\nOvos de chocolate para todo lado, receitas maravilhosas, fam\u00edlia reunida e muitos presentes comest\u00edveis rsrs.<br \/>\nFalando s\u00e9rio, sempre ficamos encantados com as novidades e criatividades gastron\u00f4micas que sempre surgem nessa \u00e9poca.<br \/>\nMas existem lugares que al\u00e9m de inovar, s\u00e3o tradicionais, criam hist\u00f3rias, mem\u00f3rias e mantem uma qualidade impec\u00e1vel todos os anos.<br \/>\nAssim \u00e9 com a Ofner, um dos nossos lugares favoritos para comemorar essa \u00e9poca.<br \/>\nFomos conhecer a linha de p\u00e1scoa 2022 e ficamos apaixonados.<\/p>\n<p><img decoding=\"async\" loading=\"lazy\" class=\"alignnone wp-image-15366 size-full\" src=\"https:\/\/i0.wp.com\/duplagourmet.com.br\/wp-content\/uploads\/2022\/04\/CRI02804.jpg?resize=800%2C533\" alt=\"\" width=\"800\" height=\"533\" srcset=\"https:\/\/i0.wp.com\/duplagourmet.com.br\/wp-content\/uploads\/2022\/04\/CRI02804.jpg?w=1280&amp;ssl=1 1280w, https:\/\/i0.wp.com\/duplagourmet.com.br\/wp-content\/uploads\/2022\/04\/CRI02804.jpg?resize=650%2C433&amp;ssl=1 650w, https:\/\/i0.wp.com\/duplagourmet.com.br\/wp-content\/uploads\/2022\/04\/CRI02804.jpg?resize=1140%2C760&amp;ssl=1 1140w\" sizes=\"(max-width: 800px) 100vw, 800px\" data-recalc-dims=\"1\" \/><\/p>\n<p><img decoding=\"async\" loading=\"lazy\" class=\"alignnone wp-image-15361 size-full\" src=\"https:\/\/i0.wp.com\/duplagourmet.com.br\/wp-content\/uploads\/2022\/04\/CRI02790.jpg?resize=800%2C533\" alt=\"\" width=\"800\" height=\"533\" srcset=\"https:\/\/i0.wp.com\/duplagourmet.com.br\/wp-content\/uploads\/2022\/04\/CRI02790.jpg?w=1280&amp;ssl=1 1280w, https:\/\/i0.wp.com\/duplagourmet.com.br\/wp-content\/uploads\/2022\/04\/CRI02790.jpg?resize=650%2C433&amp;ssl=1 650w, https:\/\/i0.wp.com\/duplagourmet.com.br\/wp-content\/uploads\/2022\/04\/CRI02790.jpg?resize=1140%2C760&amp;ssl=1 1140w\" sizes=\"(max-width: 800px) 100vw, 800px\" data-recalc-dims=\"1\" \/><\/p>\n<p><img decoding=\"async\" loading=\"lazy\" class=\"alignnone wp-image-15369 size-full\" src=\"https:\/\/i0.wp.com\/duplagourmet.com.br\/wp-content\/uploads\/2022\/04\/CRI02814.jpg?resize=800%2C533\" alt=\"\" width=\"800\" height=\"533\" srcset=\"https:\/\/i0.wp.com\/duplagourmet.com.br\/wp-content\/uploads\/2022\/04\/CRI02814.jpg?w=1280&amp;ssl=1 1280w, https:\/\/i0.wp.com\/duplagourmet.com.br\/wp-content\/uploads\/2022\/04\/CRI02814.jpg?resize=650%2C433&amp;ssl=1 650w, https:\/\/i0.wp.com\/duplagourmet.com.br\/wp-content\/uploads\/2022\/04\/CRI02814.jpg?resize=1140%2C760&amp;ssl=1 1140w\" sizes=\"(max-width: 800px) 100vw, 800px\" data-recalc-dims=\"1\" \/><\/p>\n<p><img decoding=\"async\" loading=\"lazy\" class=\"alignnone wp-image-15390 size-full\" src=\"https:\/\/i0.wp.com\/duplagourmet.com.br\/wp-content\/uploads\/2022\/04\/CRI02829.jpg?resize=800%2C534\" alt=\"\" width=\"800\" height=\"534\" srcset=\"https:\/\/i0.wp.com\/duplagourmet.com.br\/wp-content\/uploads\/2022\/04\/CRI02829.jpg?w=1024&amp;ssl=1 1024w, https:\/\/i0.wp.com\/duplagourmet.com.br\/wp-content\/uploads\/2022\/04\/CRI02829.jpg?resize=650%2C434&amp;ssl=1 650w\" sizes=\"(max-width: 800px) 100vw, 800px\" data-recalc-dims=\"1\" \/><\/p>\n<p>Dessa vez fomos na unidade do Itaim Bibi, j\u00e1 t\u00ednhamos ido algumas vezes l\u00e1.<br \/>\nMas a loja esta ainda mais linda, reformada e com uma identidade visual maravilhosa.<br \/>\nO catalogo de p\u00e1scoa esta enorme, s\u00e3o mais de 20 produtos especiais.<br \/>\nAs novidades desse ano s\u00e3o os ovos de noz pecan com doce de leite (R$139), o Du Chef Trio Tarteletes (R$89), a Paloma Choco Nut e o jogo da mem\u00f3ria (R$89).<br \/>\nO ovo de doce de leite vem com nozes pecan bem crocante e agridoce. Perfeito!<br \/>\nO jogo da mem\u00f3ria \u00e9 composto por mini tabletes de chocolate ao leite com figuras do tema P\u00e1scoa. Acompanha jogo da mem\u00f3ria.<br \/>\nE o Du Chef Trio Tarteletes \u00e9 um trio de ovos com chocolate crocante e recheio de ganache de frutas: maracuj\u00e1, lim\u00e3o e laranja.<br \/>\nTodos impec\u00e1veis.<\/p>\n<p><img decoding=\"async\" loading=\"lazy\" class=\"alignnone wp-image-15357 size-full\" src=\"https:\/\/i0.wp.com\/duplagourmet.com.br\/wp-content\/uploads\/2022\/04\/CRI02782.jpg?resize=800%2C533\" alt=\"\" width=\"800\" height=\"533\" srcset=\"https:\/\/i0.wp.com\/duplagourmet.com.br\/wp-content\/uploads\/2022\/04\/CRI02782.jpg?w=1280&amp;ssl=1 1280w, https:\/\/i0.wp.com\/duplagourmet.com.br\/wp-content\/uploads\/2022\/04\/CRI02782.jpg?resize=650%2C433&amp;ssl=1 650w, https:\/\/i0.wp.com\/duplagourmet.com.br\/wp-content\/uploads\/2022\/04\/CRI02782.jpg?resize=1140%2C760&amp;ssl=1 1140w\" sizes=\"(max-width: 800px) 100vw, 800px\" data-recalc-dims=\"1\" \/><\/p>\n<p><img decoding=\"async\" loading=\"lazy\" class=\"alignnone wp-image-15355 size-full\" src=\"https:\/\/i0.wp.com\/duplagourmet.com.br\/wp-content\/uploads\/2022\/04\/CRI02776.jpg?resize=800%2C533\" alt=\"\" width=\"800\" height=\"533\" srcset=\"https:\/\/i0.wp.com\/duplagourmet.com.br\/wp-content\/uploads\/2022\/04\/CRI02776.jpg?w=1280&amp;ssl=1 1280w, https:\/\/i0.wp.com\/duplagourmet.com.br\/wp-content\/uploads\/2022\/04\/CRI02776.jpg?resize=650%2C433&amp;ssl=1 650w, https:\/\/i0.wp.com\/duplagourmet.com.br\/wp-content\/uploads\/2022\/04\/CRI02776.jpg?resize=1140%2C760&amp;ssl=1 1140w\" sizes=\"(max-width: 800px) 100vw, 800px\" data-recalc-dims=\"1\" \/><\/p>\n<p><img decoding=\"async\" loading=\"lazy\" class=\"alignnone wp-image-15350 size-full\" src=\"https:\/\/i0.wp.com\/duplagourmet.com.br\/wp-content\/uploads\/2022\/04\/CRI02767.jpg?resize=800%2C534\" alt=\"\" width=\"800\" height=\"534\" srcset=\"https:\/\/i0.wp.com\/duplagourmet.com.br\/wp-content\/uploads\/2022\/04\/CRI02767.jpg?w=1024&amp;ssl=1 1024w, https:\/\/i0.wp.com\/duplagourmet.com.br\/wp-content\/uploads\/2022\/04\/CRI02767.jpg?resize=650%2C434&amp;ssl=1 650w\" sizes=\"(max-width: 800px) 100vw, 800px\" data-recalc-dims=\"1\" \/><\/p>\n<p><img decoding=\"async\" loading=\"lazy\" class=\"alignnone wp-image-15352 size-full\" src=\"https:\/\/i0.wp.com\/duplagourmet.com.br\/wp-content\/uploads\/2022\/04\/CRI02770.jpg?resize=800%2C534\" alt=\"\" width=\"800\" height=\"534\" srcset=\"https:\/\/i0.wp.com\/duplagourmet.com.br\/wp-content\/uploads\/2022\/04\/CRI02770.jpg?w=1024&amp;ssl=1 1024w, https:\/\/i0.wp.com\/duplagourmet.com.br\/wp-content\/uploads\/2022\/04\/CRI02770.jpg?resize=650%2C434&amp;ssl=1 650w\" sizes=\"(max-width: 800px) 100vw, 800px\" data-recalc-dims=\"1\" \/><\/p>\n<p><img decoding=\"async\" loading=\"lazy\" class=\"alignnone wp-image-15347 size-full\" src=\"https:\/\/i0.wp.com\/duplagourmet.com.br\/wp-content\/uploads\/2022\/04\/CRI02753.jpg?resize=800%2C533\" alt=\"\" width=\"800\" height=\"533\" srcset=\"https:\/\/i0.wp.com\/duplagourmet.com.br\/wp-content\/uploads\/2022\/04\/CRI02753.jpg?w=1280&amp;ssl=1 1280w, https:\/\/i0.wp.com\/duplagourmet.com.br\/wp-content\/uploads\/2022\/04\/CRI02753.jpg?resize=650%2C433&amp;ssl=1 650w, https:\/\/i0.wp.com\/duplagourmet.com.br\/wp-content\/uploads\/2022\/04\/CRI02753.jpg?resize=1140%2C760&amp;ssl=1 1140w\" sizes=\"(max-width: 800px) 100vw, 800px\" data-recalc-dims=\"1\" \/><\/p>\n<p><img decoding=\"async\" loading=\"lazy\" class=\"alignnone wp-image-15345 size-full\" src=\"https:\/\/i0.wp.com\/duplagourmet.com.br\/wp-content\/uploads\/2022\/04\/CRI02748.jpg?resize=800%2C533\" alt=\"\" width=\"800\" height=\"533\" srcset=\"https:\/\/i0.wp.com\/duplagourmet.com.br\/wp-content\/uploads\/2022\/04\/CRI02748.jpg?w=1280&amp;ssl=1 1280w, https:\/\/i0.wp.com\/duplagourmet.com.br\/wp-content\/uploads\/2022\/04\/CRI02748.jpg?resize=650%2C433&amp;ssl=1 650w, https:\/\/i0.wp.com\/duplagourmet.com.br\/wp-content\/uploads\/2022\/04\/CRI02748.jpg?resize=1140%2C760&amp;ssl=1 1140w\" sizes=\"(max-width: 800px) 100vw, 800px\" data-recalc-dims=\"1\" \/><\/p>\n<p><img decoding=\"async\" loading=\"lazy\" class=\"alignnone wp-image-15348 size-full\" src=\"https:\/\/i0.wp.com\/duplagourmet.com.br\/wp-content\/uploads\/2022\/04\/CRI02760.jpg?resize=800%2C534\" alt=\"\" width=\"800\" height=\"534\" srcset=\"https:\/\/i0.wp.com\/duplagourmet.com.br\/wp-content\/uploads\/2022\/04\/CRI02760.jpg?w=1024&amp;ssl=1 1024w, https:\/\/i0.wp.com\/duplagourmet.com.br\/wp-content\/uploads\/2022\/04\/CRI02760.jpg?resize=650%2C434&amp;ssl=1 650w\" sizes=\"(max-width: 800px) 100vw, 800px\" data-recalc-dims=\"1\" \/><\/p>\n<p><img decoding=\"async\" loading=\"lazy\" class=\"alignnone wp-image-15341 size-full\" src=\"https:\/\/i0.wp.com\/duplagourmet.com.br\/wp-content\/uploads\/2022\/04\/CRI02734.jpg?resize=800%2C533\" alt=\"\" width=\"800\" height=\"533\" srcset=\"https:\/\/i0.wp.com\/duplagourmet.com.br\/wp-content\/uploads\/2022\/04\/CRI02734.jpg?w=1280&amp;ssl=1 1280w, https:\/\/i0.wp.com\/duplagourmet.com.br\/wp-content\/uploads\/2022\/04\/CRI02734.jpg?resize=650%2C433&amp;ssl=1 650w, https:\/\/i0.wp.com\/duplagourmet.com.br\/wp-content\/uploads\/2022\/04\/CRI02734.jpg?resize=1140%2C760&amp;ssl=1 1140w\" sizes=\"(max-width: 800px) 100vw, 800px\" data-recalc-dims=\"1\" \/><\/p>\n<p><img decoding=\"async\" loading=\"lazy\" class=\"alignnone wp-image-15342 size-full\" src=\"https:\/\/i0.wp.com\/duplagourmet.com.br\/wp-content\/uploads\/2022\/04\/CRI02738.jpg?resize=800%2C533\" alt=\"\" width=\"800\" height=\"533\" srcset=\"https:\/\/i0.wp.com\/duplagourmet.com.br\/wp-content\/uploads\/2022\/04\/CRI02738.jpg?w=1280&amp;ssl=1 1280w, https:\/\/i0.wp.com\/duplagourmet.com.br\/wp-content\/uploads\/2022\/04\/CRI02738.jpg?resize=650%2C433&amp;ssl=1 650w, https:\/\/i0.wp.com\/duplagourmet.com.br\/wp-content\/uploads\/2022\/04\/CRI02738.jpg?resize=1140%2C760&amp;ssl=1 1140w\" sizes=\"(max-width: 800px) 100vw, 800px\" data-recalc-dims=\"1\" \/><\/p>\n<p><img decoding=\"async\" loading=\"lazy\" class=\"alignnone wp-image-15340 size-full\" src=\"https:\/\/i0.wp.com\/duplagourmet.com.br\/wp-content\/uploads\/2022\/04\/CRI02733.jpg?resize=800%2C533\" alt=\"\" width=\"800\" height=\"533\" srcset=\"https:\/\/i0.wp.com\/duplagourmet.com.br\/wp-content\/uploads\/2022\/04\/CRI02733.jpg?w=1280&amp;ssl=1 1280w, https:\/\/i0.wp.com\/duplagourmet.com.br\/wp-content\/uploads\/2022\/04\/CRI02733.jpg?resize=650%2C433&amp;ssl=1 650w, https:\/\/i0.wp.com\/duplagourmet.com.br\/wp-content\/uploads\/2022\/04\/CRI02733.jpg?resize=1140%2C760&amp;ssl=1 1140w\" sizes=\"(max-width: 800px) 100vw, 800px\" data-recalc-dims=\"1\" \/><\/p>\n<p><img decoding=\"async\" loading=\"lazy\" class=\"alignnone wp-image-15393 size-full\" src=\"https:\/\/i0.wp.com\/duplagourmet.com.br\/wp-content\/uploads\/2022\/04\/CRI02848.jpg?resize=800%2C534\" alt=\"\" width=\"800\" height=\"534\" srcset=\"https:\/\/i0.wp.com\/duplagourmet.com.br\/wp-content\/uploads\/2022\/04\/CRI02848.jpg?w=1024&amp;ssl=1 1024w, https:\/\/i0.wp.com\/duplagourmet.com.br\/wp-content\/uploads\/2022\/04\/CRI02848.jpg?resize=650%2C434&amp;ssl=1 650w\" sizes=\"(max-width: 800px) 100vw, 800px\" data-recalc-dims=\"1\" \/><\/p>\n<p>Hora de ir embora desse\u00a0para\u00edso rsrs.<br \/>\nE a decis\u00e3o mais\u00a0dif\u00edcil foi escolher qual levar para casa, mas fomos fortes e escolhemos tr\u00eas\u00a0op\u00e7\u00f5es que amamos.<br \/>\nResolvemos levar uma Paloma Choco Nut 1kg (R$99), o ovo de p\u00e1scoa Choco Nut 400g (R$159) e o Jogo da mem\u00f3ria 90g (R$89).<br \/>\nO ovo Choco Nut \u00e9 um esc\u00e2ndalo de bom! Ele \u00e9 recheado com uma generosa camada de creme de avel\u00e3 envolto por casca crocante de chocolate ao leite com peda\u00e7os de avel\u00e3.<br \/>\nA Paloma \u00e9 bem macia, \u00a0feita em\u00a0fermenta\u00e7\u00e3o natural com gotas de chocolate ao leite, recheado com creme de chocolate com avel\u00e3, cobertura de chocolate ao leite e decorado com flocos de chocolate ao leite. Tem como ser ruim?!<\/p>\n<p><img decoding=\"async\" loading=\"lazy\" class=\"alignnone wp-image-15377 size-full\" src=\"https:\/\/i0.wp.com\/duplagourmet.com.br\/wp-content\/uploads\/2022\/04\/CRI02897.jpg?resize=800%2C533\" alt=\"\" width=\"800\" height=\"533\" srcset=\"https:\/\/i0.wp.com\/duplagourmet.com.br\/wp-content\/uploads\/2022\/04\/CRI02897.jpg?w=1024&amp;ssl=1 1024w, https:\/\/i0.wp.com\/duplagourmet.com.br\/wp-content\/uploads\/2022\/04\/CRI02897.jpg?resize=650%2C433&amp;ssl=1 650w\" sizes=\"(max-width: 800px) 100vw, 800px\" data-recalc-dims=\"1\" \/><\/p>\n<p><img decoding=\"async\" loading=\"lazy\" class=\"alignnone wp-image-15374 size-full\" src=\"https:\/\/i0.wp.com\/duplagourmet.com.br\/wp-content\/uploads\/2022\/04\/CRI02879.jpg?resize=800%2C533\" alt=\"\" width=\"800\" height=\"533\" srcset=\"https:\/\/i0.wp.com\/duplagourmet.com.br\/wp-content\/uploads\/2022\/04\/CRI02879.jpg?w=1024&amp;ssl=1 1024w, https:\/\/i0.wp.com\/duplagourmet.com.br\/wp-content\/uploads\/2022\/04\/CRI02879.jpg?resize=650%2C433&amp;ssl=1 650w\" sizes=\"(max-width: 800px) 100vw, 800px\" data-recalc-dims=\"1\" \/><\/p>\n<p><img decoding=\"async\" loading=\"lazy\" class=\"alignnone wp-image-15380 size-full\" src=\"https:\/\/i0.wp.com\/duplagourmet.com.br\/wp-content\/uploads\/2022\/04\/CRI02913.jpg?resize=800%2C533\" alt=\"\" width=\"800\" height=\"533\" srcset=\"https:\/\/i0.wp.com\/duplagourmet.com.br\/wp-content\/uploads\/2022\/04\/CRI02913.jpg?w=1024&amp;ssl=1 1024w, https:\/\/i0.wp.com\/duplagourmet.com.br\/wp-content\/uploads\/2022\/04\/CRI02913.jpg?resize=650%2C433&amp;ssl=1 650w\" sizes=\"(max-width: 800px) 100vw, 800px\" data-recalc-dims=\"1\" \/><\/p>\n<p><img decoding=\"async\" loading=\"lazy\" class=\"alignnone wp-image-15381 size-full\" src=\"https:\/\/i0.wp.com\/duplagourmet.com.br\/wp-content\/uploads\/2022\/04\/CRI02922.jpg?resize=800%2C533\" alt=\"\" width=\"800\" height=\"533\" srcset=\"https:\/\/i0.wp.com\/duplagourmet.com.br\/wp-content\/uploads\/2022\/04\/CRI02922.jpg?w=1024&amp;ssl=1 1024w, https:\/\/i0.wp.com\/duplagourmet.com.br\/wp-content\/uploads\/2022\/04\/CRI02922.jpg?resize=650%2C433&amp;ssl=1 650w\" sizes=\"(max-width: 800px) 100vw, 800px\" data-recalc-dims=\"1\" \/><\/p>\n<p><img decoding=\"async\" loading=\"lazy\" class=\"alignnone wp-image-15382 size-full\" src=\"https:\/\/i0.wp.com\/duplagourmet.com.br\/wp-content\/uploads\/2022\/04\/CRI02923.jpg?resize=800%2C533\" alt=\"\" width=\"800\" height=\"533\" srcset=\"https:\/\/i0.wp.com\/duplagourmet.com.br\/wp-content\/uploads\/2022\/04\/CRI02923.jpg?w=1024&amp;ssl=1 1024w, https:\/\/i0.wp.com\/duplagourmet.com.br\/wp-content\/uploads\/2022\/04\/CRI02923.jpg?resize=650%2C433&amp;ssl=1 650w\" sizes=\"(max-width: 800px) 100vw, 800px\" data-recalc-dims=\"1\" \/><\/p>\n<p><img decoding=\"async\" loading=\"lazy\" class=\"alignnone wp-image-15385 size-full\" src=\"https:\/\/i0.wp.com\/duplagourmet.com.br\/wp-content\/uploads\/2022\/04\/CRI02960.jpg?resize=800%2C533\" alt=\"\" width=\"800\" height=\"533\" srcset=\"https:\/\/i0.wp.com\/duplagourmet.com.br\/wp-content\/uploads\/2022\/04\/CRI02960.jpg?w=1024&amp;ssl=1 1024w, https:\/\/i0.wp.com\/duplagourmet.com.br\/wp-content\/uploads\/2022\/04\/CRI02960.jpg?resize=650%2C433&amp;ssl=1 650w\" sizes=\"(max-width: 800px) 100vw, 800px\" data-recalc-dims=\"1\" \/><\/p>\n<p><img decoding=\"async\" loading=\"lazy\" class=\"alignnone wp-image-15387 size-full\" src=\"https:\/\/i0.wp.com\/duplagourmet.com.br\/wp-content\/uploads\/2022\/04\/CRI02985.jpg?resize=800%2C533\" alt=\"\" width=\"800\" height=\"533\" srcset=\"https:\/\/i0.wp.com\/duplagourmet.com.br\/wp-content\/uploads\/2022\/04\/CRI02985.jpg?w=1024&amp;ssl=1 1024w, https:\/\/i0.wp.com\/duplagourmet.com.br\/wp-content\/uploads\/2022\/04\/CRI02985.jpg?resize=650%2C433&amp;ssl=1 650w\" sizes=\"(max-width: 800px) 100vw, 800px\" data-recalc-dims=\"1\" \/><\/p>\n<p><img decoding=\"async\" loading=\"lazy\" class=\"alignnone wp-image-15384 size-full\" src=\"https:\/\/i0.wp.com\/duplagourmet.com.br\/wp-content\/uploads\/2022\/04\/CRI02945.jpg?resize=800%2C533\" alt=\"\" width=\"800\" height=\"533\" srcset=\"https:\/\/i0.wp.com\/duplagourmet.com.br\/wp-content\/uploads\/2022\/04\/CRI02945.jpg?w=1024&amp;ssl=1 1024w, https:\/\/i0.wp.com\/duplagourmet.com.br\/wp-content\/uploads\/2022\/04\/CRI02945.jpg?resize=650%2C433&amp;ssl=1 650w\" sizes=\"(max-width: 800px) 100vw, 800px\" data-recalc-dims=\"1\" \/><\/p>\n<p><img decoding=\"async\" loading=\"lazy\" class=\"alignnone wp-image-15389 size-full\" src=\"https:\/\/i0.wp.com\/duplagourmet.com.br\/wp-content\/uploads\/2022\/04\/CRI02989.jpg?resize=800%2C533\" alt=\"\" width=\"800\" height=\"533\" srcset=\"https:\/\/i0.wp.com\/duplagourmet.com.br\/wp-content\/uploads\/2022\/04\/CRI02989.jpg?w=1024&amp;ssl=1 1024w, https:\/\/i0.wp.com\/duplagourmet.com.br\/wp-content\/uploads\/2022\/04\/CRI02989.jpg?resize=650%2C433&amp;ssl=1 650w\" sizes=\"(max-width: 800px) 100vw, 800px\" data-recalc-dims=\"1\" \/><\/p>\n<p>Se voc\u00ea esta em d\u00favidas de onde comprar os ovos e sobremesas de p\u00e1scoa deste ano.<br \/>\nS\u00f3 vai na Ofner e n\u00e3o pense em mais nada rsrsrs.<br \/>\nSimplesmente perfeitos em tudo que eles fazem!<\/p>\n<p><b>Endere\u00e7o:<\/b> Av. Nove de Julho, 5623 &#8211; Itaim Bibi, S\u00e3o Paulo &#8211; SP<br \/>\n<b>Telefone:<\/b> (11) 5693-8675<br \/>\n<b>Instagram:<\/b> <a href=\"https:\/\/www.instagram.com\/ofner\/\">@ofner<\/a><\/p>\n\n<div style=\"font-size: 0px; height: 0px; line-height: 0px; margin: 0; padding: 0; clear: both;\"><\/div>","protected":false},"excerpt":{"rendered":"<p>Como amamos a p\u00e1scoa! Ovos de chocolate para todo lado, receitas maravilhosas, fam\u00edlia reunida e muitos presentes comest\u00edveis rsrs. Falando s\u00e9rio, sempre ficamos encantados com as novidades e criatividades gastron\u00f4micas que sempre surgem nessa \u00e9poca. Mas existem lugares que al\u00e9m de inovar, s\u00e3o tradicionais, criam hist\u00f3rias, mem\u00f3rias e mantem uma qualidade impec\u00e1vel todos os anos. [&hellip;]<\/p>\n","protected":false},"author":1,"featured_media":15379,"comment_status":"open","ping_status":"open","sticky":false,"template":"","format":"standard","meta":{"jetpack_post_was_ever_published":false,"_jetpack_newsletter_access":"","_jetpack_newsletter_tier_id":0},"categories":[8],"tags":[337,348,349],"yoast_head":"<!-- This site is optimized with the Yoast SEO plugin v20.2.1 - https:\/\/yoast.com\/wordpress\/plugins\/seo\/ -->\n<title>Linha de p\u00e1scoa da Ofner \u00e9 a queridinha deste ano -<\/title>\n<meta name=\"robots\" content=\"index, follow, max-snippet:-1, max-image-preview:large, max-video-preview:-1\" \/>\n<link rel=\"canonical\" href=\"https:\/\/duplagourmet.com.br\/index.php\/2022\/04\/17\/linha-de-pascoa-da-ofner-e-a-queridinha-deste-ano\/\" \/>\n<meta property=\"og:locale\" content=\"pt_BR\" \/>\n<meta property=\"og:type\" content=\"article\" \/>\n<meta property=\"og:title\" content=\"Linha de p\u00e1scoa da Ofner \u00e9 a queridinha deste ano -\" \/>\n<meta property=\"og:description\" content=\"Como amamos a p\u00e1scoa! Ovos de chocolate para todo lado, receitas maravilhosas, fam\u00edlia reunida e muitos presentes comest\u00edveis rsrs. Falando s\u00e9rio, sempre ficamos encantados com as novidades e criatividades gastron\u00f4micas que sempre surgem nessa \u00e9poca. Mas existem lugares que al\u00e9m de inovar, s\u00e3o tradicionais, criam hist\u00f3rias, mem\u00f3rias e mantem uma qualidade impec\u00e1vel todos os anos. [&hellip;]\" \/>\n<meta property=\"og:url\" content=\"https:\/\/duplagourmet.com.br\/index.php\/2022\/04\/17\/linha-de-pascoa-da-ofner-e-a-queridinha-deste-ano\/\" \/>\n<meta property=\"article:publisher\" content=\"https:\/\/www.facebook.com\/duplagourmet\" \/>\n<meta property=\"article:published_time\" content=\"2022-04-17T00:46:06+00:00\" \/>\n<meta property=\"og:image\" content=\"https:\/\/i0.wp.com\/duplagourmet.com.br\/wp-content\/uploads\/2022\/04\/CRI02908.jpg?fit=1024%2C682&ssl=1\" \/>\n\t<meta property=\"og:image:width\" content=\"1024\" \/>\n\t<meta property=\"og:image:height\" content=\"682\" \/>\n\t<meta property=\"og:image:type\" content=\"image\/jpeg\" \/>\n<meta name=\"author\" content=\"Lais Trov\u00e3o\" \/>\n<meta name=\"twitter:card\" content=\"summary_large_image\" \/>\n<meta name=\"twitter:creator\" content=\"@DuplaGourmet\" \/>\n<meta name=\"twitter:site\" content=\"@DuplaGourmet\" \/>\n<meta name=\"twitter:label1\" content=\"Escrito por\" \/>\n\t<meta name=\"twitter:data1\" content=\"Lais Trov\u00e3o\" \/>\n\t<meta name=\"twitter:label2\" content=\"Est. tempo de leitura\" \/>\n\t<meta name=\"twitter:data2\" content=\"7 minutos\" \/>\n<script type=\"application\/ld+json\" class=\"yoast-schema-graph\">{\"@context\":\"https:\/\/schema.org\",\"@graph\":[{\"@type\":\"Article\",\"@id\":\"https:\/\/duplagourmet.com.br\/index.php\/2022\/04\/17\/linha-de-pascoa-da-ofner-e-a-queridinha-deste-ano\/#article\",\"isPartOf\":{\"@id\":\"https:\/\/duplagourmet.com.br\/index.php\/2022\/04\/17\/linha-de-pascoa-da-ofner-e-a-queridinha-deste-ano\/\"},\"author\":{\"name\":\"Lais Trov\u00e3o\",\"@id\":\"https:\/\/duplagourmet.com.br\/#\/schema\/person\/888065adf1bf32ae6ab307c7362db9b1\"},\"headline\":\"Linha de p\u00e1scoa da Ofner \u00e9 a queridinha deste ano\",\"datePublished\":\"2022-04-17T00:46:06+00:00\",\"dateModified\":\"2022-04-17T00:46:06+00:00\",\"mainEntityOfPage\":{\"@id\":\"https:\/\/duplagourmet.com.br\/index.php\/2022\/04\/17\/linha-de-pascoa-da-ofner-e-a-queridinha-deste-ano\/\"},\"wordCount\":422,\"commentCount\":0,\"publisher\":{\"@id\":\"https:\/\/duplagourmet.com.br\/#organization\"},\"keywords\":[\"ofner\",\"p\u00e1scoa\",\"p\u00e1scoa2022\"],\"articleSection\":[\"Comendo Fora\"],\"inLanguage\":\"pt-BR\",\"potentialAction\":[{\"@type\":\"CommentAction\",\"name\":\"Comment\",\"target\":[\"https:\/\/duplagourmet.com.br\/index.php\/2022\/04\/17\/linha-de-pascoa-da-ofner-e-a-queridinha-deste-ano\/#respond\"]}]},{\"@type\":\"WebPage\",\"@id\":\"https:\/\/duplagourmet.com.br\/index.php\/2022\/04\/17\/linha-de-pascoa-da-ofner-e-a-queridinha-deste-ano\/\",\"url\":\"https:\/\/duplagourmet.com.br\/index.php\/2022\/04\/17\/linha-de-pascoa-da-ofner-e-a-queridinha-deste-ano\/\",\"name\":\"Linha de p\u00e1scoa da Ofner \u00e9 a queridinha deste ano -\",\"isPartOf\":{\"@id\":\"https:\/\/duplagourmet.com.br\/#website\"},\"datePublished\":\"2022-04-17T00:46:06+00:00\",\"dateModified\":\"2022-04-17T00:46:06+00:00\",\"breadcrumb\":{\"@id\":\"https:\/\/duplagourmet.com.br\/index.php\/2022\/04\/17\/linha-de-pascoa-da-ofner-e-a-queridinha-deste-ano\/#breadcrumb\"},\"inLanguage\":\"pt-BR\",\"potentialAction\":[{\"@type\":\"ReadAction\",\"target\":[\"https:\/\/duplagourmet.com.br\/index.php\/2022\/04\/17\/linha-de-pascoa-da-ofner-e-a-queridinha-deste-ano\/\"]}]},{\"@type\":\"BreadcrumbList\",\"@id\":\"https:\/\/duplagourmet.com.br\/index.php\/2022\/04\/17\/linha-de-pascoa-da-ofner-e-a-queridinha-deste-ano\/#breadcrumb\",\"itemListElement\":[{\"@type\":\"ListItem\",\"position\":1,\"name\":\"In\u00edcio\",\"item\":\"https:\/\/duplagourmet.com.br\/\"},{\"@type\":\"ListItem\",\"position\":2,\"name\":\"Linha de p\u00e1scoa da Ofner \u00e9 a queridinha deste ano\"}]},{\"@type\":\"WebSite\",\"@id\":\"https:\/\/duplagourmet.com.br\/#website\",\"url\":\"https:\/\/duplagourmet.com.br\/\",\"name\":\"\",\"description\":\"Site de Gastronomia e Viagens\",\"publisher\":{\"@id\":\"https:\/\/duplagourmet.com.br\/#organization\"},\"potentialAction\":[{\"@type\":\"SearchAction\",\"target\":{\"@type\":\"EntryPoint\",\"urlTemplate\":\"https:\/\/duplagourmet.com.br\/?s={search_term_string}\"},\"query-input\":\"required name=search_term_string\"}],\"inLanguage\":\"pt-BR\"},{\"@type\":\"Organization\",\"@id\":\"https:\/\/duplagourmet.com.br\/#organization\",\"name\":\"Dupla Gourmet\",\"url\":\"https:\/\/duplagourmet.com.br\/\",\"logo\":{\"@type\":\"ImageObject\",\"inLanguage\":\"pt-BR\",\"@id\":\"https:\/\/duplagourmet.com.br\/#\/schema\/logo\/image\/\",\"url\":\"https:\/\/i0.wp.com\/duplagourmet.com.br\/wp-content\/uploads\/2015\/07\/LOGO.jpg?fit=2120%2C1193&ssl=1\",\"contentUrl\":\"https:\/\/i0.wp.com\/duplagourmet.com.br\/wp-content\/uploads\/2015\/07\/LOGO.jpg?fit=2120%2C1193&ssl=1\",\"width\":2120,\"height\":1193,\"caption\":\"Dupla Gourmet\"},\"image\":{\"@id\":\"https:\/\/duplagourmet.com.br\/#\/schema\/logo\/image\/\"},\"sameAs\":[\"https:\/\/www.facebook.com\/duplagourmet\",\"https:\/\/twitter.com\/DuplaGourmet\",\"https:\/\/instagram.com\/duplagourmet\/\"]},{\"@type\":\"Person\",\"@id\":\"https:\/\/duplagourmet.com.br\/#\/schema\/person\/888065adf1bf32ae6ab307c7362db9b1\",\"name\":\"Lais Trov\u00e3o\",\"image\":{\"@type\":\"ImageObject\",\"inLanguage\":\"pt-BR\",\"@id\":\"https:\/\/duplagourmet.com.br\/#\/schema\/person\/image\/\",\"url\":\"https:\/\/secure.gravatar.com\/avatar\/21dda7f6b6103bd096caaf547327b1d9?s=96&d=mm&r=g\",\"contentUrl\":\"https:\/\/secure.gravatar.com\/avatar\/21dda7f6b6103bd096caaf547327b1d9?s=96&d=mm&r=g\",\"caption\":\"Lais Trov\u00e3o\"},\"sameAs\":[\"http:\/\/duplagourmet.com.br\/\"],\"url\":\"https:\/\/duplagourmet.com.br\/index.php\/author\/lais_divinohotmail-com\/\"}]}<\/script>\n<!-- \/ Yoast SEO plugin. -->","yoast_head_json":{"title":"Linha de p\u00e1scoa da Ofner \u00e9 a queridinha deste ano -","robots":{"index":"index","follow":"follow","max-snippet":"max-snippet:-1","max-image-preview":"max-image-preview:large","max-video-preview":"max-video-preview:-1"},"canonical":"https:\/\/duplagourmet.com.br\/index.php\/2022\/04\/17\/linha-de-pascoa-da-ofner-e-a-queridinha-deste-ano\/","og_locale":"pt_BR","og_type":"article","og_title":"Linha de p\u00e1scoa da Ofner \u00e9 a queridinha deste ano -","og_description":"Como amamos a p\u00e1scoa! Ovos de chocolate para todo lado, receitas maravilhosas, fam\u00edlia reunida e muitos presentes comest\u00edveis rsrs. Falando s\u00e9rio, sempre ficamos encantados com as novidades e criatividades gastron\u00f4micas que sempre surgem nessa \u00e9poca. Mas existem lugares que al\u00e9m de inovar, s\u00e3o tradicionais, criam hist\u00f3rias, mem\u00f3rias e mantem uma qualidade impec\u00e1vel todos os anos. [&hellip;]","og_url":"https:\/\/duplagourmet.com.br\/index.php\/2022\/04\/17\/linha-de-pascoa-da-ofner-e-a-queridinha-deste-ano\/","article_publisher":"https:\/\/www.facebook.com\/duplagourmet","article_published_time":"2022-04-17T00:46:06+00:00","og_image":[{"width":1024,"height":682,"url":"https:\/\/i0.wp.com\/duplagourmet.com.br\/wp-content\/uploads\/2022\/04\/CRI02908.jpg?fit=1024%2C682&ssl=1","type":"image\/jpeg"}],"author":"Lais Trov\u00e3o","twitter_card":"summary_large_image","twitter_creator":"@DuplaGourmet","twitter_site":"@DuplaGourmet","twitter_misc":{"Escrito por":"Lais Trov\u00e3o","Est. tempo de leitura":"7 minutos"},"schema":{"@context":"https:\/\/schema.org","@graph":[{"@type":"Article","@id":"https:\/\/duplagourmet.com.br\/index.php\/2022\/04\/17\/linha-de-pascoa-da-ofner-e-a-queridinha-deste-ano\/#article","isPartOf":{"@id":"https:\/\/duplagourmet.com.br\/index.php\/2022\/04\/17\/linha-de-pascoa-da-ofner-e-a-queridinha-deste-ano\/"},"author":{"name":"Lais Trov\u00e3o","@id":"https:\/\/duplagourmet.com.br\/#\/schema\/person\/888065adf1bf32ae6ab307c7362db9b1"},"headline":"Linha de p\u00e1scoa da Ofner \u00e9 a queridinha deste ano","datePublished":"2022-04-17T00:46:06+00:00","dateModified":"2022-04-17T00:46:06+00:00","mainEntityOfPage":{"@id":"https:\/\/duplagourmet.com.br\/index.php\/2022\/04\/17\/linha-de-pascoa-da-ofner-e-a-queridinha-deste-ano\/"},"wordCount":422,"commentCount":0,"publisher":{"@id":"https:\/\/duplagourmet.com.br\/#organization"},"keywords":["ofner","p\u00e1scoa","p\u00e1scoa2022"],"articleSection":["Comendo Fora"],"inLanguage":"pt-BR","potentialAction":[{"@type":"CommentAction","name":"Comment","target":["https:\/\/duplagourmet.com.br\/index.php\/2022\/04\/17\/linha-de-pascoa-da-ofner-e-a-queridinha-deste-ano\/#respond"]}]},{"@type":"WebPage","@id":"https:\/\/duplagourmet.com.br\/index.php\/2022\/04\/17\/linha-de-pascoa-da-ofner-e-a-queridinha-deste-ano\/","url":"https:\/\/duplagourmet.com.br\/index.php\/2022\/04\/17\/linha-de-pascoa-da-ofner-e-a-queridinha-deste-ano\/","name":"Linha de p\u00e1scoa da Ofner \u00e9 a queridinha deste ano -","isPartOf":{"@id":"https:\/\/duplagourmet.com.br\/#website"},"datePublished":"2022-04-17T00:46:06+00:00","dateModified":"2022-04-17T00:46:06+00:00","breadcrumb":{"@id":"https:\/\/duplagourmet.com.br\/index.php\/2022\/04\/17\/linha-de-pascoa-da-ofner-e-a-queridinha-deste-ano\/#breadcrumb"},"inLanguage":"pt-BR","potentialAction":[{"@type":"ReadAction","target":["https:\/\/duplagourmet.com.br\/index.php\/2022\/04\/17\/linha-de-pascoa-da-ofner-e-a-queridinha-deste-ano\/"]}]},{"@type":"BreadcrumbList","@id":"https:\/\/duplagourmet.com.br\/index.php\/2022\/04\/17\/linha-de-pascoa-da-ofner-e-a-queridinha-deste-ano\/#breadcrumb","itemListElement":[{"@type":"ListItem","position":1,"name":"In\u00edcio","item":"https:\/\/duplagourmet.com.br\/"},{"@type":"ListItem","position":2,"name":"Linha de p\u00e1scoa da Ofner \u00e9 a queridinha deste ano"}]},{"@type":"WebSite","@id":"https:\/\/duplagourmet.com.br\/#website","url":"https:\/\/duplagourmet.com.br\/","name":"","description":"Site de Gastronomia e Viagens","publisher":{"@id":"https:\/\/duplagourmet.com.br\/#organization"},"potentialAction":[{"@type":"SearchAction","target":{"@type":"EntryPoint","urlTemplate":"https:\/\/duplagourmet.com.br\/?s={search_term_string}"},"query-input":"required name=search_term_string"}],"inLanguage":"pt-BR"},{"@type":"Organization","@id":"https:\/\/duplagourmet.com.br\/#organization","name":"Dupla Gourmet","url":"https:\/\/duplagourmet.com.br\/","logo":{"@type":"ImageObject","inLanguage":"pt-BR","@id":"https:\/\/duplagourmet.com.br\/#\/schema\/logo\/image\/","url":"https:\/\/i0.wp.com\/duplagourmet.com.br\/wp-content\/uploads\/2015\/07\/LOGO.jpg?fit=2120%2C1193&ssl=1","contentUrl":"https:\/\/i0.wp.com\/duplagourmet.com.br\/wp-content\/uploads\/2015\/07\/LOGO.jpg?fit=2120%2C1193&ssl=1","width":2120,"height":1193,"caption":"Dupla Gourmet"},"image":{"@id":"https:\/\/duplagourmet.com.br\/#\/schema\/logo\/image\/"},"sameAs":["https:\/\/www.facebook.com\/duplagourmet","https:\/\/twitter.com\/DuplaGourmet","https:\/\/instagram.com\/duplagourmet\/"]},{"@type":"Person","@id":"https:\/\/duplagourmet.com.br\/#\/schema\/person\/888065adf1bf32ae6ab307c7362db9b1","name":"Lais Trov\u00e3o","image":{"@type":"ImageObject","inLanguage":"pt-BR","@id":"https:\/\/duplagourmet.com.br\/#\/schema\/person\/image\/","url":"https:\/\/secure.gravatar.com\/avatar\/21dda7f6b6103bd096caaf547327b1d9?s=96&d=mm&r=g","contentUrl":"https:\/\/secure.gravatar.com\/avatar\/21dda7f6b6103bd096caaf547327b1d9?s=96&d=mm&r=g","caption":"Lais Trov\u00e3o"},"sameAs":["http:\/\/duplagourmet.com.br\/"],"url":"https:\/\/duplagourmet.com.br\/index.php\/author\/lais_divinohotmail-com\/"}]}},"jetpack_sharing_enabled":true,"jetpack_featured_media_url":"https:\/\/i0.wp.com\/duplagourmet.com.br\/wp-content\/uploads\/2022\/04\/CRI02908.jpg?fit=1024%2C682&ssl=1","jetpack_shortlink":"https:\/\/wp.me\/p67KK6-3Zk","_links":{"self":[{"href":"https:\/\/duplagourmet.com.br\/index.php\/wp-json\/wp\/v2\/posts\/15334"}],"collection":[{"href":"https:\/\/duplagourmet.com.br\/index.php\/wp-json\/wp\/v2\/posts"}],"about":[{"href":"https:\/\/duplagourmet.com.br\/index.php\/wp-json\/wp\/v2\/types\/post"}],"author":[{"embeddable":true,"href":"https:\/\/duplagourmet.com.br\/index.php\/wp-json\/wp\/v2\/users\/1"}],"replies":[{"embeddable":true,"href":"https:\/\/duplagourmet.com.br\/index.php\/wp-json\/wp\/v2\/comments?post=15334"}],"version-history":[{"count":2,"href":"https:\/\/duplagourmet.com.br\/index.php\/wp-json\/wp\/v2\/posts\/15334\/revisions"}],"predecessor-version":[{"id":15399,"href":"https:\/\/duplagourmet.com.br\/index.php\/wp-json\/wp\/v2\/posts\/15334\/revisions\/15399"}],"wp:featuredmedia":[{"embeddable":true,"href":"https:\/\/duplagourmet.com.br\/index.php\/wp-json\/wp\/v2\/media\/15379"}],"wp:attachment":[{"href":"https:\/\/duplagourmet.com.br\/index.php\/wp-json\/wp\/v2\/media?parent=15334"}],"wp:term":[{"taxonomy":"category","embeddable":true,"href":"https:\/\/duplagourmet.com.br\/index.php\/wp-json\/wp\/v2\/categories?post=15334"},{"taxonomy":"post_tag","embeddable":true,"href":"https:\/\/duplagourmet.com.br\/index.php\/wp-json\/wp\/v2\/tags?post=15334"}],"curies":[{"name":"wp","href":"https:\/\/api.w.org\/{rel}","templated":true}]}}