{"id":14513,"date":"2019-11-28T21:36:47","date_gmt":"2019-11-28T21:36:47","guid":{"rendered":"http:\/\/duplagourmet.com.br\/?p=14513"},"modified":"2019-12-06T02:07:49","modified_gmt":"2019-12-06T02:07:49","slug":"sao-paulo-ganha-primeiro-restaurante-giratorio-com-vista-para-a-cidade-inteira","status":"publish","type":"post","link":"https:\/\/duplagourmet.com.br\/index.php\/2019\/11\/28\/sao-paulo-ganha-primeiro-restaurante-giratorio-com-vista-para-a-cidade-inteira\/","title":{"rendered":"S\u00e3o Paulo ganha primeiro restaurante girat\u00f3rio com vista para a cidade inteira"},"content":{"rendered":"<div class=\"b9dff54adce98ec77fa605695a7c2382\" data-index=\"1\" style=\"float: right; margin:10px 0 10px 10px;\">\n<script async src=\"\/\/pagead2.googlesyndication.com\/pagead\/js\/adsbygoogle.js\"><\/script>\r\n<!-- Dupla -->\r\n<ins class=\"adsbygoogle\"\r\n     style=\"display:inline-block;width:336px;height:280px\"\r\n     data-ad-client=\"ca-pub-5223135331964240\"\r\n     data-ad-slot=\"1820166419\"><\/ins>\r\n<script>\r\n(adsbygoogle = window.adsbygoogle || []).push({});\r\n<\/script>\n<\/div>\n<h5 style=\"text-align: center;\"><strong>Para mais dicas como essa, segue a gente no Instagram @duplagourmet<\/strong><\/h5>\n<p>Segura a emo\u00e7\u00e3o que essa bomba \u00e9 grande!<br \/>\nS\u00e3o Paulo acaba de ganhar um restaurante de respeito, que tem tudo para se tornar um verdadeiro ponto tur\u00edstico.\u00a0A cidade acaba de abrir as portas ao seu primeiro RESTAURANTE GIRAT\u00d3RIO que fica no 28\u00ba andar do edif\u00edcio K1. O restaurante tem uma vista panor\u00e2mica, e de l\u00e1 podemos ver a cidade toda. D\u00e1 para acreditar?!<br \/>\nTivemos a oportunidade de conhecer o restaurante girat\u00f3rio em Santiago e amamos a experi\u00eancia. Sa\u00edmos de l\u00e1 com &#8220;gostinho de quero mais&#8221;. E desde aquela \u00e9poca fal\u00e1vamos em como seria legal se tivesse um restaurante com o mesmo conceito em S\u00e3o Paulo. E agora sentimos que o nosso desejo se realizou!<br \/>\nE como se n\u00e3o bastasse, a casa fica no cora\u00e7\u00e3o da nossa amada ZN, no finalzinho da avenida Cruzeiro do Sul, com a Conselheiro Saraiva.<br \/>\nForam investidos mais de 4 milh\u00f5es nesse projeto e quando voc\u00ea entra no espa\u00e7o consegue perceber todo esse investimento imediatamente.<br \/>\nA casa \u00e9 simplesmente linda, rica em detalhes e com uma vista de tirar o f\u00f4lego.<br \/>\nApresentamos a voc\u00eas o Lass\u00fa, o restaurante que vai fazer o seu cora\u00e7\u00e3o girar de alegria!<\/p>\n<p><img decoding=\"async\" loading=\"lazy\" class=\"alignnone wp-image-14549 size-full\" src=\"https:\/\/i0.wp.com\/duplagourmet.com.br\/wp-content\/uploads\/2019\/11\/IMG_6004.jpg?resize=800%2C533\" alt=\"\" width=\"800\" height=\"533\" srcset=\"https:\/\/i0.wp.com\/duplagourmet.com.br\/wp-content\/uploads\/2019\/11\/IMG_6004.jpg?w=1280&amp;ssl=1 1280w, https:\/\/i0.wp.com\/duplagourmet.com.br\/wp-content\/uploads\/2019\/11\/IMG_6004.jpg?resize=650%2C433&amp;ssl=1 650w, https:\/\/i0.wp.com\/duplagourmet.com.br\/wp-content\/uploads\/2019\/11\/IMG_6004.jpg?resize=1140%2C760&amp;ssl=1 1140w\" sizes=\"(max-width: 800px) 100vw, 800px\" data-recalc-dims=\"1\" \/><\/p>\n<p><img decoding=\"async\" loading=\"lazy\" class=\"alignnone wp-image-14576 size-full\" src=\"https:\/\/i0.wp.com\/duplagourmet.com.br\/wp-content\/uploads\/2019\/11\/IMG_6125.jpg?resize=800%2C533\" alt=\"\" width=\"800\" height=\"533\" srcset=\"https:\/\/i0.wp.com\/duplagourmet.com.br\/wp-content\/uploads\/2019\/11\/IMG_6125.jpg?w=1280&amp;ssl=1 1280w, https:\/\/i0.wp.com\/duplagourmet.com.br\/wp-content\/uploads\/2019\/11\/IMG_6125.jpg?resize=650%2C433&amp;ssl=1 650w, https:\/\/i0.wp.com\/duplagourmet.com.br\/wp-content\/uploads\/2019\/11\/IMG_6125.jpg?resize=1140%2C760&amp;ssl=1 1140w\" sizes=\"(max-width: 800px) 100vw, 800px\" data-recalc-dims=\"1\" \/><\/p>\n<p><img decoding=\"async\" loading=\"lazy\" class=\"alignnone wp-image-14547 size-full\" src=\"https:\/\/i0.wp.com\/duplagourmet.com.br\/wp-content\/uploads\/2019\/11\/IMG_5999.jpg?resize=800%2C533\" alt=\"\" width=\"800\" height=\"533\" srcset=\"https:\/\/i0.wp.com\/duplagourmet.com.br\/wp-content\/uploads\/2019\/11\/IMG_5999.jpg?w=1280&amp;ssl=1 1280w, https:\/\/i0.wp.com\/duplagourmet.com.br\/wp-content\/uploads\/2019\/11\/IMG_5999.jpg?resize=650%2C433&amp;ssl=1 650w, https:\/\/i0.wp.com\/duplagourmet.com.br\/wp-content\/uploads\/2019\/11\/IMG_5999.jpg?resize=1140%2C760&amp;ssl=1 1140w\" sizes=\"(max-width: 800px) 100vw, 800px\" data-recalc-dims=\"1\" \/><\/p>\n<p><img decoding=\"async\" loading=\"lazy\" class=\"alignnone wp-image-14550 size-full\" src=\"https:\/\/i0.wp.com\/duplagourmet.com.br\/wp-content\/uploads\/2019\/11\/IMG_6010.jpg?resize=800%2C533\" alt=\"\" width=\"800\" height=\"533\" srcset=\"https:\/\/i0.wp.com\/duplagourmet.com.br\/wp-content\/uploads\/2019\/11\/IMG_6010.jpg?w=1280&amp;ssl=1 1280w, https:\/\/i0.wp.com\/duplagourmet.com.br\/wp-content\/uploads\/2019\/11\/IMG_6010.jpg?resize=650%2C433&amp;ssl=1 650w, https:\/\/i0.wp.com\/duplagourmet.com.br\/wp-content\/uploads\/2019\/11\/IMG_6010.jpg?resize=1140%2C760&amp;ssl=1 1140w\" sizes=\"(max-width: 800px) 100vw, 800px\" data-recalc-dims=\"1\" \/><\/p>\n<p><img decoding=\"async\" loading=\"lazy\" class=\"alignnone wp-image-14579 size-full\" src=\"https:\/\/i0.wp.com\/duplagourmet.com.br\/wp-content\/uploads\/2019\/11\/IMG_6149.jpg?resize=800%2C533\" alt=\"\" width=\"800\" height=\"533\" srcset=\"https:\/\/i0.wp.com\/duplagourmet.com.br\/wp-content\/uploads\/2019\/11\/IMG_6149.jpg?w=1280&amp;ssl=1 1280w, https:\/\/i0.wp.com\/duplagourmet.com.br\/wp-content\/uploads\/2019\/11\/IMG_6149.jpg?resize=650%2C433&amp;ssl=1 650w, https:\/\/i0.wp.com\/duplagourmet.com.br\/wp-content\/uploads\/2019\/11\/IMG_6149.jpg?resize=1140%2C760&amp;ssl=1 1140w\" sizes=\"(max-width: 800px) 100vw, 800px\" data-recalc-dims=\"1\" \/><\/p>\n<p><img decoding=\"async\" loading=\"lazy\" class=\"alignnone wp-image-14580 size-full\" src=\"https:\/\/i0.wp.com\/duplagourmet.com.br\/wp-content\/uploads\/2019\/11\/IMG_5996-1.jpg?resize=800%2C533\" alt=\"\" width=\"800\" height=\"533\" srcset=\"https:\/\/i0.wp.com\/duplagourmet.com.br\/wp-content\/uploads\/2019\/11\/IMG_5996-1.jpg?w=800&amp;ssl=1 800w, https:\/\/i0.wp.com\/duplagourmet.com.br\/wp-content\/uploads\/2019\/11\/IMG_5996-1.jpg?resize=650%2C433&amp;ssl=1 650w\" sizes=\"(max-width: 800px) 100vw, 800px\" data-recalc-dims=\"1\" \/><\/p>\n<p><img decoding=\"async\" loading=\"lazy\" class=\"alignnone wp-image-14581 size-full\" src=\"https:\/\/i0.wp.com\/duplagourmet.com.br\/wp-content\/uploads\/2019\/11\/IMG_5995.jpg?resize=800%2C533\" alt=\"\" width=\"800\" height=\"533\" srcset=\"https:\/\/i0.wp.com\/duplagourmet.com.br\/wp-content\/uploads\/2019\/11\/IMG_5995.jpg?w=1280&amp;ssl=1 1280w, https:\/\/i0.wp.com\/duplagourmet.com.br\/wp-content\/uploads\/2019\/11\/IMG_5995.jpg?resize=650%2C433&amp;ssl=1 650w, https:\/\/i0.wp.com\/duplagourmet.com.br\/wp-content\/uploads\/2019\/11\/IMG_5995.jpg?resize=1140%2C760&amp;ssl=1 1140w\" sizes=\"(max-width: 800px) 100vw, 800px\" data-recalc-dims=\"1\" \/><\/p>\n<p>A experi\u00eancia no Lass\u00f9\u00a0come\u00e7a logo na entrada, no piso t\u00e9rreo.<br \/>\nO espa\u00e7o da recep\u00e7\u00e3o \u00e9 lindo e super bem decorado. Al\u00e9m da decora\u00e7\u00e3o, o espa\u00e7o tamb\u00e9m tem obras de arte de artistas brasileiros, o que torna a experi\u00eancia ainda mais interessante.<br \/>\nQuando voc\u00ea sai do elevador e desce no 28\u00ba andar, o impacto \u00e9 gigante. O ambiente \u00e9 realmente lindo, moderno e acolhedor.<br \/>\nO piso girat\u00f3rio \u00e9 a grande experi\u00eancia do Lass\u00f9. Ele demora aproximadamente 1h30 para dar uma volta completa.<br \/>\nA volta \u00e9 bem tranquila e te d\u00e1 a oportunidade de apreciar os 270 graus de vista, ao mesmo tempo que degusta uma bela massa.<br \/>\nComo falado acima, o card\u00e1pio tem foco na gastronomia italiana.<br \/>\nComo bons gordinhos que somos, comemos como se n\u00e3o houvesse amanh\u00e3 rsrsrs<img decoding=\"async\" loading=\"lazy\" class=\"alignnone wp-image-14553 size-full\" src=\"https:\/\/i0.wp.com\/duplagourmet.com.br\/wp-content\/uploads\/2019\/11\/IMG_6022-1.jpg?resize=800%2C533\" alt=\"\" width=\"800\" height=\"533\" srcset=\"https:\/\/i0.wp.com\/duplagourmet.com.br\/wp-content\/uploads\/2019\/11\/IMG_6022-1.jpg?w=1280&amp;ssl=1 1280w, https:\/\/i0.wp.com\/duplagourmet.com.br\/wp-content\/uploads\/2019\/11\/IMG_6022-1.jpg?resize=650%2C433&amp;ssl=1 650w, https:\/\/i0.wp.com\/duplagourmet.com.br\/wp-content\/uploads\/2019\/11\/IMG_6022-1.jpg?resize=1140%2C760&amp;ssl=1 1140w\" sizes=\"(max-width: 800px) 100vw, 800px\" data-recalc-dims=\"1\" \/><\/p>\n<p><img decoding=\"async\" loading=\"lazy\" class=\"alignnone wp-image-14556 size-full\" src=\"https:\/\/i0.wp.com\/duplagourmet.com.br\/wp-content\/uploads\/2019\/11\/IMG_6029.jpg?resize=800%2C533\" alt=\"\" width=\"800\" height=\"533\" srcset=\"https:\/\/i0.wp.com\/duplagourmet.com.br\/wp-content\/uploads\/2019\/11\/IMG_6029.jpg?w=1280&amp;ssl=1 1280w, https:\/\/i0.wp.com\/duplagourmet.com.br\/wp-content\/uploads\/2019\/11\/IMG_6029.jpg?resize=650%2C433&amp;ssl=1 650w, https:\/\/i0.wp.com\/duplagourmet.com.br\/wp-content\/uploads\/2019\/11\/IMG_6029.jpg?resize=1140%2C760&amp;ssl=1 1140w\" sizes=\"(max-width: 800px) 100vw, 800px\" data-recalc-dims=\"1\" \/><\/p>\n<p><img decoding=\"async\" loading=\"lazy\" class=\"alignnone wp-image-14560 size-full\" src=\"https:\/\/i0.wp.com\/duplagourmet.com.br\/wp-content\/uploads\/2019\/11\/IMG_6043.jpg?resize=800%2C533\" alt=\"\" width=\"800\" height=\"533\" srcset=\"https:\/\/i0.wp.com\/duplagourmet.com.br\/wp-content\/uploads\/2019\/11\/IMG_6043.jpg?w=1280&amp;ssl=1 1280w, https:\/\/i0.wp.com\/duplagourmet.com.br\/wp-content\/uploads\/2019\/11\/IMG_6043.jpg?resize=650%2C433&amp;ssl=1 650w, https:\/\/i0.wp.com\/duplagourmet.com.br\/wp-content\/uploads\/2019\/11\/IMG_6043.jpg?resize=1140%2C760&amp;ssl=1 1140w\" sizes=\"(max-width: 800px) 100vw, 800px\" data-recalc-dims=\"1\" \/><\/p>\n<p><img decoding=\"async\" loading=\"lazy\" class=\"alignnone wp-image-14559 size-full\" src=\"https:\/\/i0.wp.com\/duplagourmet.com.br\/wp-content\/uploads\/2019\/11\/IMG_6039-1.jpg?resize=800%2C533\" alt=\"\" width=\"800\" height=\"533\" srcset=\"https:\/\/i0.wp.com\/duplagourmet.com.br\/wp-content\/uploads\/2019\/11\/IMG_6039-1.jpg?w=1280&amp;ssl=1 1280w, https:\/\/i0.wp.com\/duplagourmet.com.br\/wp-content\/uploads\/2019\/11\/IMG_6039-1.jpg?resize=650%2C433&amp;ssl=1 650w, https:\/\/i0.wp.com\/duplagourmet.com.br\/wp-content\/uploads\/2019\/11\/IMG_6039-1.jpg?resize=1140%2C760&amp;ssl=1 1140w\" sizes=\"(max-width: 800px) 100vw, 800px\" data-recalc-dims=\"1\" \/><\/p>\n<p><img decoding=\"async\" loading=\"lazy\" class=\"alignnone wp-image-14552 size-full\" src=\"https:\/\/i0.wp.com\/duplagourmet.com.br\/wp-content\/uploads\/2019\/11\/IMG_6020.jpg?resize=800%2C533\" alt=\"\" width=\"800\" height=\"533\" srcset=\"https:\/\/i0.wp.com\/duplagourmet.com.br\/wp-content\/uploads\/2019\/11\/IMG_6020.jpg?w=1280&amp;ssl=1 1280w, https:\/\/i0.wp.com\/duplagourmet.com.br\/wp-content\/uploads\/2019\/11\/IMG_6020.jpg?resize=650%2C433&amp;ssl=1 650w, https:\/\/i0.wp.com\/duplagourmet.com.br\/wp-content\/uploads\/2019\/11\/IMG_6020.jpg?resize=1140%2C760&amp;ssl=1 1140w\" sizes=\"(max-width: 800px) 100vw, 800px\" data-recalc-dims=\"1\" \/><\/p>\n<p>Ent\u00e3o chega de conversa e vamos falar de coisa boa.<br \/>\nDe entrada optamos pela\u00a0&#8220;Tapioca Forneria&#8221; (bolinhos de tapioca, espinafre e queijo da casa &#8211; R$42), e o &#8220;Fundo do mar&#8221; (an\u00e9is de lula, camar\u00e3o e abobrinha fritos &#8211; R$63).<br \/>\nO momento mais dif\u00edcil da noite foi o de escolher o prato principal. Todos os pratos pareciam ser incr\u00edveis. Foi engra\u00e7ado porque n\u00f3s l\u00edamos a descri\u00e7\u00e3o de um prato e fal\u00e1vamos em seguida &#8220;\u00e9 esse&#8221;. Depois l\u00edamos a descri\u00e7\u00e3o do pr\u00f3ximo prato e fal\u00e1vamos juntos &#8220;\u00e9 esse&#8221; rsrsrs, e assim por diante.<br \/>\nEu fui de &#8220;Cacio e Pepe&#8221; (massa fresca, queijo pecorino e pimenta fresca &#8211; R$59) e o Ale de &#8220;Lasagna Ristorantino Al Tartufo Nero&#8221; (lasanha com ragu de vitela, glac\u00ea, creme de grana padano e frutas negras &#8211; R$89). O Ale inclusive chegou a dizer que essa lasagna foi uma das melhores que ele j\u00e1 provou na vida. Prestem aten\u00e7\u00e3o, ele falou VIDA. rsrs<br \/>\nAmbos incr\u00edveis!<br \/>\nPara finalizar escolhemos um &#8220;Budino de Cupua\u00e7u&#8221; (pudim de cupua\u00e7u com texturas de am\u00eandoas &#8211; R$22).<br \/>\nSurreal! S\u00e9rio!<img decoding=\"async\" loading=\"lazy\" class=\"alignnone wp-image-14570 size-full\" src=\"https:\/\/i0.wp.com\/duplagourmet.com.br\/wp-content\/uploads\/2019\/11\/IMG_6080.jpg?resize=800%2C533\" alt=\"\" width=\"800\" height=\"533\" srcset=\"https:\/\/i0.wp.com\/duplagourmet.com.br\/wp-content\/uploads\/2019\/11\/IMG_6080.jpg?w=1280&amp;ssl=1 1280w, https:\/\/i0.wp.com\/duplagourmet.com.br\/wp-content\/uploads\/2019\/11\/IMG_6080.jpg?resize=650%2C433&amp;ssl=1 650w, https:\/\/i0.wp.com\/duplagourmet.com.br\/wp-content\/uploads\/2019\/11\/IMG_6080.jpg?resize=1140%2C760&amp;ssl=1 1140w\" sizes=\"(max-width: 800px) 100vw, 800px\" data-recalc-dims=\"1\" \/><\/p>\n<p><img decoding=\"async\" loading=\"lazy\" class=\"alignnone wp-image-14563 size-full\" src=\"https:\/\/i0.wp.com\/duplagourmet.com.br\/wp-content\/uploads\/2019\/11\/IMG_6052.jpg?resize=800%2C533\" alt=\"\" width=\"800\" height=\"533\" srcset=\"https:\/\/i0.wp.com\/duplagourmet.com.br\/wp-content\/uploads\/2019\/11\/IMG_6052.jpg?w=1280&amp;ssl=1 1280w, https:\/\/i0.wp.com\/duplagourmet.com.br\/wp-content\/uploads\/2019\/11\/IMG_6052.jpg?resize=650%2C433&amp;ssl=1 650w, https:\/\/i0.wp.com\/duplagourmet.com.br\/wp-content\/uploads\/2019\/11\/IMG_6052.jpg?resize=1140%2C760&amp;ssl=1 1140w\" sizes=\"(max-width: 800px) 100vw, 800px\" data-recalc-dims=\"1\" \/><\/p>\n<p><img decoding=\"async\" loading=\"lazy\" class=\"alignnone wp-image-14565 size-full\" src=\"https:\/\/i0.wp.com\/duplagourmet.com.br\/wp-content\/uploads\/2019\/11\/IMG_6058.jpg?resize=800%2C533\" alt=\"\" width=\"800\" height=\"533\" srcset=\"https:\/\/i0.wp.com\/duplagourmet.com.br\/wp-content\/uploads\/2019\/11\/IMG_6058.jpg?w=1280&amp;ssl=1 1280w, https:\/\/i0.wp.com\/duplagourmet.com.br\/wp-content\/uploads\/2019\/11\/IMG_6058.jpg?resize=650%2C433&amp;ssl=1 650w, https:\/\/i0.wp.com\/duplagourmet.com.br\/wp-content\/uploads\/2019\/11\/IMG_6058.jpg?resize=1140%2C760&amp;ssl=1 1140w\" sizes=\"(max-width: 800px) 100vw, 800px\" data-recalc-dims=\"1\" \/><\/p>\n<p><img decoding=\"async\" loading=\"lazy\" class=\"alignnone wp-image-14571 size-full\" src=\"https:\/\/i0.wp.com\/duplagourmet.com.br\/wp-content\/uploads\/2019\/11\/IMG_6083.jpg?resize=800%2C533\" alt=\"\" width=\"800\" height=\"533\" srcset=\"https:\/\/i0.wp.com\/duplagourmet.com.br\/wp-content\/uploads\/2019\/11\/IMG_6083.jpg?w=1280&amp;ssl=1 1280w, https:\/\/i0.wp.com\/duplagourmet.com.br\/wp-content\/uploads\/2019\/11\/IMG_6083.jpg?resize=650%2C433&amp;ssl=1 650w, https:\/\/i0.wp.com\/duplagourmet.com.br\/wp-content\/uploads\/2019\/11\/IMG_6083.jpg?resize=1140%2C760&amp;ssl=1 1140w\" sizes=\"(max-width: 800px) 100vw, 800px\" data-recalc-dims=\"1\" \/><\/p>\n<p><img decoding=\"async\" loading=\"lazy\" class=\"alignnone wp-image-14564 size-full\" src=\"https:\/\/i0.wp.com\/duplagourmet.com.br\/wp-content\/uploads\/2019\/11\/IMG_6055.jpg?resize=800%2C533\" alt=\"\" width=\"800\" height=\"533\" srcset=\"https:\/\/i0.wp.com\/duplagourmet.com.br\/wp-content\/uploads\/2019\/11\/IMG_6055.jpg?w=1280&amp;ssl=1 1280w, https:\/\/i0.wp.com\/duplagourmet.com.br\/wp-content\/uploads\/2019\/11\/IMG_6055.jpg?resize=650%2C433&amp;ssl=1 650w, https:\/\/i0.wp.com\/duplagourmet.com.br\/wp-content\/uploads\/2019\/11\/IMG_6055.jpg?resize=1140%2C760&amp;ssl=1 1140w\" sizes=\"(max-width: 800px) 100vw, 800px\" data-recalc-dims=\"1\" \/><\/p>\n<p><img decoding=\"async\" loading=\"lazy\" class=\"alignnone wp-image-14569 size-full\" src=\"https:\/\/i0.wp.com\/duplagourmet.com.br\/wp-content\/uploads\/2019\/11\/IMG_6078.jpg?resize=800%2C533\" alt=\"\" width=\"800\" height=\"533\" srcset=\"https:\/\/i0.wp.com\/duplagourmet.com.br\/wp-content\/uploads\/2019\/11\/IMG_6078.jpg?w=1280&amp;ssl=1 1280w, https:\/\/i0.wp.com\/duplagourmet.com.br\/wp-content\/uploads\/2019\/11\/IMG_6078.jpg?resize=650%2C433&amp;ssl=1 650w, https:\/\/i0.wp.com\/duplagourmet.com.br\/wp-content\/uploads\/2019\/11\/IMG_6078.jpg?resize=1140%2C760&amp;ssl=1 1140w\" sizes=\"(max-width: 800px) 100vw, 800px\" data-recalc-dims=\"1\" \/><\/p>\n<p>Al\u00e9m disso, a casa tem um menu executivo de segunda a sexta durante o almo\u00e7o por um valor bem justo.<br \/>\nA entrada e prato principal custam R$69 e a entrada com prato principal e a sobremesa custam R$ 78. Legal n\u00e9?!<br \/>\nEnfim amores, esperamos que voc\u00eas gostem da experi\u00eancia tanto quanto n\u00f3s gostamos.<br \/>\nO Lass\u00f9 \u00e9 um verdadeiro presente para a nossa amada S\u00e3o Paulo. Mais uma op\u00e7\u00e3o incr\u00edvel para comemora\u00e7\u00f5es, jantares rom\u00e2nticos, uma noite especial com os amigos ou um almo\u00e7o de neg\u00f3cios.<br \/>\nO Lass\u00f9 \u00e9 s\u00f3 amor!<img decoding=\"async\" loading=\"lazy\" class=\"alignnone wp-image-14575 size-full\" src=\"https:\/\/i0.wp.com\/duplagourmet.com.br\/wp-content\/uploads\/2019\/11\/IMG_6114.jpg?resize=800%2C533\" alt=\"\" width=\"800\" height=\"533\" srcset=\"https:\/\/i0.wp.com\/duplagourmet.com.br\/wp-content\/uploads\/2019\/11\/IMG_6114.jpg?w=1280&amp;ssl=1 1280w, https:\/\/i0.wp.com\/duplagourmet.com.br\/wp-content\/uploads\/2019\/11\/IMG_6114.jpg?resize=650%2C433&amp;ssl=1 650w, https:\/\/i0.wp.com\/duplagourmet.com.br\/wp-content\/uploads\/2019\/11\/IMG_6114.jpg?resize=1140%2C760&amp;ssl=1 1140w\" sizes=\"(max-width: 800px) 100vw, 800px\" data-recalc-dims=\"1\" \/><\/p>\n<p><img decoding=\"async\" loading=\"lazy\" class=\"alignnone wp-image-14574 size-full\" src=\"https:\/\/i0.wp.com\/duplagourmet.com.br\/wp-content\/uploads\/2019\/11\/IMG_6107.jpg?resize=800%2C533\" alt=\"\" width=\"800\" height=\"533\" srcset=\"https:\/\/i0.wp.com\/duplagourmet.com.br\/wp-content\/uploads\/2019\/11\/IMG_6107.jpg?w=1280&amp;ssl=1 1280w, https:\/\/i0.wp.com\/duplagourmet.com.br\/wp-content\/uploads\/2019\/11\/IMG_6107.jpg?resize=650%2C433&amp;ssl=1 650w, https:\/\/i0.wp.com\/duplagourmet.com.br\/wp-content\/uploads\/2019\/11\/IMG_6107.jpg?resize=1140%2C760&amp;ssl=1 1140w\" sizes=\"(max-width: 800px) 100vw, 800px\" data-recalc-dims=\"1\" \/><\/p>\n<p><img decoding=\"async\" loading=\"lazy\" class=\"alignnone wp-image-14573 size-full\" src=\"https:\/\/i0.wp.com\/duplagourmet.com.br\/wp-content\/uploads\/2019\/11\/IMG_6101.jpg?resize=800%2C533\" alt=\"\" width=\"800\" height=\"533\" srcset=\"https:\/\/i0.wp.com\/duplagourmet.com.br\/wp-content\/uploads\/2019\/11\/IMG_6101.jpg?w=1280&amp;ssl=1 1280w, https:\/\/i0.wp.com\/duplagourmet.com.br\/wp-content\/uploads\/2019\/11\/IMG_6101.jpg?resize=650%2C433&amp;ssl=1 650w, https:\/\/i0.wp.com\/duplagourmet.com.br\/wp-content\/uploads\/2019\/11\/IMG_6101.jpg?resize=1140%2C760&amp;ssl=1 1140w\" sizes=\"(max-width: 800px) 100vw, 800px\" data-recalc-dims=\"1\" \/><\/p>\n<p><img decoding=\"async\" loading=\"lazy\" class=\"alignnone wp-image-14572 size-full\" src=\"https:\/\/i0.wp.com\/duplagourmet.com.br\/wp-content\/uploads\/2019\/11\/IMG_6088-1.jpg?resize=800%2C533\" alt=\"\" width=\"800\" height=\"533\" srcset=\"https:\/\/i0.wp.com\/duplagourmet.com.br\/wp-content\/uploads\/2019\/11\/IMG_6088-1.jpg?w=1280&amp;ssl=1 1280w, https:\/\/i0.wp.com\/duplagourmet.com.br\/wp-content\/uploads\/2019\/11\/IMG_6088-1.jpg?resize=650%2C433&amp;ssl=1 650w, https:\/\/i0.wp.com\/duplagourmet.com.br\/wp-content\/uploads\/2019\/11\/IMG_6088-1.jpg?resize=1140%2C760&amp;ssl=1 1140w\" sizes=\"(max-width: 800px) 100vw, 800px\" data-recalc-dims=\"1\" \/><\/p>\n<p><img decoding=\"async\" loading=\"lazy\" class=\"alignnone wp-image-14577 size-full\" src=\"https:\/\/i0.wp.com\/duplagourmet.com.br\/wp-content\/uploads\/2019\/11\/IMG_6143.jpg?resize=800%2C533\" alt=\"\" width=\"800\" height=\"533\" srcset=\"https:\/\/i0.wp.com\/duplagourmet.com.br\/wp-content\/uploads\/2019\/11\/IMG_6143.jpg?w=1280&amp;ssl=1 1280w, https:\/\/i0.wp.com\/duplagourmet.com.br\/wp-content\/uploads\/2019\/11\/IMG_6143.jpg?resize=650%2C433&amp;ssl=1 650w, https:\/\/i0.wp.com\/duplagourmet.com.br\/wp-content\/uploads\/2019\/11\/IMG_6143.jpg?resize=1140%2C760&amp;ssl=1 1140w\" sizes=\"(max-width: 800px) 100vw, 800px\" data-recalc-dims=\"1\" \/><\/p>\n<p><img decoding=\"async\" loading=\"lazy\" class=\"alignnone wp-image-14576 size-full\" src=\"https:\/\/i0.wp.com\/duplagourmet.com.br\/wp-content\/uploads\/2019\/11\/IMG_6125.jpg?resize=800%2C533\" alt=\"\" width=\"800\" height=\"533\" srcset=\"https:\/\/i0.wp.com\/duplagourmet.com.br\/wp-content\/uploads\/2019\/11\/IMG_6125.jpg?w=1280&amp;ssl=1 1280w, https:\/\/i0.wp.com\/duplagourmet.com.br\/wp-content\/uploads\/2019\/11\/IMG_6125.jpg?resize=650%2C433&amp;ssl=1 650w, https:\/\/i0.wp.com\/duplagourmet.com.br\/wp-content\/uploads\/2019\/11\/IMG_6125.jpg?resize=1140%2C760&amp;ssl=1 1140w\" sizes=\"(max-width: 800px) 100vw, 800px\" data-recalc-dims=\"1\" \/><\/p>\n<p><strong>Endere\u00e7o:\u00a0<\/strong>R. Conselheiro Saraiva, 207 &#8211; Santana, S\u00e3o Paulo.<strong><br \/>\n<\/strong><span class=\"LrzXr\"><strong>Telefone:\u00a0<\/strong>(11) 2373-7717<br \/>\n<\/span><strong>Reservas Online: <a href=\"https:\/\/bit.ly\/reservelassu?fbclid=IwAR0p-bBfPFPaWfXTz3FAUz3KVFXikRfU1ZN9QW0EzGlJqyDDf8zwLoy8yjg\" target=\"_blank\" rel=\"noopener nofollow noreferrer\" data-ft=\"{&quot;tn&quot;:&quot;-U&quot;}\" data-lynx-mode=\"origin\" data-lynx-uri=\"https:\/\/l.facebook.com\/l.php?u=https%3A%2F%2Fbit.ly%2Freservelassu%3Ffbclid%3DIwAR0p-bBfPFPaWfXTz3FAUz3KVFXikRfU1ZN9QW0EzGlJqyDDf8zwLoy8yjg&amp;h=AT0Zbk0oyF9kEuQdghDuYoHjD_5PHPccbrVCpijmjYyTFTHctyRK5Yrqzs3m8w85XAlQWELkbXSfoyZkvBiNNQMgg_QINlF835bBDRPs-LNoqmrSpvnRssNHoadTu_NhIYs_PL5QEG1R8oTmq6Rdd4_IrSb62INOKuA08xPCcCs42klM2YiJUp7OkJR2sUwtuIZxIXVu2VsEZ9jHVGkK9M8ebd2jhd_JboPof80eJG0RNzw1xq9lQluAW7lZRY5eNevXvN9f7FRg9ac3V8FilZj3cEq9wesMl9BLc10Zg-6XziHZu6G8SuTYMVD2gvXHFn5hNuq5oWgQQ4dwVy0xEmGxDXobNvzloSOJr9Yb-LyZ58TKzL_cynT0Y1a4jvWpHDZSXgM8teaZDjP35v876HB0HIBx_Uv7VM2WWVJ78V9QxGMrIhhfBtG2ep2FgHGGR04EZUbnXmCRlJcaXBA07v4OE9V6dOS2hjp97VBUc6EbqaGU_qsZNfRlBAHwVaDvGerHMRym15Xbwky3ynV-Qatqrf-UjtWYjYn7T5JvE_LXXRvh2iNbU-pJqberScHaQqXmXEptUQtxeX6Ny_XmXKH7mlRIM23IhNIFRBb94xod3fEyFstWZ4Hfx6yOrEbQGbnM9BncSraA1JPu3Mc-7XAd4IIG3YeiUAo0\">bit.ly\/reservelassu<\/a> <\/strong><br \/>\n<strong>Instagram: <a href=\"https:\/\/www.instagram.com\/lassu_ristorante\/?utm_source=ig_embed\" target=\"_blank\" rel=\"noopener noreferrer\">@lassu_ristorante<\/a><br \/>\n<\/strong><strong>Facebook: <a href=\"https:\/\/www.facebook.com\/lassuristorante\/\" target=\"_blank\" rel=\"noopener noreferrer\">Lass\u00f9<\/a><\/strong><strong><br \/>\nHor\u00e1rio de funcionamento:<br \/>\n<\/strong>Segunda: 12:00 &#8211; 15:00<br \/>\nTer\u00e7a e Quarta: 12:00 &#8211; 15:00, 19:00 &#8211; 00:00<br \/>\nQuinta \u00e0 S\u00e1bado: 12:00 &#8211; 15:00, 19:00 &#8211; 01:00<br \/>\nDomingo: 12:00 \u2013 17:00<\/p>\n\n<div style=\"font-size: 0px; height: 0px; line-height: 0px; margin: 0; padding: 0; clear: both;\"><\/div>","protected":false},"excerpt":{"rendered":"<p>Para mais dicas como essa, segue a gente no Instagram @duplagourmet Segura a emo\u00e7\u00e3o que essa bomba \u00e9 grande! S\u00e3o Paulo acaba de ganhar um restaurante de respeito, que tem tudo para se tornar um verdadeiro ponto tur\u00edstico.\u00a0A cidade acaba de abrir as portas ao seu primeiro RESTAURANTE GIRAT\u00d3RIO que fica no 28\u00ba andar do [&hellip;]<\/p>\n","protected":false},"author":1,"featured_media":14547,"comment_status":"open","ping_status":"open","sticky":false,"template":"","format":"standard","meta":{"jetpack_post_was_ever_published":false,"_jetpack_newsletter_access":"","_jetpack_newsletter_tier_id":0},"categories":[8],"tags":[308,309,307],"yoast_head":"<!-- This site is optimized with the Yoast SEO plugin v20.2.1 - https:\/\/yoast.com\/wordpress\/plugins\/seo\/ -->\n<title>S\u00e3o Paulo ganha primeiro restaurante girat\u00f3rio com vista para a cidade inteira -<\/title>\n<meta name=\"robots\" content=\"index, follow, max-snippet:-1, max-image-preview:large, max-video-preview:-1\" \/>\n<link rel=\"canonical\" href=\"http:\/\/duplagourmet.com.br\/index.php\/2019\/11\/28\/sao-paulo-ganha-primeiro-restaurante-giratorio-com-vista-para-a-cidade-inteira\/\" \/>\n<meta property=\"og:locale\" content=\"pt_BR\" \/>\n<meta property=\"og:type\" content=\"article\" \/>\n<meta property=\"og:title\" content=\"S\u00e3o Paulo ganha primeiro restaurante girat\u00f3rio com vista para a cidade inteira -\" \/>\n<meta property=\"og:description\" content=\"Para mais dicas como essa, segue a gente no Instagram @duplagourmet Segura a emo\u00e7\u00e3o que essa bomba \u00e9 grande! S\u00e3o Paulo acaba de ganhar um restaurante de respeito, que tem tudo para se tornar um verdadeiro ponto tur\u00edstico.\u00a0A cidade acaba de abrir as portas ao seu primeiro RESTAURANTE GIRAT\u00d3RIO que fica no 28\u00ba andar do [&hellip;]\" \/>\n<meta property=\"og:url\" content=\"http:\/\/duplagourmet.com.br\/index.php\/2019\/11\/28\/sao-paulo-ganha-primeiro-restaurante-giratorio-com-vista-para-a-cidade-inteira\/\" \/>\n<meta property=\"article:publisher\" content=\"https:\/\/www.facebook.com\/duplagourmet\" \/>\n<meta property=\"article:published_time\" content=\"2019-11-28T21:36:47+00:00\" \/>\n<meta property=\"article:modified_time\" content=\"2019-12-06T02:07:49+00:00\" \/>\n<meta property=\"og:image\" content=\"https:\/\/i0.wp.com\/duplagourmet.com.br\/wp-content\/uploads\/2019\/11\/IMG_5999.jpg?fit=1280%2C853\" \/>\n\t<meta property=\"og:image:width\" content=\"1280\" \/>\n\t<meta property=\"og:image:height\" content=\"853\" \/>\n\t<meta property=\"og:image:type\" content=\"image\/jpeg\" \/>\n<meta name=\"author\" content=\"Lais Trov\u00e3o\" \/>\n<meta name=\"twitter:card\" content=\"summary_large_image\" \/>\n<meta name=\"twitter:creator\" content=\"@DuplaGourmet\" \/>\n<meta name=\"twitter:site\" content=\"@DuplaGourmet\" \/>\n<meta name=\"twitter:label1\" content=\"Escrito por\" \/>\n\t<meta name=\"twitter:data1\" content=\"Lais Trov\u00e3o\" \/>\n\t<meta name=\"twitter:label2\" content=\"Est. tempo de leitura\" \/>\n\t<meta name=\"twitter:data2\" content=\"3 minutos\" \/>\n<script type=\"application\/ld+json\" class=\"yoast-schema-graph\">{\"@context\":\"https:\/\/schema.org\",\"@graph\":[{\"@type\":\"Article\",\"@id\":\"http:\/\/duplagourmet.com.br\/index.php\/2019\/11\/28\/sao-paulo-ganha-primeiro-restaurante-giratorio-com-vista-para-a-cidade-inteira\/#article\",\"isPartOf\":{\"@id\":\"http:\/\/duplagourmet.com.br\/index.php\/2019\/11\/28\/sao-paulo-ganha-primeiro-restaurante-giratorio-com-vista-para-a-cidade-inteira\/\"},\"author\":{\"name\":\"Lais Trov\u00e3o\",\"@id\":\"https:\/\/duplagourmet.com.br\/#\/schema\/person\/888065adf1bf32ae6ab307c7362db9b1\"},\"headline\":\"S\u00e3o Paulo ganha primeiro restaurante girat\u00f3rio com vista para a cidade inteira\",\"datePublished\":\"2019-11-28T21:36:47+00:00\",\"dateModified\":\"2019-12-06T02:07:49+00:00\",\"mainEntityOfPage\":{\"@id\":\"http:\/\/duplagourmet.com.br\/index.php\/2019\/11\/28\/sao-paulo-ganha-primeiro-restaurante-giratorio-com-vista-para-a-cidade-inteira\/\"},\"wordCount\":699,\"commentCount\":5,\"publisher\":{\"@id\":\"https:\/\/duplagourmet.com.br\/#organization\"},\"keywords\":[\"giratorio\",\"restaurante\",\"restaurante giratorio\"],\"articleSection\":[\"Comendo Fora\"],\"inLanguage\":\"pt-BR\",\"potentialAction\":[{\"@type\":\"CommentAction\",\"name\":\"Comment\",\"target\":[\"http:\/\/duplagourmet.com.br\/index.php\/2019\/11\/28\/sao-paulo-ganha-primeiro-restaurante-giratorio-com-vista-para-a-cidade-inteira\/#respond\"]}]},{\"@type\":\"WebPage\",\"@id\":\"http:\/\/duplagourmet.com.br\/index.php\/2019\/11\/28\/sao-paulo-ganha-primeiro-restaurante-giratorio-com-vista-para-a-cidade-inteira\/\",\"url\":\"http:\/\/duplagourmet.com.br\/index.php\/2019\/11\/28\/sao-paulo-ganha-primeiro-restaurante-giratorio-com-vista-para-a-cidade-inteira\/\",\"name\":\"S\u00e3o Paulo ganha primeiro restaurante girat\u00f3rio com vista para a cidade inteira -\",\"isPartOf\":{\"@id\":\"https:\/\/duplagourmet.com.br\/#website\"},\"datePublished\":\"2019-11-28T21:36:47+00:00\",\"dateModified\":\"2019-12-06T02:07:49+00:00\",\"breadcrumb\":{\"@id\":\"http:\/\/duplagourmet.com.br\/index.php\/2019\/11\/28\/sao-paulo-ganha-primeiro-restaurante-giratorio-com-vista-para-a-cidade-inteira\/#breadcrumb\"},\"inLanguage\":\"pt-BR\",\"potentialAction\":[{\"@type\":\"ReadAction\",\"target\":[\"http:\/\/duplagourmet.com.br\/index.php\/2019\/11\/28\/sao-paulo-ganha-primeiro-restaurante-giratorio-com-vista-para-a-cidade-inteira\/\"]}]},{\"@type\":\"BreadcrumbList\",\"@id\":\"http:\/\/duplagourmet.com.br\/index.php\/2019\/11\/28\/sao-paulo-ganha-primeiro-restaurante-giratorio-com-vista-para-a-cidade-inteira\/#breadcrumb\",\"itemListElement\":[{\"@type\":\"ListItem\",\"position\":1,\"name\":\"In\u00edcio\",\"item\":\"https:\/\/duplagourmet.com.br\/\"},{\"@type\":\"ListItem\",\"position\":2,\"name\":\"S\u00e3o Paulo ganha primeiro restaurante girat\u00f3rio com vista para a cidade inteira\"}]},{\"@type\":\"WebSite\",\"@id\":\"https:\/\/duplagourmet.com.br\/#website\",\"url\":\"https:\/\/duplagourmet.com.br\/\",\"name\":\"\",\"description\":\"Site de Gastronomia e Viagens\",\"publisher\":{\"@id\":\"https:\/\/duplagourmet.com.br\/#organization\"},\"potentialAction\":[{\"@type\":\"SearchAction\",\"target\":{\"@type\":\"EntryPoint\",\"urlTemplate\":\"https:\/\/duplagourmet.com.br\/?s={search_term_string}\"},\"query-input\":\"required name=search_term_string\"}],\"inLanguage\":\"pt-BR\"},{\"@type\":\"Organization\",\"@id\":\"https:\/\/duplagourmet.com.br\/#organization\",\"name\":\"Dupla Gourmet\",\"url\":\"https:\/\/duplagourmet.com.br\/\",\"logo\":{\"@type\":\"ImageObject\",\"inLanguage\":\"pt-BR\",\"@id\":\"https:\/\/duplagourmet.com.br\/#\/schema\/logo\/image\/\",\"url\":\"https:\/\/i0.wp.com\/duplagourmet.com.br\/wp-content\/uploads\/2015\/07\/LOGO.jpg?fit=2120%2C1193&ssl=1\",\"contentUrl\":\"https:\/\/i0.wp.com\/duplagourmet.com.br\/wp-content\/uploads\/2015\/07\/LOGO.jpg?fit=2120%2C1193&ssl=1\",\"width\":2120,\"height\":1193,\"caption\":\"Dupla Gourmet\"},\"image\":{\"@id\":\"https:\/\/duplagourmet.com.br\/#\/schema\/logo\/image\/\"},\"sameAs\":[\"https:\/\/www.facebook.com\/duplagourmet\",\"https:\/\/twitter.com\/DuplaGourmet\",\"https:\/\/instagram.com\/duplagourmet\/\"]},{\"@type\":\"Person\",\"@id\":\"https:\/\/duplagourmet.com.br\/#\/schema\/person\/888065adf1bf32ae6ab307c7362db9b1\",\"name\":\"Lais Trov\u00e3o\",\"image\":{\"@type\":\"ImageObject\",\"inLanguage\":\"pt-BR\",\"@id\":\"https:\/\/duplagourmet.com.br\/#\/schema\/person\/image\/\",\"url\":\"https:\/\/secure.gravatar.com\/avatar\/21dda7f6b6103bd096caaf547327b1d9?s=96&d=mm&r=g\",\"contentUrl\":\"https:\/\/secure.gravatar.com\/avatar\/21dda7f6b6103bd096caaf547327b1d9?s=96&d=mm&r=g\",\"caption\":\"Lais Trov\u00e3o\"},\"sameAs\":[\"http:\/\/duplagourmet.com.br\/\"],\"url\":\"https:\/\/duplagourmet.com.br\/index.php\/author\/lais_divinohotmail-com\/\"}]}<\/script>\n<!-- \/ Yoast SEO plugin. -->","yoast_head_json":{"title":"S\u00e3o Paulo ganha primeiro restaurante girat\u00f3rio com vista para a cidade inteira -","robots":{"index":"index","follow":"follow","max-snippet":"max-snippet:-1","max-image-preview":"max-image-preview:large","max-video-preview":"max-video-preview:-1"},"canonical":"http:\/\/duplagourmet.com.br\/index.php\/2019\/11\/28\/sao-paulo-ganha-primeiro-restaurante-giratorio-com-vista-para-a-cidade-inteira\/","og_locale":"pt_BR","og_type":"article","og_title":"S\u00e3o Paulo ganha primeiro restaurante girat\u00f3rio com vista para a cidade inteira -","og_description":"Para mais dicas como essa, segue a gente no Instagram @duplagourmet Segura a emo\u00e7\u00e3o que essa bomba \u00e9 grande! S\u00e3o Paulo acaba de ganhar um restaurante de respeito, que tem tudo para se tornar um verdadeiro ponto tur\u00edstico.\u00a0A cidade acaba de abrir as portas ao seu primeiro RESTAURANTE GIRAT\u00d3RIO que fica no 28\u00ba andar do [&hellip;]","og_url":"http:\/\/duplagourmet.com.br\/index.php\/2019\/11\/28\/sao-paulo-ganha-primeiro-restaurante-giratorio-com-vista-para-a-cidade-inteira\/","article_publisher":"https:\/\/www.facebook.com\/duplagourmet","article_published_time":"2019-11-28T21:36:47+00:00","article_modified_time":"2019-12-06T02:07:49+00:00","og_image":[{"width":1280,"height":853,"url":"https:\/\/i0.wp.com\/duplagourmet.com.br\/wp-content\/uploads\/2019\/11\/IMG_5999.jpg?fit=1280%2C853","type":"image\/jpeg"}],"author":"Lais Trov\u00e3o","twitter_card":"summary_large_image","twitter_creator":"@DuplaGourmet","twitter_site":"@DuplaGourmet","twitter_misc":{"Escrito por":"Lais Trov\u00e3o","Est. tempo de leitura":"3 minutos"},"schema":{"@context":"https:\/\/schema.org","@graph":[{"@type":"Article","@id":"http:\/\/duplagourmet.com.br\/index.php\/2019\/11\/28\/sao-paulo-ganha-primeiro-restaurante-giratorio-com-vista-para-a-cidade-inteira\/#article","isPartOf":{"@id":"http:\/\/duplagourmet.com.br\/index.php\/2019\/11\/28\/sao-paulo-ganha-primeiro-restaurante-giratorio-com-vista-para-a-cidade-inteira\/"},"author":{"name":"Lais Trov\u00e3o","@id":"https:\/\/duplagourmet.com.br\/#\/schema\/person\/888065adf1bf32ae6ab307c7362db9b1"},"headline":"S\u00e3o Paulo ganha primeiro restaurante girat\u00f3rio com vista para a cidade inteira","datePublished":"2019-11-28T21:36:47+00:00","dateModified":"2019-12-06T02:07:49+00:00","mainEntityOfPage":{"@id":"http:\/\/duplagourmet.com.br\/index.php\/2019\/11\/28\/sao-paulo-ganha-primeiro-restaurante-giratorio-com-vista-para-a-cidade-inteira\/"},"wordCount":699,"commentCount":5,"publisher":{"@id":"https:\/\/duplagourmet.com.br\/#organization"},"keywords":["giratorio","restaurante","restaurante giratorio"],"articleSection":["Comendo Fora"],"inLanguage":"pt-BR","potentialAction":[{"@type":"CommentAction","name":"Comment","target":["http:\/\/duplagourmet.com.br\/index.php\/2019\/11\/28\/sao-paulo-ganha-primeiro-restaurante-giratorio-com-vista-para-a-cidade-inteira\/#respond"]}]},{"@type":"WebPage","@id":"http:\/\/duplagourmet.com.br\/index.php\/2019\/11\/28\/sao-paulo-ganha-primeiro-restaurante-giratorio-com-vista-para-a-cidade-inteira\/","url":"http:\/\/duplagourmet.com.br\/index.php\/2019\/11\/28\/sao-paulo-ganha-primeiro-restaurante-giratorio-com-vista-para-a-cidade-inteira\/","name":"S\u00e3o Paulo ganha primeiro restaurante girat\u00f3rio com vista para a cidade inteira -","isPartOf":{"@id":"https:\/\/duplagourmet.com.br\/#website"},"datePublished":"2019-11-28T21:36:47+00:00","dateModified":"2019-12-06T02:07:49+00:00","breadcrumb":{"@id":"http:\/\/duplagourmet.com.br\/index.php\/2019\/11\/28\/sao-paulo-ganha-primeiro-restaurante-giratorio-com-vista-para-a-cidade-inteira\/#breadcrumb"},"inLanguage":"pt-BR","potentialAction":[{"@type":"ReadAction","target":["http:\/\/duplagourmet.com.br\/index.php\/2019\/11\/28\/sao-paulo-ganha-primeiro-restaurante-giratorio-com-vista-para-a-cidade-inteira\/"]}]},{"@type":"BreadcrumbList","@id":"http:\/\/duplagourmet.com.br\/index.php\/2019\/11\/28\/sao-paulo-ganha-primeiro-restaurante-giratorio-com-vista-para-a-cidade-inteira\/#breadcrumb","itemListElement":[{"@type":"ListItem","position":1,"name":"In\u00edcio","item":"https:\/\/duplagourmet.com.br\/"},{"@type":"ListItem","position":2,"name":"S\u00e3o Paulo ganha primeiro restaurante girat\u00f3rio com vista para a cidade inteira"}]},{"@type":"WebSite","@id":"https:\/\/duplagourmet.com.br\/#website","url":"https:\/\/duplagourmet.com.br\/","name":"","description":"Site de Gastronomia e Viagens","publisher":{"@id":"https:\/\/duplagourmet.com.br\/#organization"},"potentialAction":[{"@type":"SearchAction","target":{"@type":"EntryPoint","urlTemplate":"https:\/\/duplagourmet.com.br\/?s={search_term_string}"},"query-input":"required name=search_term_string"}],"inLanguage":"pt-BR"},{"@type":"Organization","@id":"https:\/\/duplagourmet.com.br\/#organization","name":"Dupla Gourmet","url":"https:\/\/duplagourmet.com.br\/","logo":{"@type":"ImageObject","inLanguage":"pt-BR","@id":"https:\/\/duplagourmet.com.br\/#\/schema\/logo\/image\/","url":"https:\/\/i0.wp.com\/duplagourmet.com.br\/wp-content\/uploads\/2015\/07\/LOGO.jpg?fit=2120%2C1193&ssl=1","contentUrl":"https:\/\/i0.wp.com\/duplagourmet.com.br\/wp-content\/uploads\/2015\/07\/LOGO.jpg?fit=2120%2C1193&ssl=1","width":2120,"height":1193,"caption":"Dupla Gourmet"},"image":{"@id":"https:\/\/duplagourmet.com.br\/#\/schema\/logo\/image\/"},"sameAs":["https:\/\/www.facebook.com\/duplagourmet","https:\/\/twitter.com\/DuplaGourmet","https:\/\/instagram.com\/duplagourmet\/"]},{"@type":"Person","@id":"https:\/\/duplagourmet.com.br\/#\/schema\/person\/888065adf1bf32ae6ab307c7362db9b1","name":"Lais Trov\u00e3o","image":{"@type":"ImageObject","inLanguage":"pt-BR","@id":"https:\/\/duplagourmet.com.br\/#\/schema\/person\/image\/","url":"https:\/\/secure.gravatar.com\/avatar\/21dda7f6b6103bd096caaf547327b1d9?s=96&d=mm&r=g","contentUrl":"https:\/\/secure.gravatar.com\/avatar\/21dda7f6b6103bd096caaf547327b1d9?s=96&d=mm&r=g","caption":"Lais Trov\u00e3o"},"sameAs":["http:\/\/duplagourmet.com.br\/"],"url":"https:\/\/duplagourmet.com.br\/index.php\/author\/lais_divinohotmail-com\/"}]}},"jetpack_sharing_enabled":true,"jetpack_featured_media_url":"https:\/\/i0.wp.com\/duplagourmet.com.br\/wp-content\/uploads\/2019\/11\/IMG_5999.jpg?fit=1280%2C853&ssl=1","jetpack_shortlink":"https:\/\/wp.me\/p67KK6-3M5","_links":{"self":[{"href":"https:\/\/duplagourmet.com.br\/index.php\/wp-json\/wp\/v2\/posts\/14513"}],"collection":[{"href":"https:\/\/duplagourmet.com.br\/index.php\/wp-json\/wp\/v2\/posts"}],"about":[{"href":"https:\/\/duplagourmet.com.br\/index.php\/wp-json\/wp\/v2\/types\/post"}],"author":[{"embeddable":true,"href":"https:\/\/duplagourmet.com.br\/index.php\/wp-json\/wp\/v2\/users\/1"}],"replies":[{"embeddable":true,"href":"https:\/\/duplagourmet.com.br\/index.php\/wp-json\/wp\/v2\/comments?post=14513"}],"version-history":[{"count":2,"href":"https:\/\/duplagourmet.com.br\/index.php\/wp-json\/wp\/v2\/posts\/14513\/revisions"}],"predecessor-version":[{"id":14582,"href":"https:\/\/duplagourmet.com.br\/index.php\/wp-json\/wp\/v2\/posts\/14513\/revisions\/14582"}],"wp:featuredmedia":[{"embeddable":true,"href":"https:\/\/duplagourmet.com.br\/index.php\/wp-json\/wp\/v2\/media\/14547"}],"wp:attachment":[{"href":"https:\/\/duplagourmet.com.br\/index.php\/wp-json\/wp\/v2\/media?parent=14513"}],"wp:term":[{"taxonomy":"category","embeddable":true,"href":"https:\/\/duplagourmet.com.br\/index.php\/wp-json\/wp\/v2\/categories?post=14513"},{"taxonomy":"post_tag","embeddable":true,"href":"https:\/\/duplagourmet.com.br\/index.php\/wp-json\/wp\/v2\/tags?post=14513"}],"curies":[{"name":"wp","href":"https:\/\/api.w.org\/{rel}","templated":true}]}}