{"id":8398,"date":"2017-07-27T23:02:06","date_gmt":"2017-07-27T23:02:06","guid":{"rendered":"http:\/\/duplagourmet.com.br\/?p=8398"},"modified":"2017-07-27T23:04:58","modified_gmt":"2017-07-27T23:04:58","slug":"10-melhores-restaurantes-na-regiao-dos-jardins-sao-paulo","status":"publish","type":"post","link":"http:\/\/duplagourmet.com.br\/index.php\/2017\/07\/27\/10-melhores-restaurantes-na-regiao-dos-jardins-sao-paulo\/","title":{"rendered":"10 melhores restaurantes na regi\u00e3o dos Jardins &#8211; S\u00e3o Paulo"},"content":{"rendered":"<div class=\"0d3c8bb807db4512cec61ce0ce609918\" data-index=\"1\" style=\"float: right; margin:10px 0 10px 10px;\">\n<script async src=\"\/\/pagead2.googlesyndication.com\/pagead\/js\/adsbygoogle.js\"><\/script>\r\n<!-- Dupla -->\r\n<ins class=\"adsbygoogle\"\r\n     style=\"display:inline-block;width:336px;height:280px\"\r\n     data-ad-client=\"ca-pub-5223135331964240\"\r\n     data-ad-slot=\"1820166419\"><\/ins>\r\n<script>\r\n(adsbygoogle = window.adsbygoogle || []).push({});\r\n<\/script>\n<\/div>\n<p>Jardins \u00e9 uma regi\u00e3o linda e super nobre da cidade de S\u00e3o Paulo.<br \/>\nTrabalhamos por muitos anos na regi\u00e3o e acabamos conhecendo verdadeiras p\u00e9rolas da gastronomia neste per\u00edodo.<br \/>\nSempre que temos disponibilidade separamos um tempo para visitar um novo restaurante na regi\u00e3o. Confessamos que foi quase imposs\u00edvel selecionar somente 10 restaurantes para esta lista.<br \/>\nA regi\u00e3o \u00e9 repleta de restaurantes lindos, bem preparados e com uma gastronomia espetacular, por isso separamos 10 deles que nos encantaram.<br \/>\nEsperamos que gostem destes restaurantes recheados de amor!<\/p>\n<h3><\/h3>\n<h3><strong>Bistrot de Paris<\/strong><br \/>\n<img decoding=\"async\" loading=\"lazy\" class=\"alignnone wp-image-8270 size-large\" src=\"https:\/\/i0.wp.com\/duplagourmet.com.br\/wp-content\/uploads\/2017\/06\/15541068_1163112893766421_8033689997262352060_o.jpg?resize=800%2C534\" alt=\"\" width=\"800\" height=\"534\" srcset=\"https:\/\/i0.wp.com\/duplagourmet.com.br\/wp-content\/uploads\/2017\/06\/15541068_1163112893766421_8033689997262352060_o.jpg?resize=1140%2C761 1140w, https:\/\/i0.wp.com\/duplagourmet.com.br\/wp-content\/uploads\/2017\/06\/15541068_1163112893766421_8033689997262352060_o.jpg?resize=650%2C434 650w, https:\/\/i0.wp.com\/duplagourmet.com.br\/wp-content\/uploads\/2017\/06\/15541068_1163112893766421_8033689997262352060_o.jpg?w=1280 1280w\" sizes=\"(max-width: 800px) 100vw, 800px\" data-recalc-dims=\"1\" \/><\/h3>\n<h3><img decoding=\"async\" loading=\"lazy\" class=\"alignnone wp-image-8271 size-large\" src=\"https:\/\/i0.wp.com\/duplagourmet.com.br\/wp-content\/uploads\/2017\/06\/19243390_1346061418804900_8968704172726261720_o.jpg?resize=800%2C533\" alt=\"\" width=\"800\" height=\"533\" srcset=\"https:\/\/i0.wp.com\/duplagourmet.com.br\/wp-content\/uploads\/2017\/06\/19243390_1346061418804900_8968704172726261720_o.jpg?resize=1140%2C760 1140w, https:\/\/i0.wp.com\/duplagourmet.com.br\/wp-content\/uploads\/2017\/06\/19243390_1346061418804900_8968704172726261720_o.jpg?resize=650%2C433 650w, https:\/\/i0.wp.com\/duplagourmet.com.br\/wp-content\/uploads\/2017\/06\/19243390_1346061418804900_8968704172726261720_o.jpg?w=1200 1200w\" sizes=\"(max-width: 800px) 100vw, 800px\" data-recalc-dims=\"1\" \/><\/h3>\n<p>Conhecemos o Bistrot de Paris recentemente e a sensa\u00e7\u00e3o foi de encontrar um verdadeiro tesouro na regi\u00e3o dos Jardins.<br \/>\nO restaurante fica aos fundos de uma charmosa vila e lembra muito os famosos bistr\u00f4s de Paris.<br \/>\nO Bife Angus foi uma das melhores carnes que j\u00e1 provamos na vida! J\u00e1 o Ale ficou encantado com o Steak Tartare.<br \/>\nO atendimento \u00e9 impec\u00e1vel e eficiente.<br \/>\nRestaurante perfeito para uma noite especial rom\u00e2ntica ou entre amigos.<\/p>\n<p><strong>Endere\u00e7o:<\/strong>\u00a0<span class=\"_50f4\">Rua Augusta, 2542, loja 12,\u00a0<\/span><span class=\"_50f4\">S\u00e3o Paulo &#8211; SP<\/span><\/p>\n<h3><strong>\u00a0Hi Pokee\u00a0<\/strong><img decoding=\"async\" loading=\"lazy\" class=\"alignnone wp-image-8235 size-full\" src=\"https:\/\/i0.wp.com\/duplagourmet.com.br\/wp-content\/uploads\/2017\/06\/16195333_1207100222700095_6781463511392760322_n.jpg?resize=800%2C800\" alt=\"\" width=\"800\" height=\"800\" srcset=\"https:\/\/i0.wp.com\/duplagourmet.com.br\/wp-content\/uploads\/2017\/06\/16195333_1207100222700095_6781463511392760322_n.jpg?w=800 800w, https:\/\/i0.wp.com\/duplagourmet.com.br\/wp-content\/uploads\/2017\/06\/16195333_1207100222700095_6781463511392760322_n.jpg?resize=270%2C270 270w, https:\/\/i0.wp.com\/duplagourmet.com.br\/wp-content\/uploads\/2017\/06\/16195333_1207100222700095_6781463511392760322_n.jpg?resize=650%2C650 650w\" sizes=\"(max-width: 800px) 100vw, 800px\" data-recalc-dims=\"1\" \/><\/h3>\n<p><img decoding=\"async\" loading=\"lazy\" class=\"alignnone wp-image-8236 size-full\" src=\"https:\/\/i0.wp.com\/duplagourmet.com.br\/wp-content\/uploads\/2017\/06\/18222438_1309579172452199_5501451065323934985_n.jpg?resize=800%2C800\" alt=\"\" width=\"800\" height=\"800\" srcset=\"https:\/\/i0.wp.com\/duplagourmet.com.br\/wp-content\/uploads\/2017\/06\/18222438_1309579172452199_5501451065323934985_n.jpg?w=800 800w, https:\/\/i0.wp.com\/duplagourmet.com.br\/wp-content\/uploads\/2017\/06\/18222438_1309579172452199_5501451065323934985_n.jpg?resize=270%2C270 270w, https:\/\/i0.wp.com\/duplagourmet.com.br\/wp-content\/uploads\/2017\/06\/18222438_1309579172452199_5501451065323934985_n.jpg?resize=650%2C650 650w\" sizes=\"(max-width: 800px) 100vw, 800px\" data-recalc-dims=\"1\" \/><\/p>\n<p>O Hi Pokee tem apenas 1 ano de vida e j\u00e1 \u00e9 sucesso absoluto em S\u00e3o Paulo.<br \/>\nQuem nunca experimentou a culin\u00e1ria havaiana, vai se encantar!<br \/>\nComo o pr\u00f3prio nome diz, o estabelecimento \u00e9 especializado em Poke, que \u00e9 basicamente\u00a0uma salada com peixe cru e arroz, o que faz lembrar tamb\u00e9m a comida japonesa, mas vem em bowls fundos e com uma por\u00e7\u00e3o de complementos fant\u00e1sticos e bem temperados.<br \/>\nO lugar fica escondidinho, simples mas cheio de charme!<br \/>\nSomos f\u00e3s do Hi Pokee.<\/p>\n<p><strong>Endere\u00e7o:<\/strong> R. Augusta, 2052 &#8211; Cerqueira C\u00e9sar, S\u00e3o Paulo &#8211; SP.<\/p>\n<h3><strong>Capim Santo\u00a0<\/strong><img decoding=\"async\" loading=\"lazy\" class=\"alignnone wp-image-8238 size-full\" src=\"https:\/\/i0.wp.com\/duplagourmet.com.br\/wp-content\/uploads\/2017\/06\/18312_117417471756898_1670861226_n.jpg?resize=800%2C536\" alt=\"\" width=\"800\" height=\"536\" srcset=\"https:\/\/i0.wp.com\/duplagourmet.com.br\/wp-content\/uploads\/2017\/06\/18312_117417471756898_1670861226_n.jpg?w=800 800w, https:\/\/i0.wp.com\/duplagourmet.com.br\/wp-content\/uploads\/2017\/06\/18312_117417471756898_1670861226_n.jpg?resize=650%2C436 650w\" sizes=\"(max-width: 800px) 100vw, 800px\" data-recalc-dims=\"1\" \/><\/h3>\n<p><img decoding=\"async\" loading=\"lazy\" class=\"alignnone wp-image-8246 size-full\" src=\"https:\/\/i0.wp.com\/duplagourmet.com.br\/wp-content\/uploads\/2017\/06\/16508700_745211598977479_8527651273775576606_n.png?resize=800%2C640\" alt=\"\" width=\"800\" height=\"640\" srcset=\"https:\/\/i0.wp.com\/duplagourmet.com.br\/wp-content\/uploads\/2017\/06\/16508700_745211598977479_8527651273775576606_n.png?w=800 800w, https:\/\/i0.wp.com\/duplagourmet.com.br\/wp-content\/uploads\/2017\/06\/16508700_745211598977479_8527651273775576606_n.png?resize=650%2C520 650w\" sizes=\"(max-width: 800px) 100vw, 800px\" data-recalc-dims=\"1\" \/><\/p>\n<div>O Capim Santo \u00e9 um ref\u00fagio para quem busca uma comida leve e deliciosa.<br \/>\nO local serve pratos t\u00edpicos brasileiros, al\u00e9m de op\u00e7\u00f5es veganas e \u00f3timas sobremesas.<br \/>\nPara os amantes de tapiocas, o Capim Santo conta com uma esta\u00e7\u00e3o somente delas e com infinitas op\u00e7\u00f5es de sabores.<br \/>\nO ambiente tem lindos ambientes externos e se voc\u00ea der sorte, \u00e9 poss\u00edvel comer na companhias de um lindo Bem-Te-Vi.<\/div>\n<div><span class=\"_50f4\"><strong>Endere\u00e7o:<\/strong> Al. Ministro Rocha Azevedo, 471 \u2013 Jardins, S\u00e3o Paulo, SP<\/span><\/div>\n<div><\/div>\n<h3><strong>Mimo Restaurante<\/strong><img decoding=\"async\" loading=\"lazy\" class=\"alignnone wp-image-8240 size-full\" src=\"https:\/\/i0.wp.com\/duplagourmet.com.br\/wp-content\/uploads\/2017\/06\/10322778_964638250228113_2974445379361552264_n.png?resize=800%2C735\" alt=\"\" width=\"800\" height=\"735\" srcset=\"https:\/\/i0.wp.com\/duplagourmet.com.br\/wp-content\/uploads\/2017\/06\/10322778_964638250228113_2974445379361552264_n.png?w=800 800w, https:\/\/i0.wp.com\/duplagourmet.com.br\/wp-content\/uploads\/2017\/06\/10322778_964638250228113_2974445379361552264_n.png?resize=650%2C597 650w\" sizes=\"(max-width: 800px) 100vw, 800px\" data-recalc-dims=\"1\" \/><\/h3>\n<p><img decoding=\"async\" loading=\"lazy\" class=\"alignnone wp-image-8241 size-full\" src=\"https:\/\/i0.wp.com\/duplagourmet.com.br\/wp-content\/uploads\/2017\/06\/12821537_1193869010638368_3808590864764166544_n.jpg?resize=800%2C533\" alt=\"\" width=\"800\" height=\"533\" srcset=\"https:\/\/i0.wp.com\/duplagourmet.com.br\/wp-content\/uploads\/2017\/06\/12821537_1193869010638368_3808590864764166544_n.jpg?w=800 800w, https:\/\/i0.wp.com\/duplagourmet.com.br\/wp-content\/uploads\/2017\/06\/12821537_1193869010638368_3808590864764166544_n.jpg?resize=650%2C433 650w\" sizes=\"(max-width: 800px) 100vw, 800px\" data-recalc-dims=\"1\" \/><\/p>\n<p>Sempre que indicamos alguns lugares que amamos em nossas redes socais, leitores queridos tamb\u00e9m nos ajudam recomendando lugares especiais para eles.<br \/>\nE entre esses lugares que nos indicaram, o MIMO estava entre v\u00e1rias destas indica\u00e7\u00f5es.\u00a0Quando conhecemos, entendemos perfeitamente o\u00a0por qu\u00ea!<br \/>\nO local \u00e9 lindo, clean, aconchegante, moderno e com um atendimento excelente.<br \/>\nOs pratos s\u00e3o bem servidos e o risoto de queijo de cabra \u00e9 simplesmente inexplic\u00e1vel!<br \/>\nIndicamos o MIMO de olhos fechados.<\/p>\n<p><strong><span class=\"_xdb\">Endere\u00e7o: <\/span><\/strong><span class=\"_Xbe\">R. Caconde, 118 &#8211; Jardim Paulista, S\u00e3o Paulo &#8211; SP<\/span><\/p>\n<h3><strong>Tordesilhas<br \/>\n<\/strong><strong><img decoding=\"async\" loading=\"lazy\" class=\"alignnone wp-image-8245 size-full\" src=\"https:\/\/i0.wp.com\/duplagourmet.com.br\/wp-content\/uploads\/2017\/06\/16299304_1483663668342846_1700088577744747331_n.jpg?resize=800%2C600\" alt=\"\" width=\"800\" height=\"600\" srcset=\"https:\/\/i0.wp.com\/duplagourmet.com.br\/wp-content\/uploads\/2017\/06\/16299304_1483663668342846_1700088577744747331_n.jpg?w=800 800w, https:\/\/i0.wp.com\/duplagourmet.com.br\/wp-content\/uploads\/2017\/06\/16299304_1483663668342846_1700088577744747331_n.jpg?resize=650%2C488 650w\" sizes=\"(max-width: 800px) 100vw, 800px\" data-recalc-dims=\"1\" \/><\/strong><\/h3>\n<p><img decoding=\"async\" loading=\"lazy\" class=\"alignnone wp-image-8244 size-full\" src=\"https:\/\/i0.wp.com\/duplagourmet.com.br\/wp-content\/uploads\/2017\/06\/12901516_1141526269223256_3715228129872404497_o.jpg?resize=800%2C386\" alt=\"\" width=\"800\" height=\"386\" srcset=\"https:\/\/i0.wp.com\/duplagourmet.com.br\/wp-content\/uploads\/2017\/06\/12901516_1141526269223256_3715228129872404497_o.jpg?w=800 800w, https:\/\/i0.wp.com\/duplagourmet.com.br\/wp-content\/uploads\/2017\/06\/12901516_1141526269223256_3715228129872404497_o.jpg?resize=650%2C314 650w\" sizes=\"(max-width: 800px) 100vw, 800px\" data-recalc-dims=\"1\" \/><\/p>\n<p>O Tordesilhas \u00e9 um dos nossos restaurantes favoritos na vida!<br \/>\nA Chef Mara Salles \u00e9 fant\u00e1stica e traz \u00f3timas influ\u00eancias da comida brasileira para o Tordesilhas.<br \/>\nGastronomia aut\u00eantica e refinada. \u00c9\u00a0quase imposs\u00edvel escolher um \u00fanico prato com um menu t\u00e3o rico de op\u00e7\u00f5es.<br \/>\nO ambiente \u00e9 agrad\u00e1vel e os colaboradores s\u00e3o super gentis.<br \/>\nO bob\u00f3 de camar\u00e3o \u00e9 o melhor do mundo!<\/p>\n<p><span class=\"_Xbe\"><strong>Endere\u00e7o:<\/strong> Alameda Tiet\u00ea, 489 &#8211; Cerqueira C\u00e9sar, S\u00e3o Paulo &#8211; SP<\/span><strong><br \/>\n<\/strong><\/p>\n<h3 class=\"restaurantSummary-name\"><strong>Alucci Alucci\u00a0<\/strong><img decoding=\"async\" loading=\"lazy\" class=\"alignnone wp-image-8249 size-full\" src=\"https:\/\/i0.wp.com\/duplagourmet.com.br\/wp-content\/uploads\/2017\/06\/14962640_1287756684608507_3025212047975945045_n.jpg?resize=800%2C520\" alt=\"\" width=\"800\" height=\"520\" srcset=\"https:\/\/i0.wp.com\/duplagourmet.com.br\/wp-content\/uploads\/2017\/06\/14962640_1287756684608507_3025212047975945045_n.jpg?w=800 800w, https:\/\/i0.wp.com\/duplagourmet.com.br\/wp-content\/uploads\/2017\/06\/14962640_1287756684608507_3025212047975945045_n.jpg?resize=650%2C423 650w\" sizes=\"(max-width: 800px) 100vw, 800px\" data-recalc-dims=\"1\" \/><\/h3>\n<p><img decoding=\"async\" loading=\"lazy\" class=\"alignnone wp-image-8248 size-full\" src=\"https:\/\/i0.wp.com\/duplagourmet.com.br\/wp-content\/uploads\/2017\/06\/10710763_799513490099498_5491792531633522679_n.jpg?resize=800%2C800\" alt=\"\" width=\"800\" height=\"800\" srcset=\"https:\/\/i0.wp.com\/duplagourmet.com.br\/wp-content\/uploads\/2017\/06\/10710763_799513490099498_5491792531633522679_n.jpg?w=800 800w, https:\/\/i0.wp.com\/duplagourmet.com.br\/wp-content\/uploads\/2017\/06\/10710763_799513490099498_5491792531633522679_n.jpg?resize=270%2C270 270w, https:\/\/i0.wp.com\/duplagourmet.com.br\/wp-content\/uploads\/2017\/06\/10710763_799513490099498_5491792531633522679_n.jpg?resize=650%2C650 650w\" sizes=\"(max-width: 800px) 100vw, 800px\" data-recalc-dims=\"1\" \/><\/p>\n<p>O Alucci Alucci \u00e9 um restaurante com um dos climas mais legais que conhecemos.<br \/>\nO ambiente \u00e9 confort\u00e1vel, animado, com \u00f3tima m\u00fasica e colaboradores super simp\u00e1ticos.<br \/>\nSomos f\u00e3s do cordeiros e todas as sobremesas, principalmente a crepe de tapioca com goiabada&#8230;humm! S\u00f3 de lembrar nos deu saudades rsrsrs!<\/p>\n<p class=\"restaurantSummary-name\"><strong>Endere\u00e7o:<\/strong>\u00a0<span class=\"_Xbe\">R. Vit\u00f3rio Fasano, 35 &#8211; Jardim Paulista, S\u00e3o Paulo &#8211; SP<\/span><\/p>\n<h3><strong>Amadeus\u00a0<\/strong><img decoding=\"async\" loading=\"lazy\" class=\"alignnone wp-image-8257 size-full\" src=\"https:\/\/i0.wp.com\/duplagourmet.com.br\/wp-content\/uploads\/2017\/06\/598751_587109881373839_1973126855_n.jpg?resize=800%2C533\" alt=\"\" width=\"800\" height=\"533\" srcset=\"https:\/\/i0.wp.com\/duplagourmet.com.br\/wp-content\/uploads\/2017\/06\/598751_587109881373839_1973126855_n.jpg?w=800 800w, https:\/\/i0.wp.com\/duplagourmet.com.br\/wp-content\/uploads\/2017\/06\/598751_587109881373839_1973126855_n.jpg?resize=650%2C433 650w\" sizes=\"(max-width: 800px) 100vw, 800px\" data-recalc-dims=\"1\" \/><\/h3>\n<p><img decoding=\"async\" loading=\"lazy\" class=\"alignnone wp-image-8258 size-full\" src=\"https:\/\/i0.wp.com\/duplagourmet.com.br\/wp-content\/uploads\/2017\/06\/11150373_818220171596141_2679838372450668251_n-1.jpg?resize=800%2C533\" alt=\"\" width=\"800\" height=\"533\" srcset=\"https:\/\/i0.wp.com\/duplagourmet.com.br\/wp-content\/uploads\/2017\/06\/11150373_818220171596141_2679838372450668251_n-1.jpg?w=800 800w, https:\/\/i0.wp.com\/duplagourmet.com.br\/wp-content\/uploads\/2017\/06\/11150373_818220171596141_2679838372450668251_n-1.jpg?resize=650%2C433 650w\" sizes=\"(max-width: 800px) 100vw, 800px\" data-recalc-dims=\"1\" \/><\/p>\n<p>Quando\u00a0conhecemos o Amadeus, pensamos &#8220;porque nunca entramos aqui antes&#8221;.<br \/>\nO lugar \u00e9\u00a0\u00f3timo, bem decorado e com um foco especial em frutos do mar.<br \/>\nO custo \u00e9 um pouco elevado, mas vale cada centavo.<br \/>\nO couvert da casa oferece uma cesta de p\u00e3es e um mix de sopa de legumes, pastel, salm\u00e3o com cogumelos e lulas com lentilhas, tudo em pequenas por\u00e7\u00f5es, mas tudo\u00a0fant\u00e1stico!<br \/>\nA\u00a0ca\u00e7arola de mexilh\u00f5es e o pudim de\u00a0macad\u00e2mia\u00a0nos encantaram.<\/p>\n<p>Endere\u00e7o:\u00a0<span class=\"_Xbe\">Rua Haddock Lobo, 807 &#8211; Cerqueira C\u00e9sar, S\u00e3o Paulo &#8211; SP<\/span><\/p>\n<h3><strong>Myk<\/strong><img decoding=\"async\" loading=\"lazy\" class=\"alignnone wp-image-8262 size-full\" src=\"https:\/\/i0.wp.com\/duplagourmet.com.br\/wp-content\/uploads\/2017\/06\/MYK.jpg?resize=800%2C533\" alt=\"\" width=\"800\" height=\"533\" srcset=\"https:\/\/i0.wp.com\/duplagourmet.com.br\/wp-content\/uploads\/2017\/06\/MYK.jpg?w=800 800w, https:\/\/i0.wp.com\/duplagourmet.com.br\/wp-content\/uploads\/2017\/06\/MYK.jpg?resize=650%2C433 650w\" sizes=\"(max-width: 800px) 100vw, 800px\" data-recalc-dims=\"1\" \/><\/h3>\n<p><img decoding=\"async\" loading=\"lazy\" class=\"alignnone wp-image-8261 size-full\" src=\"https:\/\/i0.wp.com\/duplagourmet.com.br\/wp-content\/uploads\/2017\/06\/Myk-1.jpg?resize=800%2C533\" alt=\"\" width=\"800\" height=\"533\" srcset=\"https:\/\/i0.wp.com\/duplagourmet.com.br\/wp-content\/uploads\/2017\/06\/Myk-1.jpg?w=800 800w, https:\/\/i0.wp.com\/duplagourmet.com.br\/wp-content\/uploads\/2017\/06\/Myk-1.jpg?resize=650%2C433 650w\" sizes=\"(max-width: 800px) 100vw, 800px\" data-recalc-dims=\"1\" \/><\/p>\n<p>O MYK \u00e9 uma excelente surpresa para quem ama ou tem interesse em conhecer mais da culin\u00e1ria grega.<br \/>\nO ambiente \u00e9 lindo, muito rom\u00e2ntico no hor\u00e1rio noturno e remete muito a arquitetura da ilha mais badalada da Gr\u00e9cia, a Mykonos.<br \/>\nA Chef Mariana Camargo morou cinco anos na ilha mediterr\u00e2nea, onde trouxe receitas e inspira\u00e7\u00f5es para o excelente card\u00e1pio criado.<br \/>\nA Moussaka \u00e9 deliciosa, bem condimentada e extremamente saborosa.<\/p>\n<p><span class=\"_xdb\"><strong>Endere\u00e7o:<\/strong>\u00a0<\/span><span class=\"_Xbe\">Rua Peixoto Gomide, 1972 &#8211; Jardins, S\u00e3o Paulo &#8211; SP<\/span><\/p>\n<h3><strong>Chef Rouge<\/strong><br \/>\n<img decoding=\"async\" loading=\"lazy\" class=\"alignnone wp-image-8287 size-full\" src=\"https:\/\/i0.wp.com\/duplagourmet.com.br\/wp-content\/uploads\/2017\/06\/15252553_1346303162081608_7532509368806690604_o.jpg?resize=800%2C534\" alt=\"\" width=\"800\" height=\"534\" srcset=\"https:\/\/i0.wp.com\/duplagourmet.com.br\/wp-content\/uploads\/2017\/06\/15252553_1346303162081608_7532509368806690604_o.jpg?w=1080 1080w, https:\/\/i0.wp.com\/duplagourmet.com.br\/wp-content\/uploads\/2017\/06\/15252553_1346303162081608_7532509368806690604_o.jpg?resize=650%2C434 650w\" sizes=\"(max-width: 800px) 100vw, 800px\" data-recalc-dims=\"1\" \/><\/h3>\n<p><img decoding=\"async\" loading=\"lazy\" class=\"alignnone wp-image-8288 size-large\" src=\"https:\/\/i0.wp.com\/duplagourmet.com.br\/wp-content\/uploads\/2017\/06\/17880571_1496760443702545_2084164807562143474_o.jpg?resize=800%2C534\" alt=\"\" width=\"800\" height=\"534\" srcset=\"https:\/\/i0.wp.com\/duplagourmet.com.br\/wp-content\/uploads\/2017\/06\/17880571_1496760443702545_2084164807562143474_o.jpg?resize=1140%2C761 1140w, https:\/\/i0.wp.com\/duplagourmet.com.br\/wp-content\/uploads\/2017\/06\/17880571_1496760443702545_2084164807562143474_o.jpg?resize=650%2C434 650w, https:\/\/i0.wp.com\/duplagourmet.com.br\/wp-content\/uploads\/2017\/06\/17880571_1496760443702545_2084164807562143474_o.jpg?w=1498 1498w\" sizes=\"(max-width: 800px) 100vw, 800px\" data-recalc-dims=\"1\" \/><\/p>\n<p>Sempre que nossos amigos nos perguntam sobre em que restaurante ir em uma data rom\u00e2ntica, o Chef Rouge esta sempre na lista.<br \/>\nO Bistro \u00e9 um charme, bem decorado em tons vermelhos, ilumina\u00e7\u00e3o aconchegante e um jardim na entrada de tirar o f\u00f4lego.<br \/>\nAtendimento acima da m\u00e9dia e extremamente eficiente.<br \/>\nCom gastronomia francesa, o local serve \u00f3timos risotos, aves e carnes<\/p>\n<p><strong>Endere\u00e7o:<\/strong>\u00a0<span class=\"_Xbe\">R. Bela Cintra, 2238 &#8211; Jardim Paulista, S\u00e3o Paulo &#8211; SP<\/span><\/p>\n<h3><strong>EMA<br \/>\n<\/strong><img decoding=\"async\" loading=\"lazy\" class=\"alignnone wp-image-8267 size-full\" src=\"https:\/\/i0.wp.com\/duplagourmet.com.br\/wp-content\/uploads\/2017\/06\/14211979_1175588102498801_996722982482592602_n.jpg?resize=800%2C533\" alt=\"\" width=\"800\" height=\"533\" srcset=\"https:\/\/i0.wp.com\/duplagourmet.com.br\/wp-content\/uploads\/2017\/06\/14211979_1175588102498801_996722982482592602_n.jpg?w=800 800w, https:\/\/i0.wp.com\/duplagourmet.com.br\/wp-content\/uploads\/2017\/06\/14211979_1175588102498801_996722982482592602_n.jpg?resize=650%2C433 650w\" sizes=\"(max-width: 800px) 100vw, 800px\" data-recalc-dims=\"1\" \/><\/h3>\n<p><img decoding=\"async\" loading=\"lazy\" class=\"alignnone wp-image-8268 size-full\" src=\"https:\/\/i0.wp.com\/duplagourmet.com.br\/wp-content\/uploads\/2017\/06\/18699867_1462769727113969_2414202369117916071_n.jpg?resize=800%2C914\" alt=\"\" width=\"800\" height=\"914\" srcset=\"https:\/\/i0.wp.com\/duplagourmet.com.br\/wp-content\/uploads\/2017\/06\/18699867_1462769727113969_2414202369117916071_n.jpg?w=800 800w, https:\/\/i0.wp.com\/duplagourmet.com.br\/wp-content\/uploads\/2017\/06\/18699867_1462769727113969_2414202369117916071_n.jpg?resize=650%2C743 650w\" sizes=\"(max-width: 800px) 100vw, 800px\" data-recalc-dims=\"1\" \/><\/p>\n<p>O EMA \u00e9 uma verdadeira surpresa aos amantes da gastronomia.<br \/>\nOs pratos s\u00e3o bem elaborados e com uma apresenta\u00e7\u00e3o linda e cuidadosa.<br \/>\nO menu degusta\u00e7\u00e3o \u00e9 o grande charme da casa, a chef prepara uma sele\u00e7\u00e3o saborosa de pratos desenvolvidos por ela.<br \/>\nO EMA \u00e9 comandado pela chef Renata Vanzetto do grupo Marakuthai.<br \/>\nO ambiente \u00e9 descontra\u00eddo, cheio de vida, criatividade e com um clima delicioso.<br \/>\nO bolo de chocolate \u00e9 pedida obrigat\u00f3ria.<\/p>\n<p><strong>Endere\u00e7o:<\/strong> R. Bela Cintra, 1551 &#8211; Consola\u00e7\u00e3o, S\u00e3o Paulo &#8211; SP<\/p>\n<p><strong>Fotos: Divulga\u00e7\u00e3o e Dupla Gourmet<\/strong><\/p>\n\n<div style=\"font-size: 0px; height: 0px; line-height: 0px; margin: 0; padding: 0; clear: both;\"><\/div>","protected":false},"excerpt":{"rendered":"<p>Jardins \u00e9 uma regi\u00e3o linda e super nobre da cidade de S\u00e3o Paulo. Trabalhamos por muitos anos na regi\u00e3o e acabamos conhecendo verdadeiras p\u00e9rolas da gastronomia neste per\u00edodo. Sempre que temos disponibilidade separamos um tempo para visitar um novo restaurante na regi\u00e3o. Confessamos que foi quase imposs\u00edvel selecionar somente 10 restaurantes para esta lista. A [&hellip;]<\/p>\n","protected":false},"author":1,"featured_media":8267,"comment_status":"open","ping_status":"open","sticky":false,"template":"","format":"standard","meta":{"jetpack_post_was_ever_published":false,"_jetpack_newsletter_access":"","_jetpack_newsletter_tier_id":0},"categories":[8],"tags":[],"yoast_head":"<!-- This site is optimized with the Yoast SEO plugin v20.2.1 - https:\/\/yoast.com\/wordpress\/plugins\/seo\/ -->\n<title>10 melhores restaurantes na regi\u00e3o dos Jardins - S\u00e3o Paulo -<\/title>\n<meta name=\"robots\" content=\"index, follow, max-snippet:-1, max-image-preview:large, max-video-preview:-1\" \/>\n<link rel=\"canonical\" href=\"https:\/\/duplagourmet.com.br\/index.php\/2017\/07\/27\/10-melhores-restaurantes-na-regiao-dos-jardins-sao-paulo\/\" \/>\n<meta property=\"og:locale\" content=\"pt_BR\" \/>\n<meta property=\"og:type\" content=\"article\" \/>\n<meta property=\"og:title\" content=\"10 melhores restaurantes na regi\u00e3o dos Jardins - S\u00e3o Paulo -\" \/>\n<meta property=\"og:description\" content=\"Jardins \u00e9 uma regi\u00e3o linda e super nobre da cidade de S\u00e3o Paulo. Trabalhamos por muitos anos na regi\u00e3o e acabamos conhecendo verdadeiras p\u00e9rolas da gastronomia neste per\u00edodo. Sempre que temos disponibilidade separamos um tempo para visitar um novo restaurante na regi\u00e3o. Confessamos que foi quase imposs\u00edvel selecionar somente 10 restaurantes para esta lista. A [&hellip;]\" \/>\n<meta property=\"og:url\" content=\"https:\/\/duplagourmet.com.br\/index.php\/2017\/07\/27\/10-melhores-restaurantes-na-regiao-dos-jardins-sao-paulo\/\" \/>\n<meta property=\"article:publisher\" content=\"https:\/\/www.facebook.com\/duplagourmet\" \/>\n<meta property=\"article:published_time\" content=\"2017-07-27T23:02:06+00:00\" \/>\n<meta property=\"article:modified_time\" content=\"2017-07-27T23:04:58+00:00\" \/>\n<meta property=\"og:image\" content=\"https:\/\/i0.wp.com\/duplagourmet.com.br\/wp-content\/uploads\/2017\/06\/14211979_1175588102498801_996722982482592602_n.jpg?fit=800%2C533&ssl=1\" \/>\n\t<meta property=\"og:image:width\" content=\"800\" \/>\n\t<meta property=\"og:image:height\" content=\"533\" \/>\n\t<meta property=\"og:image:type\" content=\"image\/jpeg\" \/>\n<meta name=\"author\" content=\"Lais Trov\u00e3o\" \/>\n<meta name=\"twitter:card\" content=\"summary_large_image\" \/>\n<meta name=\"twitter:creator\" content=\"@DuplaGourmet\" \/>\n<meta name=\"twitter:site\" content=\"@DuplaGourmet\" \/>\n<meta name=\"twitter:label1\" content=\"Escrito por\" \/>\n\t<meta name=\"twitter:data1\" content=\"Lais Trov\u00e3o\" \/>\n\t<meta name=\"twitter:label2\" content=\"Est. tempo de leitura\" \/>\n\t<meta name=\"twitter:data2\" content=\"5 minutos\" \/>\n<script type=\"application\/ld+json\" class=\"yoast-schema-graph\">{\"@context\":\"https:\/\/schema.org\",\"@graph\":[{\"@type\":\"Article\",\"@id\":\"https:\/\/duplagourmet.com.br\/index.php\/2017\/07\/27\/10-melhores-restaurantes-na-regiao-dos-jardins-sao-paulo\/#article\",\"isPartOf\":{\"@id\":\"https:\/\/duplagourmet.com.br\/index.php\/2017\/07\/27\/10-melhores-restaurantes-na-regiao-dos-jardins-sao-paulo\/\"},\"author\":{\"name\":\"Lais Trov\u00e3o\",\"@id\":\"https:\/\/duplagourmet.com.br\/#\/schema\/person\/888065adf1bf32ae6ab307c7362db9b1\"},\"headline\":\"10 melhores restaurantes na regi\u00e3o dos Jardins &#8211; S\u00e3o Paulo\",\"datePublished\":\"2017-07-27T23:02:06+00:00\",\"dateModified\":\"2017-07-27T23:04:58+00:00\",\"mainEntityOfPage\":{\"@id\":\"https:\/\/duplagourmet.com.br\/index.php\/2017\/07\/27\/10-melhores-restaurantes-na-regiao-dos-jardins-sao-paulo\/\"},\"wordCount\":973,\"commentCount\":1,\"publisher\":{\"@id\":\"https:\/\/duplagourmet.com.br\/#organization\"},\"articleSection\":[\"Comendo Fora\"],\"inLanguage\":\"pt-BR\",\"potentialAction\":[{\"@type\":\"CommentAction\",\"name\":\"Comment\",\"target\":[\"https:\/\/duplagourmet.com.br\/index.php\/2017\/07\/27\/10-melhores-restaurantes-na-regiao-dos-jardins-sao-paulo\/#respond\"]}]},{\"@type\":\"WebPage\",\"@id\":\"https:\/\/duplagourmet.com.br\/index.php\/2017\/07\/27\/10-melhores-restaurantes-na-regiao-dos-jardins-sao-paulo\/\",\"url\":\"https:\/\/duplagourmet.com.br\/index.php\/2017\/07\/27\/10-melhores-restaurantes-na-regiao-dos-jardins-sao-paulo\/\",\"name\":\"10 melhores restaurantes na regi\u00e3o dos Jardins - S\u00e3o Paulo -\",\"isPartOf\":{\"@id\":\"https:\/\/duplagourmet.com.br\/#website\"},\"datePublished\":\"2017-07-27T23:02:06+00:00\",\"dateModified\":\"2017-07-27T23:04:58+00:00\",\"breadcrumb\":{\"@id\":\"https:\/\/duplagourmet.com.br\/index.php\/2017\/07\/27\/10-melhores-restaurantes-na-regiao-dos-jardins-sao-paulo\/#breadcrumb\"},\"inLanguage\":\"pt-BR\",\"potentialAction\":[{\"@type\":\"ReadAction\",\"target\":[\"https:\/\/duplagourmet.com.br\/index.php\/2017\/07\/27\/10-melhores-restaurantes-na-regiao-dos-jardins-sao-paulo\/\"]}]},{\"@type\":\"BreadcrumbList\",\"@id\":\"https:\/\/duplagourmet.com.br\/index.php\/2017\/07\/27\/10-melhores-restaurantes-na-regiao-dos-jardins-sao-paulo\/#breadcrumb\",\"itemListElement\":[{\"@type\":\"ListItem\",\"position\":1,\"name\":\"In\u00edcio\",\"item\":\"https:\/\/duplagourmet.com.br\/\"},{\"@type\":\"ListItem\",\"position\":2,\"name\":\"10 melhores restaurantes na regi\u00e3o dos Jardins &#8211; S\u00e3o Paulo\"}]},{\"@type\":\"WebSite\",\"@id\":\"https:\/\/duplagourmet.com.br\/#website\",\"url\":\"https:\/\/duplagourmet.com.br\/\",\"name\":\"\",\"description\":\"Site de Gastronomia e Viagens\",\"publisher\":{\"@id\":\"https:\/\/duplagourmet.com.br\/#organization\"},\"potentialAction\":[{\"@type\":\"SearchAction\",\"target\":{\"@type\":\"EntryPoint\",\"urlTemplate\":\"https:\/\/duplagourmet.com.br\/?s={search_term_string}\"},\"query-input\":\"required name=search_term_string\"}],\"inLanguage\":\"pt-BR\"},{\"@type\":\"Organization\",\"@id\":\"https:\/\/duplagourmet.com.br\/#organization\",\"name\":\"Dupla Gourmet\",\"url\":\"https:\/\/duplagourmet.com.br\/\",\"logo\":{\"@type\":\"ImageObject\",\"inLanguage\":\"pt-BR\",\"@id\":\"https:\/\/duplagourmet.com.br\/#\/schema\/logo\/image\/\",\"url\":\"https:\/\/i0.wp.com\/duplagourmet.com.br\/wp-content\/uploads\/2015\/07\/LOGO.jpg?fit=2120%2C1193&ssl=1\",\"contentUrl\":\"https:\/\/i0.wp.com\/duplagourmet.com.br\/wp-content\/uploads\/2015\/07\/LOGO.jpg?fit=2120%2C1193&ssl=1\",\"width\":2120,\"height\":1193,\"caption\":\"Dupla Gourmet\"},\"image\":{\"@id\":\"https:\/\/duplagourmet.com.br\/#\/schema\/logo\/image\/\"},\"sameAs\":[\"https:\/\/www.facebook.com\/duplagourmet\",\"https:\/\/twitter.com\/DuplaGourmet\",\"https:\/\/instagram.com\/duplagourmet\/\"]},{\"@type\":\"Person\",\"@id\":\"https:\/\/duplagourmet.com.br\/#\/schema\/person\/888065adf1bf32ae6ab307c7362db9b1\",\"name\":\"Lais Trov\u00e3o\",\"image\":{\"@type\":\"ImageObject\",\"inLanguage\":\"pt-BR\",\"@id\":\"https:\/\/duplagourmet.com.br\/#\/schema\/person\/image\/\",\"url\":\"http:\/\/2.gravatar.com\/avatar\/21dda7f6b6103bd096caaf547327b1d9?s=96&d=mm&r=g\",\"contentUrl\":\"http:\/\/2.gravatar.com\/avatar\/21dda7f6b6103bd096caaf547327b1d9?s=96&d=mm&r=g\",\"caption\":\"Lais Trov\u00e3o\"},\"sameAs\":[\"http:\/\/duplagourmet.com.br\/\"],\"url\":\"http:\/\/duplagourmet.com.br\/index.php\/author\/lais_divinohotmail-com\/\"}]}<\/script>\n<!-- \/ Yoast SEO plugin. -->","yoast_head_json":{"title":"10 melhores restaurantes na regi\u00e3o dos Jardins - S\u00e3o Paulo -","robots":{"index":"index","follow":"follow","max-snippet":"max-snippet:-1","max-image-preview":"max-image-preview:large","max-video-preview":"max-video-preview:-1"},"canonical":"https:\/\/duplagourmet.com.br\/index.php\/2017\/07\/27\/10-melhores-restaurantes-na-regiao-dos-jardins-sao-paulo\/","og_locale":"pt_BR","og_type":"article","og_title":"10 melhores restaurantes na regi\u00e3o dos Jardins - S\u00e3o Paulo -","og_description":"Jardins \u00e9 uma regi\u00e3o linda e super nobre da cidade de S\u00e3o Paulo. Trabalhamos por muitos anos na regi\u00e3o e acabamos conhecendo verdadeiras p\u00e9rolas da gastronomia neste per\u00edodo. Sempre que temos disponibilidade separamos um tempo para visitar um novo restaurante na regi\u00e3o. Confessamos que foi quase imposs\u00edvel selecionar somente 10 restaurantes para esta lista. A [&hellip;]","og_url":"https:\/\/duplagourmet.com.br\/index.php\/2017\/07\/27\/10-melhores-restaurantes-na-regiao-dos-jardins-sao-paulo\/","article_publisher":"https:\/\/www.facebook.com\/duplagourmet","article_published_time":"2017-07-27T23:02:06+00:00","article_modified_time":"2017-07-27T23:04:58+00:00","og_image":[{"width":800,"height":533,"url":"https:\/\/i0.wp.com\/duplagourmet.com.br\/wp-content\/uploads\/2017\/06\/14211979_1175588102498801_996722982482592602_n.jpg?fit=800%2C533&ssl=1","type":"image\/jpeg"}],"author":"Lais Trov\u00e3o","twitter_card":"summary_large_image","twitter_creator":"@DuplaGourmet","twitter_site":"@DuplaGourmet","twitter_misc":{"Escrito por":"Lais Trov\u00e3o","Est. tempo de leitura":"5 minutos"},"schema":{"@context":"https:\/\/schema.org","@graph":[{"@type":"Article","@id":"https:\/\/duplagourmet.com.br\/index.php\/2017\/07\/27\/10-melhores-restaurantes-na-regiao-dos-jardins-sao-paulo\/#article","isPartOf":{"@id":"https:\/\/duplagourmet.com.br\/index.php\/2017\/07\/27\/10-melhores-restaurantes-na-regiao-dos-jardins-sao-paulo\/"},"author":{"name":"Lais Trov\u00e3o","@id":"https:\/\/duplagourmet.com.br\/#\/schema\/person\/888065adf1bf32ae6ab307c7362db9b1"},"headline":"10 melhores restaurantes na regi\u00e3o dos Jardins &#8211; S\u00e3o Paulo","datePublished":"2017-07-27T23:02:06+00:00","dateModified":"2017-07-27T23:04:58+00:00","mainEntityOfPage":{"@id":"https:\/\/duplagourmet.com.br\/index.php\/2017\/07\/27\/10-melhores-restaurantes-na-regiao-dos-jardins-sao-paulo\/"},"wordCount":973,"commentCount":1,"publisher":{"@id":"https:\/\/duplagourmet.com.br\/#organization"},"articleSection":["Comendo Fora"],"inLanguage":"pt-BR","potentialAction":[{"@type":"CommentAction","name":"Comment","target":["https:\/\/duplagourmet.com.br\/index.php\/2017\/07\/27\/10-melhores-restaurantes-na-regiao-dos-jardins-sao-paulo\/#respond"]}]},{"@type":"WebPage","@id":"https:\/\/duplagourmet.com.br\/index.php\/2017\/07\/27\/10-melhores-restaurantes-na-regiao-dos-jardins-sao-paulo\/","url":"https:\/\/duplagourmet.com.br\/index.php\/2017\/07\/27\/10-melhores-restaurantes-na-regiao-dos-jardins-sao-paulo\/","name":"10 melhores restaurantes na regi\u00e3o dos Jardins - S\u00e3o Paulo -","isPartOf":{"@id":"https:\/\/duplagourmet.com.br\/#website"},"datePublished":"2017-07-27T23:02:06+00:00","dateModified":"2017-07-27T23:04:58+00:00","breadcrumb":{"@id":"https:\/\/duplagourmet.com.br\/index.php\/2017\/07\/27\/10-melhores-restaurantes-na-regiao-dos-jardins-sao-paulo\/#breadcrumb"},"inLanguage":"pt-BR","potentialAction":[{"@type":"ReadAction","target":["https:\/\/duplagourmet.com.br\/index.php\/2017\/07\/27\/10-melhores-restaurantes-na-regiao-dos-jardins-sao-paulo\/"]}]},{"@type":"BreadcrumbList","@id":"https:\/\/duplagourmet.com.br\/index.php\/2017\/07\/27\/10-melhores-restaurantes-na-regiao-dos-jardins-sao-paulo\/#breadcrumb","itemListElement":[{"@type":"ListItem","position":1,"name":"In\u00edcio","item":"https:\/\/duplagourmet.com.br\/"},{"@type":"ListItem","position":2,"name":"10 melhores restaurantes na regi\u00e3o dos Jardins &#8211; S\u00e3o Paulo"}]},{"@type":"WebSite","@id":"https:\/\/duplagourmet.com.br\/#website","url":"https:\/\/duplagourmet.com.br\/","name":"","description":"Site de Gastronomia e Viagens","publisher":{"@id":"https:\/\/duplagourmet.com.br\/#organization"},"potentialAction":[{"@type":"SearchAction","target":{"@type":"EntryPoint","urlTemplate":"https:\/\/duplagourmet.com.br\/?s={search_term_string}"},"query-input":"required name=search_term_string"}],"inLanguage":"pt-BR"},{"@type":"Organization","@id":"https:\/\/duplagourmet.com.br\/#organization","name":"Dupla Gourmet","url":"https:\/\/duplagourmet.com.br\/","logo":{"@type":"ImageObject","inLanguage":"pt-BR","@id":"https:\/\/duplagourmet.com.br\/#\/schema\/logo\/image\/","url":"https:\/\/i0.wp.com\/duplagourmet.com.br\/wp-content\/uploads\/2015\/07\/LOGO.jpg?fit=2120%2C1193&ssl=1","contentUrl":"https:\/\/i0.wp.com\/duplagourmet.com.br\/wp-content\/uploads\/2015\/07\/LOGO.jpg?fit=2120%2C1193&ssl=1","width":2120,"height":1193,"caption":"Dupla Gourmet"},"image":{"@id":"https:\/\/duplagourmet.com.br\/#\/schema\/logo\/image\/"},"sameAs":["https:\/\/www.facebook.com\/duplagourmet","https:\/\/twitter.com\/DuplaGourmet","https:\/\/instagram.com\/duplagourmet\/"]},{"@type":"Person","@id":"https:\/\/duplagourmet.com.br\/#\/schema\/person\/888065adf1bf32ae6ab307c7362db9b1","name":"Lais Trov\u00e3o","image":{"@type":"ImageObject","inLanguage":"pt-BR","@id":"https:\/\/duplagourmet.com.br\/#\/schema\/person\/image\/","url":"http:\/\/2.gravatar.com\/avatar\/21dda7f6b6103bd096caaf547327b1d9?s=96&d=mm&r=g","contentUrl":"http:\/\/2.gravatar.com\/avatar\/21dda7f6b6103bd096caaf547327b1d9?s=96&d=mm&r=g","caption":"Lais Trov\u00e3o"},"sameAs":["http:\/\/duplagourmet.com.br\/"],"url":"http:\/\/duplagourmet.com.br\/index.php\/author\/lais_divinohotmail-com\/"}]}},"jetpack_sharing_enabled":true,"jetpack_featured_media_url":"https:\/\/i0.wp.com\/duplagourmet.com.br\/wp-content\/uploads\/2017\/06\/14211979_1175588102498801_996722982482592602_n.jpg?fit=800%2C533","jetpack_shortlink":"https:\/\/wp.me\/p67KK6-2bs","_links":{"self":[{"href":"http:\/\/duplagourmet.com.br\/index.php\/wp-json\/wp\/v2\/posts\/8398"}],"collection":[{"href":"http:\/\/duplagourmet.com.br\/index.php\/wp-json\/wp\/v2\/posts"}],"about":[{"href":"http:\/\/duplagourmet.com.br\/index.php\/wp-json\/wp\/v2\/types\/post"}],"author":[{"embeddable":true,"href":"http:\/\/duplagourmet.com.br\/index.php\/wp-json\/wp\/v2\/users\/1"}],"replies":[{"embeddable":true,"href":"http:\/\/duplagourmet.com.br\/index.php\/wp-json\/wp\/v2\/comments?post=8398"}],"version-history":[{"count":2,"href":"http:\/\/duplagourmet.com.br\/index.php\/wp-json\/wp\/v2\/posts\/8398\/revisions"}],"predecessor-version":[{"id":8401,"href":"http:\/\/duplagourmet.com.br\/index.php\/wp-json\/wp\/v2\/posts\/8398\/revisions\/8401"}],"wp:featuredmedia":[{"embeddable":true,"href":"http:\/\/duplagourmet.com.br\/index.php\/wp-json\/wp\/v2\/media\/8267"}],"wp:attachment":[{"href":"http:\/\/duplagourmet.com.br\/index.php\/wp-json\/wp\/v2\/media?parent=8398"}],"wp:term":[{"taxonomy":"category","embeddable":true,"href":"http:\/\/duplagourmet.com.br\/index.php\/wp-json\/wp\/v2\/categories?post=8398"},{"taxonomy":"post_tag","embeddable":true,"href":"http:\/\/duplagourmet.com.br\/index.php\/wp-json\/wp\/v2\/tags?post=8398"}],"curies":[{"name":"wp","href":"https:\/\/api.w.org\/{rel}","templated":true}]}}