{"id":678,"date":"2015-07-08T23:39:03","date_gmt":"2015-07-08T23:39:03","guid":{"rendered":"http:\/\/duplagourmet.com.br\/?p=678"},"modified":"2020-12-04T17:10:20","modified_gmt":"2020-12-04T17:10:20","slug":"10-padarias-sensacionais-em-sao-paulo","status":"publish","type":"post","link":"http:\/\/duplagourmet.com.br\/index.php\/2015\/07\/08\/10-padarias-sensacionais-em-sao-paulo\/","title":{"rendered":"10 Padarias Sensacionais Em S\u00e3o Paulo"},"content":{"rendered":"<div class=\"0d3c8bb807db4512cec61ce0ce609918\" data-index=\"1\" style=\"float: right; margin:10px 0 10px 10px;\">\n<script async src=\"\/\/pagead2.googlesyndication.com\/pagead\/js\/adsbygoogle.js\"><\/script>\r\n<!-- Dupla -->\r\n<ins class=\"adsbygoogle\"\r\n     style=\"display:inline-block;width:336px;height:280px\"\r\n     data-ad-client=\"ca-pub-5223135331964240\"\r\n     data-ad-slot=\"1820166419\"><\/ins>\r\n<script>\r\n(adsbygoogle = window.adsbygoogle || []).push({});\r\n<\/script>\n<\/div>\n<p style=\"text-align: left;\">Quem nos conhece sabe que somos apaixonados por padarias e por um bom caf\u00e9 da manh\u00e3!<br \/>\nAmamos acordar e ir para um lugar com aquele cheirinho de caf\u00e9, p\u00e3es fresquinhos e \u00f3timos doces.<br \/>\nMontamos essa mat\u00e9ria com todo carinho para dividir com voc\u00eas 10 padarias que achamos sensacionais!!<br \/>\nTodos elas possuem um diferencial, seja no card\u00e1pio, no ambiente descolado ou no atendimento.<br \/>\nSe voc\u00ea tamb\u00e9m ama conhecer novos lugares e ama aquele clima de que o dia de fato come\u00e7ou&#8230;essa lista foi feita para voc\u00ea!<br \/>\nQue tal come\u00e7ar o dia conhecendo uma delas?!<br \/>\nVem ver!<\/p>\n<h3 style=\"text-align: left;\"><\/h3>\n<h3 style=\"text-align: center;\"><strong>Marie Marie Bakery<br \/>\n<img decoding=\"async\" loading=\"lazy\" class=\"alignnone wp-image-4758 size-full\" src=\"https:\/\/i0.wp.com\/duplagourmet.com.br\/wp-content\/uploads\/2016\/07\/MG_0011.jpg?resize=800%2C533\" alt=\"_MG_0011\" width=\"800\" height=\"533\" srcset=\"https:\/\/i0.wp.com\/duplagourmet.com.br\/wp-content\/uploads\/2016\/07\/MG_0011.jpg?w=900 900w, https:\/\/i0.wp.com\/duplagourmet.com.br\/wp-content\/uploads\/2016\/07\/MG_0011.jpg?resize=650%2C433 650w\" sizes=\"(max-width: 800px) 100vw, 800px\" data-recalc-dims=\"1\" \/><\/strong><\/h3>\n<p><img decoding=\"async\" loading=\"lazy\" class=\"alignnone wp-image-4759 size-full\" src=\"https:\/\/i0.wp.com\/duplagourmet.com.br\/wp-content\/uploads\/2016\/07\/IMG_0144.jpg?resize=800%2C527\" alt=\"IMG_0144\" width=\"800\" height=\"527\" srcset=\"https:\/\/i0.wp.com\/duplagourmet.com.br\/wp-content\/uploads\/2016\/07\/IMG_0144.jpg?w=900 900w, https:\/\/i0.wp.com\/duplagourmet.com.br\/wp-content\/uploads\/2016\/07\/IMG_0144.jpg?resize=650%2C428 650w\" sizes=\"(max-width: 800px) 100vw, 800px\" data-recalc-dims=\"1\" \/><\/p>\n<p style=\"text-align: left;\">A Marie Marie \u00e9 uma das padarias mais surpreendentes que j\u00e1 conhecemos aqui em S\u00e3o Paulo.<br \/>\nEla \u00e9 inspirada nas incr\u00edveis Bakeries de New York. Possui um espa\u00e7o lindo, rico em detalhes e extremamente moderno.<br \/>\nOs p\u00e3es s\u00e3o todos artesanais e produzidos com fermenta\u00e7\u00e3o natural.<br \/>\nO croissant de Nutella \u00e9 obrigat\u00f3rio!<br \/>\n<strong>Endere\u00e7o:<\/strong>\u00a0R. Azevedo Soares, 2532 &#8211; Vila Gomes Cardim, S\u00e3o Paulo &#8211; SP, 03322-002<strong><br \/>\n<\/strong><\/p>\n<h3 style=\"text-align: center;\"><strong>Mr. Baker<\/strong><a href=\"https:\/\/i0.wp.com\/duplagourmet.com.br\/wp-content\/uploads\/2015\/07\/GLAMURAMA.jpg\"><img decoding=\"async\" loading=\"lazy\" class=\"alignnone wp-image-684\" src=\"https:\/\/i0.wp.com\/duplagourmet.com.br\/wp-content\/uploads\/2015\/07\/GLAMURAMA.jpg?resize=800%2C533\" alt=\"GLAMURAMA\" width=\"800\" height=\"533\" srcset=\"https:\/\/i0.wp.com\/duplagourmet.com.br\/wp-content\/uploads\/2015\/07\/GLAMURAMA.jpg?resize=632%2C421 632w, https:\/\/i0.wp.com\/duplagourmet.com.br\/wp-content\/uploads\/2015\/07\/GLAMURAMA.jpg?resize=570%2C380 570w, https:\/\/i0.wp.com\/duplagourmet.com.br\/wp-content\/uploads\/2015\/07\/GLAMURAMA.jpg?w=900 900w\" sizes=\"(max-width: 800px) 100vw, 800px\" data-recalc-dims=\"1\" \/><br \/>\n<\/a><a href=\"https:\/\/i0.wp.com\/duplagourmet.com.br\/wp-content\/uploads\/2015\/07\/GLAMURAMA.jpg\"><img decoding=\"async\" loading=\"lazy\" class=\"alignnone wp-image-3613 size-full\" src=\"https:\/\/i0.wp.com\/duplagourmet.com.br\/wp-content\/uploads\/2015\/07\/PADARIA.jpg?resize=800%2C533\" alt=\"PADARIA\" width=\"800\" height=\"533\" srcset=\"https:\/\/i0.wp.com\/duplagourmet.com.br\/wp-content\/uploads\/2015\/07\/PADARIA.jpg?w=800 800w, https:\/\/i0.wp.com\/duplagourmet.com.br\/wp-content\/uploads\/2015\/07\/PADARIA.jpg?resize=650%2C433 650w\" sizes=\"(max-width: 800px) 100vw, 800px\" data-recalc-dims=\"1\" \/><\/a><\/h3>\n<p>Uma padaria aconchegante, com varanda externa e produtos bem fresquinhos.<br \/>\nPossuem uma variedade bem ampla de p\u00e3es e produtos org\u00e2nicos.<br \/>\nO Pain au chocolat e o p\u00e3o de semente de ab\u00f3bora \u00e9 o nosso produto favorito.<br \/>\n<strong>Endere\u00e7o:<\/strong>\u00a0R. Pedroso Alvarenga, 655 &#8211; Itaim Bibi, S\u00e3o Paulo &#8211; SP, 04531-011<\/p>\n<h3 style=\"text-align: center;\"><strong>Julice Boulang\u00e8re<br \/>\n<img decoding=\"async\" loading=\"lazy\" class=\"alignnone wp-image-3652 size-full\" src=\"https:\/\/i0.wp.com\/duplagourmet.com.br\/wp-content\/uploads\/2015\/07\/JULICE-1.jpg?resize=800%2C529\" alt=\"JULICE\" width=\"800\" height=\"529\" srcset=\"https:\/\/i0.wp.com\/duplagourmet.com.br\/wp-content\/uploads\/2015\/07\/JULICE-1.jpg?w=800 800w, https:\/\/i0.wp.com\/duplagourmet.com.br\/wp-content\/uploads\/2015\/07\/JULICE-1.jpg?resize=650%2C430 650w\" sizes=\"(max-width: 800px) 100vw, 800px\" data-recalc-dims=\"1\" \/><\/strong><\/h3>\n<p><img decoding=\"async\" loading=\"lazy\" class=\"alignnone wp-image-3653 size-full\" src=\"https:\/\/i0.wp.com\/duplagourmet.com.br\/wp-content\/uploads\/2015\/07\/JULICE1-1.jpg?resize=800%2C800\" alt=\"JULICE'1\" width=\"800\" height=\"800\" srcset=\"https:\/\/i0.wp.com\/duplagourmet.com.br\/wp-content\/uploads\/2015\/07\/JULICE1-1.jpg?w=800 800w, https:\/\/i0.wp.com\/duplagourmet.com.br\/wp-content\/uploads\/2015\/07\/JULICE1-1.jpg?resize=270%2C270 270w, https:\/\/i0.wp.com\/duplagourmet.com.br\/wp-content\/uploads\/2015\/07\/JULICE1-1.jpg?resize=650%2C650 650w\" sizes=\"(max-width: 800px) 100vw, 800px\" data-recalc-dims=\"1\" \/><\/p>\n<p>Com certeza um dos nossos caf\u00e9s favoritos aqui em S\u00e3o Paulo.<br \/>\nAmbiente com aquele clima de viagem!<br \/>\nOs pratos possuem \u00f3timas apresenta\u00e7\u00f5es que encantam a todos!<br \/>\nO croque madame \u00e9 o nosso pedido de sempre!<br \/>\n<strong>Endere\u00e7o:\u00a0<\/strong>R. Dep. Lacerda Franco, 536 &#8211; Pinheiros, S\u00e3o Paulo &#8211; SP, 05418-001<\/p>\n<h3 style=\"text-align: center;\"><strong>Le Pain Quotidien<\/strong><img decoding=\"async\" loading=\"lazy\" class=\"alignnone wp-image-3615 size-full\" src=\"https:\/\/i0.wp.com\/duplagourmet.com.br\/wp-content\/uploads\/2015\/07\/DUPLA111.jpg?resize=800%2C533\" alt=\"DUPLA111\" width=\"800\" height=\"533\" srcset=\"https:\/\/i0.wp.com\/duplagourmet.com.br\/wp-content\/uploads\/2015\/07\/DUPLA111.jpg?w=800 800w, https:\/\/i0.wp.com\/duplagourmet.com.br\/wp-content\/uploads\/2015\/07\/DUPLA111.jpg?resize=650%2C433 650w\" sizes=\"(max-width: 800px) 100vw, 800px\" data-recalc-dims=\"1\" \/><\/h3>\n<p><img decoding=\"async\" loading=\"lazy\" class=\"alignnone wp-image-3617 size-full\" src=\"https:\/\/i0.wp.com\/duplagourmet.com.br\/wp-content\/uploads\/2015\/07\/DUPLA1222.jpg?resize=800%2C448\" alt=\"DUPLA1222\" width=\"800\" height=\"448\" srcset=\"https:\/\/i0.wp.com\/duplagourmet.com.br\/wp-content\/uploads\/2015\/07\/DUPLA1222.jpg?w=800 800w, https:\/\/i0.wp.com\/duplagourmet.com.br\/wp-content\/uploads\/2015\/07\/DUPLA1222.jpg?resize=650%2C364 650w\" sizes=\"(max-width: 800px) 100vw, 800px\" data-recalc-dims=\"1\" \/><\/p>\n<p>A Le Pain Quotidien \u00e9 uma rede belga que chegou no Brasil para a nossa alegria!<br \/>\nO ambiente \u00e9 uma mistura de bistr\u00f4, padaria e delicatessen.<br \/>\nA Tortinha de frutas vermelhas e a limonada de framboesa \u00e9 simplesmente incr\u00edvel!<br \/>\n<strong>Endere\u00e7o:\u00a0<\/strong>Rua Wisard, 138 &#8211; Vila Madalena, S\u00e3o Paulo &#8211; SP, 05434-000<\/p>\n<h3 style=\"text-align: center;\"><b>Padoca do Man\u00ed<\/b><img decoding=\"async\" loading=\"lazy\" class=\"alignnone wp-image-3624 size-full\" src=\"https:\/\/i0.wp.com\/duplagourmet.com.br\/wp-content\/uploads\/2015\/07\/img_0570_hi-1.jpg?resize=800%2C533\" alt=\"img_0570_hi\" width=\"800\" height=\"533\" srcset=\"https:\/\/i0.wp.com\/duplagourmet.com.br\/wp-content\/uploads\/2015\/07\/img_0570_hi-1.jpg?w=800 800w, https:\/\/i0.wp.com\/duplagourmet.com.br\/wp-content\/uploads\/2015\/07\/img_0570_hi-1.jpg?resize=650%2C433 650w\" sizes=\"(max-width: 800px) 100vw, 800px\" data-recalc-dims=\"1\" \/><\/h3>\n<p><img decoding=\"async\" loading=\"lazy\" class=\"alignnone wp-image-3625 size-full\" src=\"https:\/\/i0.wp.com\/duplagourmet.com.br\/wp-content\/uploads\/2015\/07\/IMG_0746-632x474-1.jpg?resize=800%2C600\" alt=\"IMG_0746-632x474\" width=\"800\" height=\"600\" srcset=\"https:\/\/i0.wp.com\/duplagourmet.com.br\/wp-content\/uploads\/2015\/07\/IMG_0746-632x474-1.jpg?w=800 800w, https:\/\/i0.wp.com\/duplagourmet.com.br\/wp-content\/uploads\/2015\/07\/IMG_0746-632x474-1.jpg?resize=650%2C488 650w\" sizes=\"(max-width: 800px) 100vw, 800px\" data-recalc-dims=\"1\" \/><\/p>\n<p>Sabe quando voc\u00ea pensa &#8220;como eu n\u00e3o conheci este lugar\u00a0antes?!&#8221;<br \/>\nA Padoca do Man\u00ed \u00e9 assim!<br \/>\nTodos os produtos s\u00e3o bem apresentados, frescos e extremamente saborosos!<br \/>\nA decora\u00e7\u00e3o \u00e9 linda e tudo faz com que voc\u00ea queira voltar sempre.<br \/>\nSomos f\u00e3s declarados deste lugar!<br \/>\n<strong>Endere\u00e7o:<\/strong>\u00a0R. Joaquim Antunes, 138 &#8211; Pinheiros, SP<\/p>\n<h3 style=\"text-align: center;\"><strong>Bl\u00e9s d\u00b4Or<\/strong><img decoding=\"async\" loading=\"lazy\" class=\"alignnone wp-image-3627 size-full\" src=\"https:\/\/i0.wp.com\/duplagourmet.com.br\/wp-content\/uploads\/2015\/07\/teresamascaro-632x309-1.jpg?resize=800%2C391\" alt=\"teresamascaro-632x309\" width=\"800\" height=\"391\" srcset=\"https:\/\/i0.wp.com\/duplagourmet.com.br\/wp-content\/uploads\/2015\/07\/teresamascaro-632x309-1.jpg?w=800 800w, https:\/\/i0.wp.com\/duplagourmet.com.br\/wp-content\/uploads\/2015\/07\/teresamascaro-632x309-1.jpg?resize=650%2C318 650w\" sizes=\"(max-width: 800px) 100vw, 800px\" data-recalc-dims=\"1\" \/><\/h3>\n<p><img decoding=\"async\" loading=\"lazy\" class=\"alignnone wp-image-3626 size-full\" src=\"https:\/\/i0.wp.com\/duplagourmet.com.br\/wp-content\/uploads\/2015\/07\/guia-uol-632x331-1.jpg?resize=800%2C419\" alt=\"guia-uol-632x331\" width=\"800\" height=\"419\" srcset=\"https:\/\/i0.wp.com\/duplagourmet.com.br\/wp-content\/uploads\/2015\/07\/guia-uol-632x331-1.jpg?w=800 800w, https:\/\/i0.wp.com\/duplagourmet.com.br\/wp-content\/uploads\/2015\/07\/guia-uol-632x331-1.jpg?resize=650%2C340 650w\" sizes=\"(max-width: 800px) 100vw, 800px\" data-recalc-dims=\"1\" \/><\/p>\n<p>Essa padaria tem um clima t\u00e3o agrad\u00e1vel, que a vontade \u00e9 passar o dia por l\u00e1.<br \/>\nO sal\u00e3o rustico, por\u00e9m moderno tem um varanda deliciosa com teto retr\u00e1til e lindas plantas ao redor.<br \/>\nAos finais de semana \u00e9 servido um generoso buffet de caf\u00e9 da manh\u00e3 com \u00f3timos produtos caseiros.<br \/>\nAs quiches s\u00e3o \u00f3timos e extremamente saborosas.<br \/>\n<strong>Endere\u00e7o:<\/strong>\u00a0Rua Tuim, 653 &#8211; Moema, S\u00e3o Paulo &#8211; SP, 04514-103<\/p>\n<h3 style=\"text-align: center;\"><strong>Bella Paulista<\/strong><img decoding=\"async\" loading=\"lazy\" class=\"alignnone wp-image-3638 \" src=\"https:\/\/i0.wp.com\/duplagourmet.com.br\/wp-content\/uploads\/2015\/07\/bella.jpg?resize=800%2C533\" alt=\"bella\" width=\"800\" height=\"533\" srcset=\"https:\/\/i0.wp.com\/duplagourmet.com.br\/wp-content\/uploads\/2015\/07\/bella.jpg?w=800 800w, https:\/\/i0.wp.com\/duplagourmet.com.br\/wp-content\/uploads\/2015\/07\/bella.jpg?resize=650%2C433 650w\" sizes=\"(max-width: 800px) 100vw, 800px\" data-recalc-dims=\"1\" \/><\/h3>\n<p><img decoding=\"async\" loading=\"lazy\" class=\"alignnone wp-image-3639 size-full\" src=\"https:\/\/i0.wp.com\/duplagourmet.com.br\/wp-content\/uploads\/2015\/07\/bella1.jpg?resize=800%2C470\" alt=\"bella1\" width=\"800\" height=\"470\" srcset=\"https:\/\/i0.wp.com\/duplagourmet.com.br\/wp-content\/uploads\/2015\/07\/bella1.jpg?w=800 800w, https:\/\/i0.wp.com\/duplagourmet.com.br\/wp-content\/uploads\/2015\/07\/bella1.jpg?resize=650%2C382 650w\" sizes=\"(max-width: 800px) 100vw, 800px\" data-recalc-dims=\"1\" \/><\/p>\n<p>Uma das padarias mais famosas de S\u00e3o Paulo!<br \/>\nA Bella Paulista fica na esquina da Avenida Paulista e \u00e9 ideal para tirar um tempo perfeito para descansar e comer bem! Ela \u00e9 um ref\u00fagio na correria da nossa louca por\u00e9m amada S\u00e3o Paulo.<br \/>\nOs pedidos s\u00e3o servidos rapidamente e com um sabor sensacional!<br \/>\nAhh uma coisa \u00f3tima \u00e9 que a padaria fica aberta 24 horas.<br \/>\n<strong style=\"line-height: 1.5;\">Endere\u00e7o:\u00a0<\/strong><span style=\"line-height: 1.5;\">Rua Haddock Lobo, 354 &#8211; Cerqueira Cesar, S\u00e3o Paulo &#8211; SP, 01414-000<\/span><\/p>\n<p>&nbsp;<\/p>\n<h3 style=\"text-align: center;\"><strong>Santo P\u00e3o<br \/>\n<\/strong><img decoding=\"async\" loading=\"lazy\" class=\"alignnone wp-image-3648 size-full\" src=\"https:\/\/i0.wp.com\/duplagourmet.com.br\/wp-content\/uploads\/2015\/07\/santopao.jpg?resize=800%2C423\" alt=\"santopao\" width=\"800\" height=\"423\" srcset=\"https:\/\/i0.wp.com\/duplagourmet.com.br\/wp-content\/uploads\/2015\/07\/santopao.jpg?w=800 800w, https:\/\/i0.wp.com\/duplagourmet.com.br\/wp-content\/uploads\/2015\/07\/santopao.jpg?resize=650%2C344 650w\" sizes=\"(max-width: 800px) 100vw, 800px\" data-recalc-dims=\"1\" \/><\/h3>\n<p><img decoding=\"async\" loading=\"lazy\" class=\"alignnone wp-image-3640 size-full\" src=\"https:\/\/i0.wp.com\/duplagourmet.com.br\/wp-content\/uploads\/2015\/07\/pao3.jpg?resize=800%2C599\" alt=\"pao3\" width=\"800\" height=\"599\" srcset=\"https:\/\/i0.wp.com\/duplagourmet.com.br\/wp-content\/uploads\/2015\/07\/pao3.jpg?w=800 800w, https:\/\/i0.wp.com\/duplagourmet.com.br\/wp-content\/uploads\/2015\/07\/pao3.jpg?resize=650%2C487 650w\" sizes=\"(max-width: 800px) 100vw, 800px\" data-recalc-dims=\"1\" \/><\/p>\n<p>Ambiente rustico e moderno&#8230;.assim \u00e9 a Santo P\u00e3o!<br \/>\nA localiza\u00e7\u00e3o \u00e9 \u00f3tima e o ambiente \u00e9 super familiar.<br \/>\nCachorros s\u00e3o bem vindos na linda varanda,enquanto os produtos frescos e artesanais s\u00e3o servidos para os clientes!<br \/>\nAmamos a Santo P\u00e3o!<br \/>\n<strong>Endere\u00e7o:<\/strong>\u00a0Rua Padre Jo\u00e3o Manuel, 968 &#8211; Jardim Paulista, S\u00e3o Paulo &#8211; SP, 01411-000<\/p>\n<p>&nbsp;<\/p>\n<h3 style=\"text-align: center;\"><strong>7 Molinos<\/strong><img decoding=\"async\" loading=\"lazy\" class=\"alignnone wp-image-3642 size-full\" src=\"https:\/\/i0.wp.com\/duplagourmet.com.br\/wp-content\/uploads\/2015\/07\/molinos1.jpg?resize=800%2C600\" alt=\"molinos1\" width=\"800\" height=\"600\" srcset=\"https:\/\/i0.wp.com\/duplagourmet.com.br\/wp-content\/uploads\/2015\/07\/molinos1.jpg?w=800 800w, https:\/\/i0.wp.com\/duplagourmet.com.br\/wp-content\/uploads\/2015\/07\/molinos1.jpg?resize=650%2C488 650w\" sizes=\"(max-width: 800px) 100vw, 800px\" data-recalc-dims=\"1\" \/><\/h3>\n<p><img decoding=\"async\" loading=\"lazy\" class=\"alignnone wp-image-3641 size-full\" src=\"https:\/\/i0.wp.com\/duplagourmet.com.br\/wp-content\/uploads\/2015\/07\/molinos.jpg?resize=800%2C597\" alt=\"molinos\" width=\"800\" height=\"597\" srcset=\"https:\/\/i0.wp.com\/duplagourmet.com.br\/wp-content\/uploads\/2015\/07\/molinos.jpg?w=800 800w, https:\/\/i0.wp.com\/duplagourmet.com.br\/wp-content\/uploads\/2015\/07\/molinos.jpg?resize=650%2C485 650w\" sizes=\"(max-width: 800px) 100vw, 800px\" data-recalc-dims=\"1\" \/><\/p>\n<p>A 7 Molinos possui um espa\u00e7o lindo com mesas confort\u00e1veis e um \u00f3timo atendimento.<br \/>\nO Buffet de caf\u00e9 da manh\u00e3 \u00e9 um dos melhores que j\u00e1 conhecemos em S\u00e3o Paulo.<br \/>\nTodos os produtos s\u00e3o produzidos por l\u00e1, tornando tudo muito mais especial!<br \/>\n<strong>Endere\u00e7o:<\/strong>\u00a0Alameda Lorena, 1914 &#8211; Jardim Paulista, S\u00e3o Paulo &#8211; SP, 01424-002<\/p>\n\n<div style=\"font-size: 0px; height: 0px; line-height: 0px; margin: 0; padding: 0; clear: both;\"><\/div>","protected":false},"excerpt":{"rendered":"<p>Quem nos conhece sabe que somos apaixonados por padarias e por um bom caf\u00e9 da manh\u00e3! Amamos acordar e ir para um lugar com aquele cheirinho de caf\u00e9, p\u00e3es fresquinhos e \u00f3timos doces. Montamos essa mat\u00e9ria com todo carinho para dividir com voc\u00eas 10 padarias que achamos sensacionais!! Todos elas possuem um diferencial, seja no [&hellip;]<\/p>\n","protected":false},"author":1,"featured_media":3624,"comment_status":"open","ping_status":"open","sticky":false,"template":"","format":"standard","meta":{"jetpack_post_was_ever_published":false,"_jetpack_newsletter_access":"","_jetpack_newsletter_tier_id":0},"categories":[8],"tags":[28,215,214],"yoast_head":"<!-- This site is optimized with the Yoast SEO plugin v20.2.1 - https:\/\/yoast.com\/wordpress\/plugins\/seo\/ -->\n<title>10 Padarias Sensacionais Em S\u00e3o Paulo<\/title>\n<meta name=\"description\" content=\"10 MELHORES PADARIAS DE S\u00c3O PAULO, VEM VER!\" \/>\n<meta name=\"robots\" content=\"index, follow, max-snippet:-1, max-image-preview:large, max-video-preview:-1\" \/>\n<link rel=\"canonical\" href=\"https:\/\/duplagourmet.com.br\/index.php\/2015\/07\/08\/10-padarias-sensacionais-em-sao-paulo\/\" \/>\n<meta property=\"og:locale\" content=\"pt_BR\" \/>\n<meta property=\"og:type\" content=\"article\" \/>\n<meta property=\"og:title\" content=\"10 Padarias Sensacionais Em S\u00e3o Paulo\" \/>\n<meta property=\"og:description\" content=\"10 MELHORES PADARIAS DE S\u00c3O PAULO, VEM VER!\" \/>\n<meta property=\"og:url\" content=\"https:\/\/duplagourmet.com.br\/index.php\/2015\/07\/08\/10-padarias-sensacionais-em-sao-paulo\/\" \/>\n<meta property=\"article:publisher\" content=\"https:\/\/www.facebook.com\/duplagourmet\" \/>\n<meta property=\"article:published_time\" content=\"2015-07-08T23:39:03+00:00\" \/>\n<meta property=\"article:modified_time\" content=\"2020-12-04T17:10:20+00:00\" \/>\n<meta property=\"og:image\" content=\"https:\/\/i0.wp.com\/duplagourmet.com.br\/wp-content\/uploads\/2015\/07\/img_0570_hi-1.jpg?fit=800%2C533&ssl=1\" \/>\n\t<meta property=\"og:image:width\" content=\"800\" \/>\n\t<meta property=\"og:image:height\" content=\"533\" \/>\n\t<meta property=\"og:image:type\" content=\"image\/jpeg\" \/>\n<meta name=\"author\" content=\"Lais Trov\u00e3o\" \/>\n<meta name=\"twitter:card\" content=\"summary_large_image\" \/>\n<meta name=\"twitter:creator\" content=\"@DuplaGourmet\" \/>\n<meta name=\"twitter:site\" content=\"@DuplaGourmet\" \/>\n<meta name=\"twitter:label1\" content=\"Escrito por\" \/>\n\t<meta name=\"twitter:data1\" content=\"Lais Trov\u00e3o\" \/>\n\t<meta name=\"twitter:label2\" content=\"Est. tempo de leitura\" \/>\n\t<meta name=\"twitter:data2\" content=\"3 minutos\" \/>\n<script type=\"application\/ld+json\" class=\"yoast-schema-graph\">{\"@context\":\"https:\/\/schema.org\",\"@graph\":[{\"@type\":\"Article\",\"@id\":\"https:\/\/duplagourmet.com.br\/index.php\/2015\/07\/08\/10-padarias-sensacionais-em-sao-paulo\/#article\",\"isPartOf\":{\"@id\":\"https:\/\/duplagourmet.com.br\/index.php\/2015\/07\/08\/10-padarias-sensacionais-em-sao-paulo\/\"},\"author\":{\"name\":\"Lais Trov\u00e3o\",\"@id\":\"https:\/\/duplagourmet.com.br\/#\/schema\/person\/888065adf1bf32ae6ab307c7362db9b1\"},\"headline\":\"10 Padarias Sensacionais Em S\u00e3o Paulo\",\"datePublished\":\"2015-07-08T23:39:03+00:00\",\"dateModified\":\"2020-12-04T17:10:20+00:00\",\"mainEntityOfPage\":{\"@id\":\"https:\/\/duplagourmet.com.br\/index.php\/2015\/07\/08\/10-padarias-sensacionais-em-sao-paulo\/\"},\"wordCount\":682,\"commentCount\":279,\"publisher\":{\"@id\":\"https:\/\/duplagourmet.com.br\/#organization\"},\"keywords\":[\"blog de gastronomia\",\"DUPLA GOURMET. GOURMET\",\"PADARIAS SP. MELHORES PADARIAS EM SP.\"],\"articleSection\":[\"Comendo Fora\"],\"inLanguage\":\"pt-BR\",\"potentialAction\":[{\"@type\":\"CommentAction\",\"name\":\"Comment\",\"target\":[\"https:\/\/duplagourmet.com.br\/index.php\/2015\/07\/08\/10-padarias-sensacionais-em-sao-paulo\/#respond\"]}]},{\"@type\":\"WebPage\",\"@id\":\"https:\/\/duplagourmet.com.br\/index.php\/2015\/07\/08\/10-padarias-sensacionais-em-sao-paulo\/\",\"url\":\"https:\/\/duplagourmet.com.br\/index.php\/2015\/07\/08\/10-padarias-sensacionais-em-sao-paulo\/\",\"name\":\"10 Padarias Sensacionais Em S\u00e3o Paulo\",\"isPartOf\":{\"@id\":\"https:\/\/duplagourmet.com.br\/#website\"},\"datePublished\":\"2015-07-08T23:39:03+00:00\",\"dateModified\":\"2020-12-04T17:10:20+00:00\",\"description\":\"10 MELHORES PADARIAS DE S\u00c3O PAULO, VEM VER!\",\"breadcrumb\":{\"@id\":\"https:\/\/duplagourmet.com.br\/index.php\/2015\/07\/08\/10-padarias-sensacionais-em-sao-paulo\/#breadcrumb\"},\"inLanguage\":\"pt-BR\",\"potentialAction\":[{\"@type\":\"ReadAction\",\"target\":[\"https:\/\/duplagourmet.com.br\/index.php\/2015\/07\/08\/10-padarias-sensacionais-em-sao-paulo\/\"]}]},{\"@type\":\"BreadcrumbList\",\"@id\":\"https:\/\/duplagourmet.com.br\/index.php\/2015\/07\/08\/10-padarias-sensacionais-em-sao-paulo\/#breadcrumb\",\"itemListElement\":[{\"@type\":\"ListItem\",\"position\":1,\"name\":\"In\u00edcio\",\"item\":\"https:\/\/duplagourmet.com.br\/\"},{\"@type\":\"ListItem\",\"position\":2,\"name\":\"10 Padarias Sensacionais Em S\u00e3o Paulo\"}]},{\"@type\":\"WebSite\",\"@id\":\"https:\/\/duplagourmet.com.br\/#website\",\"url\":\"https:\/\/duplagourmet.com.br\/\",\"name\":\"\",\"description\":\"Site de Gastronomia e Viagens\",\"publisher\":{\"@id\":\"https:\/\/duplagourmet.com.br\/#organization\"},\"potentialAction\":[{\"@type\":\"SearchAction\",\"target\":{\"@type\":\"EntryPoint\",\"urlTemplate\":\"https:\/\/duplagourmet.com.br\/?s={search_term_string}\"},\"query-input\":\"required name=search_term_string\"}],\"inLanguage\":\"pt-BR\"},{\"@type\":\"Organization\",\"@id\":\"https:\/\/duplagourmet.com.br\/#organization\",\"name\":\"Dupla Gourmet\",\"url\":\"https:\/\/duplagourmet.com.br\/\",\"logo\":{\"@type\":\"ImageObject\",\"inLanguage\":\"pt-BR\",\"@id\":\"https:\/\/duplagourmet.com.br\/#\/schema\/logo\/image\/\",\"url\":\"https:\/\/i0.wp.com\/duplagourmet.com.br\/wp-content\/uploads\/2015\/07\/LOGO.jpg?fit=2120%2C1193&ssl=1\",\"contentUrl\":\"https:\/\/i0.wp.com\/duplagourmet.com.br\/wp-content\/uploads\/2015\/07\/LOGO.jpg?fit=2120%2C1193&ssl=1\",\"width\":2120,\"height\":1193,\"caption\":\"Dupla Gourmet\"},\"image\":{\"@id\":\"https:\/\/duplagourmet.com.br\/#\/schema\/logo\/image\/\"},\"sameAs\":[\"https:\/\/www.facebook.com\/duplagourmet\",\"https:\/\/twitter.com\/DuplaGourmet\",\"https:\/\/instagram.com\/duplagourmet\/\"]},{\"@type\":\"Person\",\"@id\":\"https:\/\/duplagourmet.com.br\/#\/schema\/person\/888065adf1bf32ae6ab307c7362db9b1\",\"name\":\"Lais Trov\u00e3o\",\"image\":{\"@type\":\"ImageObject\",\"inLanguage\":\"pt-BR\",\"@id\":\"https:\/\/duplagourmet.com.br\/#\/schema\/person\/image\/\",\"url\":\"http:\/\/2.gravatar.com\/avatar\/21dda7f6b6103bd096caaf547327b1d9?s=96&d=mm&r=g\",\"contentUrl\":\"http:\/\/2.gravatar.com\/avatar\/21dda7f6b6103bd096caaf547327b1d9?s=96&d=mm&r=g\",\"caption\":\"Lais Trov\u00e3o\"},\"sameAs\":[\"http:\/\/duplagourmet.com.br\/\"],\"url\":\"http:\/\/duplagourmet.com.br\/index.php\/author\/lais_divinohotmail-com\/\"}]}<\/script>\n<!-- \/ Yoast SEO plugin. -->","yoast_head_json":{"title":"10 Padarias Sensacionais Em S\u00e3o Paulo","description":"10 MELHORES PADARIAS DE S\u00c3O PAULO, VEM VER!","robots":{"index":"index","follow":"follow","max-snippet":"max-snippet:-1","max-image-preview":"max-image-preview:large","max-video-preview":"max-video-preview:-1"},"canonical":"https:\/\/duplagourmet.com.br\/index.php\/2015\/07\/08\/10-padarias-sensacionais-em-sao-paulo\/","og_locale":"pt_BR","og_type":"article","og_title":"10 Padarias Sensacionais Em S\u00e3o Paulo","og_description":"10 MELHORES PADARIAS DE S\u00c3O PAULO, VEM VER!","og_url":"https:\/\/duplagourmet.com.br\/index.php\/2015\/07\/08\/10-padarias-sensacionais-em-sao-paulo\/","article_publisher":"https:\/\/www.facebook.com\/duplagourmet","article_published_time":"2015-07-08T23:39:03+00:00","article_modified_time":"2020-12-04T17:10:20+00:00","og_image":[{"width":800,"height":533,"url":"https:\/\/i0.wp.com\/duplagourmet.com.br\/wp-content\/uploads\/2015\/07\/img_0570_hi-1.jpg?fit=800%2C533&ssl=1","type":"image\/jpeg"}],"author":"Lais Trov\u00e3o","twitter_card":"summary_large_image","twitter_creator":"@DuplaGourmet","twitter_site":"@DuplaGourmet","twitter_misc":{"Escrito por":"Lais Trov\u00e3o","Est. tempo de leitura":"3 minutos"},"schema":{"@context":"https:\/\/schema.org","@graph":[{"@type":"Article","@id":"https:\/\/duplagourmet.com.br\/index.php\/2015\/07\/08\/10-padarias-sensacionais-em-sao-paulo\/#article","isPartOf":{"@id":"https:\/\/duplagourmet.com.br\/index.php\/2015\/07\/08\/10-padarias-sensacionais-em-sao-paulo\/"},"author":{"name":"Lais Trov\u00e3o","@id":"https:\/\/duplagourmet.com.br\/#\/schema\/person\/888065adf1bf32ae6ab307c7362db9b1"},"headline":"10 Padarias Sensacionais Em S\u00e3o Paulo","datePublished":"2015-07-08T23:39:03+00:00","dateModified":"2020-12-04T17:10:20+00:00","mainEntityOfPage":{"@id":"https:\/\/duplagourmet.com.br\/index.php\/2015\/07\/08\/10-padarias-sensacionais-em-sao-paulo\/"},"wordCount":682,"commentCount":279,"publisher":{"@id":"https:\/\/duplagourmet.com.br\/#organization"},"keywords":["blog de gastronomia","DUPLA GOURMET. GOURMET","PADARIAS SP. MELHORES PADARIAS EM SP."],"articleSection":["Comendo Fora"],"inLanguage":"pt-BR","potentialAction":[{"@type":"CommentAction","name":"Comment","target":["https:\/\/duplagourmet.com.br\/index.php\/2015\/07\/08\/10-padarias-sensacionais-em-sao-paulo\/#respond"]}]},{"@type":"WebPage","@id":"https:\/\/duplagourmet.com.br\/index.php\/2015\/07\/08\/10-padarias-sensacionais-em-sao-paulo\/","url":"https:\/\/duplagourmet.com.br\/index.php\/2015\/07\/08\/10-padarias-sensacionais-em-sao-paulo\/","name":"10 Padarias Sensacionais Em S\u00e3o Paulo","isPartOf":{"@id":"https:\/\/duplagourmet.com.br\/#website"},"datePublished":"2015-07-08T23:39:03+00:00","dateModified":"2020-12-04T17:10:20+00:00","description":"10 MELHORES PADARIAS DE S\u00c3O PAULO, VEM VER!","breadcrumb":{"@id":"https:\/\/duplagourmet.com.br\/index.php\/2015\/07\/08\/10-padarias-sensacionais-em-sao-paulo\/#breadcrumb"},"inLanguage":"pt-BR","potentialAction":[{"@type":"ReadAction","target":["https:\/\/duplagourmet.com.br\/index.php\/2015\/07\/08\/10-padarias-sensacionais-em-sao-paulo\/"]}]},{"@type":"BreadcrumbList","@id":"https:\/\/duplagourmet.com.br\/index.php\/2015\/07\/08\/10-padarias-sensacionais-em-sao-paulo\/#breadcrumb","itemListElement":[{"@type":"ListItem","position":1,"name":"In\u00edcio","item":"https:\/\/duplagourmet.com.br\/"},{"@type":"ListItem","position":2,"name":"10 Padarias Sensacionais Em S\u00e3o Paulo"}]},{"@type":"WebSite","@id":"https:\/\/duplagourmet.com.br\/#website","url":"https:\/\/duplagourmet.com.br\/","name":"","description":"Site de Gastronomia e Viagens","publisher":{"@id":"https:\/\/duplagourmet.com.br\/#organization"},"potentialAction":[{"@type":"SearchAction","target":{"@type":"EntryPoint","urlTemplate":"https:\/\/duplagourmet.com.br\/?s={search_term_string}"},"query-input":"required name=search_term_string"}],"inLanguage":"pt-BR"},{"@type":"Organization","@id":"https:\/\/duplagourmet.com.br\/#organization","name":"Dupla Gourmet","url":"https:\/\/duplagourmet.com.br\/","logo":{"@type":"ImageObject","inLanguage":"pt-BR","@id":"https:\/\/duplagourmet.com.br\/#\/schema\/logo\/image\/","url":"https:\/\/i0.wp.com\/duplagourmet.com.br\/wp-content\/uploads\/2015\/07\/LOGO.jpg?fit=2120%2C1193&ssl=1","contentUrl":"https:\/\/i0.wp.com\/duplagourmet.com.br\/wp-content\/uploads\/2015\/07\/LOGO.jpg?fit=2120%2C1193&ssl=1","width":2120,"height":1193,"caption":"Dupla Gourmet"},"image":{"@id":"https:\/\/duplagourmet.com.br\/#\/schema\/logo\/image\/"},"sameAs":["https:\/\/www.facebook.com\/duplagourmet","https:\/\/twitter.com\/DuplaGourmet","https:\/\/instagram.com\/duplagourmet\/"]},{"@type":"Person","@id":"https:\/\/duplagourmet.com.br\/#\/schema\/person\/888065adf1bf32ae6ab307c7362db9b1","name":"Lais Trov\u00e3o","image":{"@type":"ImageObject","inLanguage":"pt-BR","@id":"https:\/\/duplagourmet.com.br\/#\/schema\/person\/image\/","url":"http:\/\/2.gravatar.com\/avatar\/21dda7f6b6103bd096caaf547327b1d9?s=96&d=mm&r=g","contentUrl":"http:\/\/2.gravatar.com\/avatar\/21dda7f6b6103bd096caaf547327b1d9?s=96&d=mm&r=g","caption":"Lais Trov\u00e3o"},"sameAs":["http:\/\/duplagourmet.com.br\/"],"url":"http:\/\/duplagourmet.com.br\/index.php\/author\/lais_divinohotmail-com\/"}]}},"jetpack_sharing_enabled":true,"jetpack_featured_media_url":"https:\/\/i0.wp.com\/duplagourmet.com.br\/wp-content\/uploads\/2015\/07\/img_0570_hi-1.jpg?fit=800%2C533","jetpack_shortlink":"https:\/\/wp.me\/p67KK6-aW","_links":{"self":[{"href":"http:\/\/duplagourmet.com.br\/index.php\/wp-json\/wp\/v2\/posts\/678"}],"collection":[{"href":"http:\/\/duplagourmet.com.br\/index.php\/wp-json\/wp\/v2\/posts"}],"about":[{"href":"http:\/\/duplagourmet.com.br\/index.php\/wp-json\/wp\/v2\/types\/post"}],"author":[{"embeddable":true,"href":"http:\/\/duplagourmet.com.br\/index.php\/wp-json\/wp\/v2\/users\/1"}],"replies":[{"embeddable":true,"href":"http:\/\/duplagourmet.com.br\/index.php\/wp-json\/wp\/v2\/comments?post=678"}],"version-history":[{"count":3,"href":"http:\/\/duplagourmet.com.br\/index.php\/wp-json\/wp\/v2\/posts\/678\/revisions"}],"predecessor-version":[{"id":14942,"href":"http:\/\/duplagourmet.com.br\/index.php\/wp-json\/wp\/v2\/posts\/678\/revisions\/14942"}],"wp:featuredmedia":[{"embeddable":true,"href":"http:\/\/duplagourmet.com.br\/index.php\/wp-json\/wp\/v2\/media\/3624"}],"wp:attachment":[{"href":"http:\/\/duplagourmet.com.br\/index.php\/wp-json\/wp\/v2\/media?parent=678"}],"wp:term":[{"taxonomy":"category","embeddable":true,"href":"http:\/\/duplagourmet.com.br\/index.php\/wp-json\/wp\/v2\/categories?post=678"},{"taxonomy":"post_tag","embeddable":true,"href":"http:\/\/duplagourmet.com.br\/index.php\/wp-json\/wp\/v2\/tags?post=678"}],"curies":[{"name":"wp","href":"https:\/\/api.w.org\/{rel}","templated":true}]}}