{"id":6434,"date":"2016-12-06T22:23:25","date_gmt":"2016-12-06T22:23:25","guid":{"rendered":"http:\/\/duplagourmet.com.br\/?p=6434"},"modified":"2016-12-06T22:23:25","modified_gmt":"2016-12-06T22:23:25","slug":"espaco-fantastico-para-festas-em-sao-paulo","status":"publish","type":"post","link":"http:\/\/duplagourmet.com.br\/index.php\/2016\/12\/06\/espaco-fantastico-para-festas-em-sao-paulo\/","title":{"rendered":"Espa\u00e7o fant\u00e1stico para festas em S\u00e3o Paulo"},"content":{"rendered":"<div class=\"0d3c8bb807db4512cec61ce0ce609918\" data-index=\"1\" style=\"float: right; margin:10px 0 10px 10px;\">\n<script async src=\"\/\/pagead2.googlesyndication.com\/pagead\/js\/adsbygoogle.js\"><\/script>\r\n<!-- Dupla -->\r\n<ins class=\"adsbygoogle\"\r\n     style=\"display:inline-block;width:336px;height:280px\"\r\n     data-ad-client=\"ca-pub-5223135331964240\"\r\n     data-ad-slot=\"1820166419\"><\/ins>\r\n<script>\r\n(adsbygoogle = window.adsbygoogle || []).push({});\r\n<\/script>\n<\/div>\n<p>Quem conhece a nossa fam\u00edlia, sabe que somos festeiros e n\u00e3o perdemos uma comemora\u00e7\u00e3o por nada.<br \/>\nAdoramos participar e organizar todos os eventos poss\u00edveis. Se tiver um evento, ali estaremos rsrs.<br \/>\nParticipamos de tudo: Casamentos, anivers\u00e1rios, ch\u00e1s de beb\u00ea, cozinha, panela e etc&#8230;<br \/>\nAmamos este clima.\u00a0Afinal, existe algo melhor que comemorar a vida?!<br \/>\nRecentemente organizamos uma festa de anivers\u00e1rio de um ano da pequena Isabella, uma beb\u00ea linda e querida por n\u00f3s.<br \/>\nPesquisamos diversos espa\u00e7os em v\u00e1rias regi\u00f5es, que fossem capazes de atender a todas as nossas necessidades.<br \/>\nA princ\u00edpio ficamos entre tr\u00eas espa\u00e7os. Dois na regi\u00e3o da zona leste de S\u00e3o Paulo e um na cidade de Aruj\u00e1 (local onde mora a Isabella).<br \/>\nOptamos pelo espa\u00e7o<strong> H2A Eventos<\/strong>&#8230;.E podemos dizer que foi a melhor escolha!<\/p>\n<p><img decoding=\"async\" loading=\"lazy\" class=\"alignnone wp-image-6441 size-full\" src=\"https:\/\/i0.wp.com\/duplagourmet.com.br\/wp-content\/uploads\/2016\/12\/IMG_2498.jpg?resize=800%2C543\" alt=\"img_2498\" width=\"800\" height=\"543\" srcset=\"https:\/\/i0.wp.com\/duplagourmet.com.br\/wp-content\/uploads\/2016\/12\/IMG_2498.jpg?w=900 900w, https:\/\/i0.wp.com\/duplagourmet.com.br\/wp-content\/uploads\/2016\/12\/IMG_2498.jpg?resize=650%2C441 650w\" sizes=\"(max-width: 800px) 100vw, 800px\" data-recalc-dims=\"1\" \/><\/p>\n<p><img decoding=\"async\" loading=\"lazy\" class=\"alignnone wp-image-6442 size-full\" src=\"https:\/\/i0.wp.com\/duplagourmet.com.br\/wp-content\/uploads\/2016\/12\/IMG_2521.jpg?resize=800%2C862\" alt=\"img_2521\" width=\"800\" height=\"862\" srcset=\"https:\/\/i0.wp.com\/duplagourmet.com.br\/wp-content\/uploads\/2016\/12\/IMG_2521.jpg?w=900 900w, https:\/\/i0.wp.com\/duplagourmet.com.br\/wp-content\/uploads\/2016\/12\/IMG_2521.jpg?resize=650%2C701 650w\" sizes=\"(max-width: 800px) 100vw, 800px\" data-recalc-dims=\"1\" \/><\/p>\n<p>Para come\u00e7ar, o\u00a0sal\u00e3o \u00e9 muito bem localizado e com f\u00e1cil acesso para quem vem de todos os lados de S\u00e3o Paulo, pois fica quase na Avenida Salim Farah Maluf<strong>. <\/strong>Este foi um ponto muito importante para a nossa decis\u00e3o, pois os convidados vinham da Zona Norte, Guarulhos e Aruj\u00e1, em sua maioria.<br \/>\nClaro que n\u00e3o podemos deixar de dizer que o H2A \u00e9 simplesmente lindo!<br \/>\nSabe aqueles sal\u00f5es de filme que tem uma escadaria logo na entrada, com um lustre imponente?!<br \/>\nL\u00e1 \u00e9 assim, s\u00f3 que em uma vers\u00e3o moderna, pois o lustre \u00e9 simplesmente \u00fanico e encantador.<br \/>\nO sal\u00e3o \u00e9 divido em dois ambientes, o primeiro espa\u00e7o fica antes da escadaria e \u00e9 ideal para cerim\u00f4nias, espa\u00e7o de entretenimento ou at\u00e9 mesmo para uma grande recep\u00e7\u00e3o.<br \/>\nNa festa da Isabella, esse espa\u00e7o foi fundamental, pois utilizamos o lado direito para colocar o castelo pula-pula e o lado esquerdo para o teatrinho do\u00a0<a href=\"http:\/\/duplagourmet.com.br\/index.php\/2016\/11\/30\/veja-a-atracao-que-roubou-a-cena-em-aniversario-de-1-ano\/\" target=\"_blank\">Tutti Hortel\u00e3 Frutti.<\/a><br \/>\nSubindo a escada damos de cara com o apaixonante sal\u00e3o principal que comporta at\u00e9 250 convidados.<br \/>\nUm dos fatores decis\u00f3rios \u00e9 que o sal\u00e3o j\u00e1 possui mesas amplas para at\u00e9 10 pessoas e cadeiras de metais brancas e super delicadas sem ser necess\u00e1rio a loca\u00e7\u00e3o extra.<br \/>\nAl\u00e9m disso, o espa\u00e7o conta com uma cozinha super equipada com freezer e fog\u00f5es profissionais.<br \/>\nImportante dizer que o lugar \u00e9 adaptado aos cadeirantes.<\/p>\n<p><img decoding=\"async\" loading=\"lazy\" class=\"alignnone wp-image-6438 size-full\" src=\"https:\/\/i0.wp.com\/duplagourmet.com.br\/wp-content\/uploads\/2016\/12\/IMG_2397.jpg?resize=800%2C533\" alt=\"img_2397\" width=\"800\" height=\"533\" srcset=\"https:\/\/i0.wp.com\/duplagourmet.com.br\/wp-content\/uploads\/2016\/12\/IMG_2397.jpg?w=900 900w, https:\/\/i0.wp.com\/duplagourmet.com.br\/wp-content\/uploads\/2016\/12\/IMG_2397.jpg?resize=650%2C433 650w\" sizes=\"(max-width: 800px) 100vw, 800px\" data-recalc-dims=\"1\" \/><\/p>\n<p><img decoding=\"async\" loading=\"lazy\" class=\"alignnone wp-image-6439 size-full\" src=\"https:\/\/i0.wp.com\/duplagourmet.com.br\/wp-content\/uploads\/2016\/12\/IMG_2486.jpg?resize=800%2C1200\" alt=\"img_2486\" width=\"800\" height=\"1200\" srcset=\"https:\/\/i0.wp.com\/duplagourmet.com.br\/wp-content\/uploads\/2016\/12\/IMG_2486.jpg?w=900 900w, https:\/\/i0.wp.com\/duplagourmet.com.br\/wp-content\/uploads\/2016\/12\/IMG_2486.jpg?resize=650%2C975 650w\" sizes=\"(max-width: 800px) 100vw, 800px\" data-recalc-dims=\"1\" \/><\/p>\n<p><img decoding=\"async\" loading=\"lazy\" class=\"alignnone wp-image-6436 size-full\" src=\"https:\/\/i0.wp.com\/duplagourmet.com.br\/wp-content\/uploads\/2016\/12\/flores7.jpg?resize=800%2C533\" alt=\"flores7\" width=\"800\" height=\"533\" srcset=\"https:\/\/i0.wp.com\/duplagourmet.com.br\/wp-content\/uploads\/2016\/12\/flores7.jpg?w=900 900w, https:\/\/i0.wp.com\/duplagourmet.com.br\/wp-content\/uploads\/2016\/12\/flores7.jpg?resize=650%2C433 650w\" sizes=\"(max-width: 800px) 100vw, 800px\" data-recalc-dims=\"1\" \/><\/p>\n<p>O que mais chamou a nossa aten\u00e7\u00e3o, foi o atendimento espetacular da equipe do sal\u00e3o.<br \/>\nFomos tratados que nem Reis em todos os contatos com os colabores&#8230;rsss<br \/>\nEu n\u00e3o sei voc\u00eas, mas n\u00f3s amamos ser bem cuidados em qualquer situa\u00e7\u00e3o.<br \/>\nFalando em atendimento&#8230; n\u00e3o podemos deixar de falar da <a href=\"http:\/\/www.julietarodriguesassessoria.com\/\" target=\"_blank\"><strong>Julieta.<\/strong><\/a><br \/>\nEstamos apaixonados por esta mulher e queremos levar ela para a nossa casa! rsrss.<br \/>\nEla \u00e9 uma parceria do espa\u00e7o e depois de conhecer o servi\u00e7o dela, podemos dizer que ela \u00e9 indispens\u00e1vel em qualquer festa.<br \/>\nFechamos o servi\u00e7o de assessoria com ela e nos livramos de toda e qualquer dor de cabe\u00e7a que pudesse acontecer!<br \/>\nEla cuidou de exatamente tudo com imenso carinho!<br \/>\nEnfim&#8230;a festa foi um sucesso e n\u00e3o poder\u00edamos deixar de compartilhar essa experi\u00eancia fant\u00e1stica com voc\u00eas!<\/p>\n<p><img decoding=\"async\" loading=\"lazy\" class=\"alignnone wp-image-6445 size-full\" src=\"https:\/\/i0.wp.com\/duplagourmet.com.br\/wp-content\/uploads\/2016\/12\/IMG_2545.jpg?resize=800%2C533\" alt=\"img_2545\" width=\"800\" height=\"533\" srcset=\"https:\/\/i0.wp.com\/duplagourmet.com.br\/wp-content\/uploads\/2016\/12\/IMG_2545.jpg?w=5472 5472w, https:\/\/i0.wp.com\/duplagourmet.com.br\/wp-content\/uploads\/2016\/12\/IMG_2545.jpg?resize=650%2C433 650w, https:\/\/i0.wp.com\/duplagourmet.com.br\/wp-content\/uploads\/2016\/12\/IMG_2545.jpg?resize=1140%2C760 1140w, https:\/\/i0.wp.com\/duplagourmet.com.br\/wp-content\/uploads\/2016\/12\/IMG_2545.jpg?w=1600 1600w, https:\/\/i0.wp.com\/duplagourmet.com.br\/wp-content\/uploads\/2016\/12\/IMG_2545.jpg?w=2400 2400w\" sizes=\"(max-width: 800px) 100vw, 800px\" data-recalc-dims=\"1\" \/><\/p>\n<p><strong>Telefone:<\/strong>\u00a011-3462-1681 \/ 11-4371-1719<br \/>\n<strong>Endere\u00e7o:\u00a0<\/strong>Rua \u00c1gua Rasa, 239 &#8211; \u00c1gua Rasa &#8211; S\u00e3o Paulo.<br \/>\n<strong>E-mail:<\/strong>\u00a0contato@h2aeventos.com.br<br \/>\n<strong>Instagram: <a href=\"https:\/\/www.instagram.com\/h2a_eventos\/\" target=\"_blank\">Clique aqui, eu te levo l\u00e1!<\/a><\/strong><br \/>\n<strong>Fanpage: <a href=\"https:\/\/www.facebook.com\/H2AEventos\/?fref=ts\" target=\"_blank\">Clique aqui, eu te levo l\u00e1!<\/a><br \/>\nSite: Clique aqui, eu te levo l\u00e1!<\/strong><\/p>\n<p><strong>Julieta Assessoria<\/strong><br \/>\n<strong>Site:<\/strong>\u00a0<a href=\"http:\/\/www.julietarodriguesassessoria.com\" target=\"_blank\">Clique aqui, eu te levo l\u00e1!<\/a><br \/>\n<strong>Telefone:<\/strong> 11\u00a097121-3429<\/p>\n<p>Ahh todas as fotos s\u00e3o da equipe <strong>SP ZERO 11<\/strong><\/p>\n\n<div style=\"font-size: 0px; height: 0px; line-height: 0px; margin: 0; padding: 0; clear: both;\"><\/div>","protected":false},"excerpt":{"rendered":"<p>Quem conhece a nossa fam\u00edlia, sabe que somos festeiros e n\u00e3o perdemos uma comemora\u00e7\u00e3o por nada. Adoramos participar e organizar todos os eventos poss\u00edveis. Se tiver um evento, ali estaremos rsrs. Participamos de tudo: Casamentos, anivers\u00e1rios, ch\u00e1s de beb\u00ea, cozinha, panela e etc&#8230; Amamos este clima.\u00a0Afinal, existe algo melhor que comemorar a vida?! Recentemente organizamos [&hellip;]<\/p>\n","protected":false},"author":1,"featured_media":6438,"comment_status":"open","ping_status":"open","sticky":false,"template":"","format":"standard","meta":{"jetpack_post_was_ever_published":false,"_jetpack_newsletter_access":"","_jetpack_newsletter_tier_id":0},"categories":[239],"tags":[],"yoast_head":"<!-- This site is optimized with the Yoast SEO plugin v20.2.1 - https:\/\/yoast.com\/wordpress\/plugins\/seo\/ -->\n<title>Espa\u00e7o fant\u00e1stico para festas em S\u00e3o Paulo -<\/title>\n<meta name=\"robots\" content=\"index, follow, max-snippet:-1, max-image-preview:large, max-video-preview:-1\" \/>\n<link rel=\"canonical\" href=\"http:\/\/duplagourmet.com.br\/index.php\/2016\/12\/06\/espaco-fantastico-para-festas-em-sao-paulo\/\" \/>\n<meta property=\"og:locale\" content=\"pt_BR\" \/>\n<meta property=\"og:type\" content=\"article\" \/>\n<meta property=\"og:title\" content=\"Espa\u00e7o fant\u00e1stico para festas em S\u00e3o Paulo -\" \/>\n<meta property=\"og:description\" content=\"Quem conhece a nossa fam\u00edlia, sabe que somos festeiros e n\u00e3o perdemos uma comemora\u00e7\u00e3o por nada. Adoramos participar e organizar todos os eventos poss\u00edveis. Se tiver um evento, ali estaremos rsrs. Participamos de tudo: Casamentos, anivers\u00e1rios, ch\u00e1s de beb\u00ea, cozinha, panela e etc&#8230; Amamos este clima.\u00a0Afinal, existe algo melhor que comemorar a vida?! Recentemente organizamos [&hellip;]\" \/>\n<meta property=\"og:url\" content=\"http:\/\/duplagourmet.com.br\/index.php\/2016\/12\/06\/espaco-fantastico-para-festas-em-sao-paulo\/\" \/>\n<meta property=\"article:publisher\" content=\"https:\/\/www.facebook.com\/duplagourmet\" \/>\n<meta property=\"article:published_time\" content=\"2016-12-06T22:23:25+00:00\" \/>\n<meta property=\"og:image\" content=\"https:\/\/i0.wp.com\/duplagourmet.com.br\/wp-content\/uploads\/2016\/12\/IMG_2397.jpg?fit=900%2C600\" \/>\n\t<meta property=\"og:image:width\" content=\"900\" \/>\n\t<meta property=\"og:image:height\" content=\"600\" \/>\n\t<meta property=\"og:image:type\" content=\"image\/jpeg\" \/>\n<meta name=\"author\" content=\"Lais Trov\u00e3o\" \/>\n<meta name=\"twitter:card\" content=\"summary_large_image\" \/>\n<meta name=\"twitter:creator\" content=\"@DuplaGourmet\" \/>\n<meta name=\"twitter:site\" content=\"@DuplaGourmet\" \/>\n<meta name=\"twitter:label1\" content=\"Escrito por\" \/>\n\t<meta name=\"twitter:data1\" content=\"Lais Trov\u00e3o\" \/>\n\t<meta name=\"twitter:label2\" content=\"Est. tempo de leitura\" \/>\n\t<meta name=\"twitter:data2\" content=\"3 minutos\" \/>\n<script type=\"application\/ld+json\" class=\"yoast-schema-graph\">{\"@context\":\"https:\/\/schema.org\",\"@graph\":[{\"@type\":\"Article\",\"@id\":\"http:\/\/duplagourmet.com.br\/index.php\/2016\/12\/06\/espaco-fantastico-para-festas-em-sao-paulo\/#article\",\"isPartOf\":{\"@id\":\"http:\/\/duplagourmet.com.br\/index.php\/2016\/12\/06\/espaco-fantastico-para-festas-em-sao-paulo\/\"},\"author\":{\"name\":\"Lais Trov\u00e3o\",\"@id\":\"https:\/\/duplagourmet.com.br\/#\/schema\/person\/888065adf1bf32ae6ab307c7362db9b1\"},\"headline\":\"Espa\u00e7o fant\u00e1stico para festas em S\u00e3o Paulo\",\"datePublished\":\"2016-12-06T22:23:25+00:00\",\"dateModified\":\"2016-12-06T22:23:25+00:00\",\"mainEntityOfPage\":{\"@id\":\"http:\/\/duplagourmet.com.br\/index.php\/2016\/12\/06\/espaco-fantastico-para-festas-em-sao-paulo\/\"},\"wordCount\":608,\"commentCount\":1,\"publisher\":{\"@id\":\"https:\/\/duplagourmet.com.br\/#organization\"},\"articleSection\":[\"Festas\"],\"inLanguage\":\"pt-BR\",\"potentialAction\":[{\"@type\":\"CommentAction\",\"name\":\"Comment\",\"target\":[\"http:\/\/duplagourmet.com.br\/index.php\/2016\/12\/06\/espaco-fantastico-para-festas-em-sao-paulo\/#respond\"]}]},{\"@type\":\"WebPage\",\"@id\":\"http:\/\/duplagourmet.com.br\/index.php\/2016\/12\/06\/espaco-fantastico-para-festas-em-sao-paulo\/\",\"url\":\"http:\/\/duplagourmet.com.br\/index.php\/2016\/12\/06\/espaco-fantastico-para-festas-em-sao-paulo\/\",\"name\":\"Espa\u00e7o fant\u00e1stico para festas em S\u00e3o Paulo -\",\"isPartOf\":{\"@id\":\"https:\/\/duplagourmet.com.br\/#website\"},\"datePublished\":\"2016-12-06T22:23:25+00:00\",\"dateModified\":\"2016-12-06T22:23:25+00:00\",\"breadcrumb\":{\"@id\":\"http:\/\/duplagourmet.com.br\/index.php\/2016\/12\/06\/espaco-fantastico-para-festas-em-sao-paulo\/#breadcrumb\"},\"inLanguage\":\"pt-BR\",\"potentialAction\":[{\"@type\":\"ReadAction\",\"target\":[\"http:\/\/duplagourmet.com.br\/index.php\/2016\/12\/06\/espaco-fantastico-para-festas-em-sao-paulo\/\"]}]},{\"@type\":\"BreadcrumbList\",\"@id\":\"http:\/\/duplagourmet.com.br\/index.php\/2016\/12\/06\/espaco-fantastico-para-festas-em-sao-paulo\/#breadcrumb\",\"itemListElement\":[{\"@type\":\"ListItem\",\"position\":1,\"name\":\"In\u00edcio\",\"item\":\"https:\/\/duplagourmet.com.br\/\"},{\"@type\":\"ListItem\",\"position\":2,\"name\":\"Espa\u00e7o fant\u00e1stico para festas em S\u00e3o Paulo\"}]},{\"@type\":\"WebSite\",\"@id\":\"https:\/\/duplagourmet.com.br\/#website\",\"url\":\"https:\/\/duplagourmet.com.br\/\",\"name\":\"\",\"description\":\"Site de Gastronomia e Viagens\",\"publisher\":{\"@id\":\"https:\/\/duplagourmet.com.br\/#organization\"},\"potentialAction\":[{\"@type\":\"SearchAction\",\"target\":{\"@type\":\"EntryPoint\",\"urlTemplate\":\"https:\/\/duplagourmet.com.br\/?s={search_term_string}\"},\"query-input\":\"required name=search_term_string\"}],\"inLanguage\":\"pt-BR\"},{\"@type\":\"Organization\",\"@id\":\"https:\/\/duplagourmet.com.br\/#organization\",\"name\":\"Dupla Gourmet\",\"url\":\"https:\/\/duplagourmet.com.br\/\",\"logo\":{\"@type\":\"ImageObject\",\"inLanguage\":\"pt-BR\",\"@id\":\"https:\/\/duplagourmet.com.br\/#\/schema\/logo\/image\/\",\"url\":\"https:\/\/i0.wp.com\/duplagourmet.com.br\/wp-content\/uploads\/2015\/07\/LOGO.jpg?fit=2120%2C1193&ssl=1\",\"contentUrl\":\"https:\/\/i0.wp.com\/duplagourmet.com.br\/wp-content\/uploads\/2015\/07\/LOGO.jpg?fit=2120%2C1193&ssl=1\",\"width\":2120,\"height\":1193,\"caption\":\"Dupla Gourmet\"},\"image\":{\"@id\":\"https:\/\/duplagourmet.com.br\/#\/schema\/logo\/image\/\"},\"sameAs\":[\"https:\/\/www.facebook.com\/duplagourmet\",\"https:\/\/twitter.com\/DuplaGourmet\",\"https:\/\/instagram.com\/duplagourmet\/\"]},{\"@type\":\"Person\",\"@id\":\"https:\/\/duplagourmet.com.br\/#\/schema\/person\/888065adf1bf32ae6ab307c7362db9b1\",\"name\":\"Lais Trov\u00e3o\",\"image\":{\"@type\":\"ImageObject\",\"inLanguage\":\"pt-BR\",\"@id\":\"https:\/\/duplagourmet.com.br\/#\/schema\/person\/image\/\",\"url\":\"http:\/\/2.gravatar.com\/avatar\/21dda7f6b6103bd096caaf547327b1d9?s=96&d=mm&r=g\",\"contentUrl\":\"http:\/\/2.gravatar.com\/avatar\/21dda7f6b6103bd096caaf547327b1d9?s=96&d=mm&r=g\",\"caption\":\"Lais Trov\u00e3o\"},\"sameAs\":[\"http:\/\/duplagourmet.com.br\/\"],\"url\":\"http:\/\/duplagourmet.com.br\/index.php\/author\/lais_divinohotmail-com\/\"}]}<\/script>\n<!-- \/ Yoast SEO plugin. -->","yoast_head_json":{"title":"Espa\u00e7o fant\u00e1stico para festas em S\u00e3o Paulo -","robots":{"index":"index","follow":"follow","max-snippet":"max-snippet:-1","max-image-preview":"max-image-preview:large","max-video-preview":"max-video-preview:-1"},"canonical":"http:\/\/duplagourmet.com.br\/index.php\/2016\/12\/06\/espaco-fantastico-para-festas-em-sao-paulo\/","og_locale":"pt_BR","og_type":"article","og_title":"Espa\u00e7o fant\u00e1stico para festas em S\u00e3o Paulo -","og_description":"Quem conhece a nossa fam\u00edlia, sabe que somos festeiros e n\u00e3o perdemos uma comemora\u00e7\u00e3o por nada. Adoramos participar e organizar todos os eventos poss\u00edveis. Se tiver um evento, ali estaremos rsrs. Participamos de tudo: Casamentos, anivers\u00e1rios, ch\u00e1s de beb\u00ea, cozinha, panela e etc&#8230; Amamos este clima.\u00a0Afinal, existe algo melhor que comemorar a vida?! Recentemente organizamos [&hellip;]","og_url":"http:\/\/duplagourmet.com.br\/index.php\/2016\/12\/06\/espaco-fantastico-para-festas-em-sao-paulo\/","article_publisher":"https:\/\/www.facebook.com\/duplagourmet","article_published_time":"2016-12-06T22:23:25+00:00","og_image":[{"width":900,"height":600,"url":"https:\/\/i0.wp.com\/duplagourmet.com.br\/wp-content\/uploads\/2016\/12\/IMG_2397.jpg?fit=900%2C600","type":"image\/jpeg"}],"author":"Lais Trov\u00e3o","twitter_card":"summary_large_image","twitter_creator":"@DuplaGourmet","twitter_site":"@DuplaGourmet","twitter_misc":{"Escrito por":"Lais Trov\u00e3o","Est. tempo de leitura":"3 minutos"},"schema":{"@context":"https:\/\/schema.org","@graph":[{"@type":"Article","@id":"http:\/\/duplagourmet.com.br\/index.php\/2016\/12\/06\/espaco-fantastico-para-festas-em-sao-paulo\/#article","isPartOf":{"@id":"http:\/\/duplagourmet.com.br\/index.php\/2016\/12\/06\/espaco-fantastico-para-festas-em-sao-paulo\/"},"author":{"name":"Lais Trov\u00e3o","@id":"https:\/\/duplagourmet.com.br\/#\/schema\/person\/888065adf1bf32ae6ab307c7362db9b1"},"headline":"Espa\u00e7o fant\u00e1stico para festas em S\u00e3o Paulo","datePublished":"2016-12-06T22:23:25+00:00","dateModified":"2016-12-06T22:23:25+00:00","mainEntityOfPage":{"@id":"http:\/\/duplagourmet.com.br\/index.php\/2016\/12\/06\/espaco-fantastico-para-festas-em-sao-paulo\/"},"wordCount":608,"commentCount":1,"publisher":{"@id":"https:\/\/duplagourmet.com.br\/#organization"},"articleSection":["Festas"],"inLanguage":"pt-BR","potentialAction":[{"@type":"CommentAction","name":"Comment","target":["http:\/\/duplagourmet.com.br\/index.php\/2016\/12\/06\/espaco-fantastico-para-festas-em-sao-paulo\/#respond"]}]},{"@type":"WebPage","@id":"http:\/\/duplagourmet.com.br\/index.php\/2016\/12\/06\/espaco-fantastico-para-festas-em-sao-paulo\/","url":"http:\/\/duplagourmet.com.br\/index.php\/2016\/12\/06\/espaco-fantastico-para-festas-em-sao-paulo\/","name":"Espa\u00e7o fant\u00e1stico para festas em S\u00e3o Paulo -","isPartOf":{"@id":"https:\/\/duplagourmet.com.br\/#website"},"datePublished":"2016-12-06T22:23:25+00:00","dateModified":"2016-12-06T22:23:25+00:00","breadcrumb":{"@id":"http:\/\/duplagourmet.com.br\/index.php\/2016\/12\/06\/espaco-fantastico-para-festas-em-sao-paulo\/#breadcrumb"},"inLanguage":"pt-BR","potentialAction":[{"@type":"ReadAction","target":["http:\/\/duplagourmet.com.br\/index.php\/2016\/12\/06\/espaco-fantastico-para-festas-em-sao-paulo\/"]}]},{"@type":"BreadcrumbList","@id":"http:\/\/duplagourmet.com.br\/index.php\/2016\/12\/06\/espaco-fantastico-para-festas-em-sao-paulo\/#breadcrumb","itemListElement":[{"@type":"ListItem","position":1,"name":"In\u00edcio","item":"https:\/\/duplagourmet.com.br\/"},{"@type":"ListItem","position":2,"name":"Espa\u00e7o fant\u00e1stico para festas em S\u00e3o Paulo"}]},{"@type":"WebSite","@id":"https:\/\/duplagourmet.com.br\/#website","url":"https:\/\/duplagourmet.com.br\/","name":"","description":"Site de Gastronomia e Viagens","publisher":{"@id":"https:\/\/duplagourmet.com.br\/#organization"},"potentialAction":[{"@type":"SearchAction","target":{"@type":"EntryPoint","urlTemplate":"https:\/\/duplagourmet.com.br\/?s={search_term_string}"},"query-input":"required name=search_term_string"}],"inLanguage":"pt-BR"},{"@type":"Organization","@id":"https:\/\/duplagourmet.com.br\/#organization","name":"Dupla Gourmet","url":"https:\/\/duplagourmet.com.br\/","logo":{"@type":"ImageObject","inLanguage":"pt-BR","@id":"https:\/\/duplagourmet.com.br\/#\/schema\/logo\/image\/","url":"https:\/\/i0.wp.com\/duplagourmet.com.br\/wp-content\/uploads\/2015\/07\/LOGO.jpg?fit=2120%2C1193&ssl=1","contentUrl":"https:\/\/i0.wp.com\/duplagourmet.com.br\/wp-content\/uploads\/2015\/07\/LOGO.jpg?fit=2120%2C1193&ssl=1","width":2120,"height":1193,"caption":"Dupla Gourmet"},"image":{"@id":"https:\/\/duplagourmet.com.br\/#\/schema\/logo\/image\/"},"sameAs":["https:\/\/www.facebook.com\/duplagourmet","https:\/\/twitter.com\/DuplaGourmet","https:\/\/instagram.com\/duplagourmet\/"]},{"@type":"Person","@id":"https:\/\/duplagourmet.com.br\/#\/schema\/person\/888065adf1bf32ae6ab307c7362db9b1","name":"Lais Trov\u00e3o","image":{"@type":"ImageObject","inLanguage":"pt-BR","@id":"https:\/\/duplagourmet.com.br\/#\/schema\/person\/image\/","url":"http:\/\/2.gravatar.com\/avatar\/21dda7f6b6103bd096caaf547327b1d9?s=96&d=mm&r=g","contentUrl":"http:\/\/2.gravatar.com\/avatar\/21dda7f6b6103bd096caaf547327b1d9?s=96&d=mm&r=g","caption":"Lais Trov\u00e3o"},"sameAs":["http:\/\/duplagourmet.com.br\/"],"url":"http:\/\/duplagourmet.com.br\/index.php\/author\/lais_divinohotmail-com\/"}]}},"jetpack_sharing_enabled":true,"jetpack_featured_media_url":"https:\/\/i0.wp.com\/duplagourmet.com.br\/wp-content\/uploads\/2016\/12\/IMG_2397.jpg?fit=900%2C600","jetpack_shortlink":"https:\/\/wp.me\/p67KK6-1FM","_links":{"self":[{"href":"http:\/\/duplagourmet.com.br\/index.php\/wp-json\/wp\/v2\/posts\/6434"}],"collection":[{"href":"http:\/\/duplagourmet.com.br\/index.php\/wp-json\/wp\/v2\/posts"}],"about":[{"href":"http:\/\/duplagourmet.com.br\/index.php\/wp-json\/wp\/v2\/types\/post"}],"author":[{"embeddable":true,"href":"http:\/\/duplagourmet.com.br\/index.php\/wp-json\/wp\/v2\/users\/1"}],"replies":[{"embeddable":true,"href":"http:\/\/duplagourmet.com.br\/index.php\/wp-json\/wp\/v2\/comments?post=6434"}],"version-history":[{"count":2,"href":"http:\/\/duplagourmet.com.br\/index.php\/wp-json\/wp\/v2\/posts\/6434\/revisions"}],"predecessor-version":[{"id":6479,"href":"http:\/\/duplagourmet.com.br\/index.php\/wp-json\/wp\/v2\/posts\/6434\/revisions\/6479"}],"wp:featuredmedia":[{"embeddable":true,"href":"http:\/\/duplagourmet.com.br\/index.php\/wp-json\/wp\/v2\/media\/6438"}],"wp:attachment":[{"href":"http:\/\/duplagourmet.com.br\/index.php\/wp-json\/wp\/v2\/media?parent=6434"}],"wp:term":[{"taxonomy":"category","embeddable":true,"href":"http:\/\/duplagourmet.com.br\/index.php\/wp-json\/wp\/v2\/categories?post=6434"},{"taxonomy":"post_tag","embeddable":true,"href":"http:\/\/duplagourmet.com.br\/index.php\/wp-json\/wp\/v2\/tags?post=6434"}],"curies":[{"name":"wp","href":"https:\/\/api.w.org\/{rel}","templated":true}]}}