{"id":5817,"date":"2016-10-13T18:35:47","date_gmt":"2016-10-13T18:35:47","guid":{"rendered":"http:\/\/duplagourmet.com.br\/?p=5817"},"modified":"2018-11-27T14:36:51","modified_gmt":"2018-11-27T14:36:51","slug":"10-coisas-incriveis-para-fazer-em-um-fds-em-monte-verde","status":"publish","type":"post","link":"http:\/\/duplagourmet.com.br\/index.php\/2016\/10\/13\/10-coisas-incriveis-para-fazer-em-um-fds-em-monte-verde\/","title":{"rendered":"10 coisas incr\u00edveis para fazer em um FDS em Monte Verde"},"content":{"rendered":"<div class=\"0d3c8bb807db4512cec61ce0ce609918\" data-index=\"1\" style=\"float: right; margin:10px 0 10px 10px;\">\n<script async src=\"\/\/pagead2.googlesyndication.com\/pagead\/js\/adsbygoogle.js\"><\/script>\r\n<!-- Dupla -->\r\n<ins class=\"adsbygoogle\"\r\n     style=\"display:inline-block;width:336px;height:280px\"\r\n     data-ad-client=\"ca-pub-5223135331964240\"\r\n     data-ad-slot=\"1820166419\"><\/ins>\r\n<script>\r\n(adsbygoogle = window.adsbygoogle || []).push({});\r\n<\/script>\n<\/div>\n<p>Quem nos conhece sabe o quanto amamos este lugar e o quanto indicamos para todas as pessoas que aparecem na nossa frente! rsrsrs<br \/>\nMonte Verde pertence ao munic\u00edpio de Camanducaia, que \u00e9 umas das primeiras cidades de Minas Gerais.<br \/>\nA dist\u00e2ncia para quem sai de S\u00e3o Paulo \u00e9 de 2 horas, 2 horas e meia.<br \/>\nA cidade \u00e9 fof\u00edssima e\u00a0composta por \u00f3timas hospedagens, infinitas op\u00e7\u00f5es de gastronomia e atra\u00e7\u00f5es diferentes.<br \/>\nUm lugar conhecido por abrigar e encantar casais, tamb\u00e9m pode surpreender as crian\u00e7as.<br \/>\nPor isso separamos algumas atividades super bacanas que voc\u00ea n\u00e3o pode deixar de conhecer!<br \/>\nVem ver!<\/p>\n<h3 style=\"text-align: center;\"><strong>Fazer compras no centrinho<\/strong><\/h3>\n<p style=\"text-align: left;\"><img decoding=\"async\" loading=\"lazy\" class=\"alignnone wp-image-4180 size-full\" src=\"https:\/\/i0.wp.com\/duplagourmet.com.br\/wp-content\/uploads\/2016\/05\/compras-em-monte-verde-1.jpg?resize=800%2C450\" alt=\"compras-em-monte-verde-1\" width=\"800\" height=\"450\" srcset=\"https:\/\/i0.wp.com\/duplagourmet.com.br\/wp-content\/uploads\/2016\/05\/compras-em-monte-verde-1.jpg?w=800 800w, https:\/\/i0.wp.com\/duplagourmet.com.br\/wp-content\/uploads\/2016\/05\/compras-em-monte-verde-1.jpg?resize=650%2C366 650w\" sizes=\"(max-width: 800px) 100vw, 800px\" data-recalc-dims=\"1\" \/><\/p>\n<p><img decoding=\"async\" loading=\"lazy\" class=\"wp-image-4188 size-full\" src=\"https:\/\/i0.wp.com\/duplagourmet.com.br\/wp-content\/uploads\/2016\/05\/compras-em-monte-verde-4-1.jpg?resize=800%2C450\" alt=\"compras-em-monte-verde-4\" width=\"800\" height=\"450\" srcset=\"https:\/\/i0.wp.com\/duplagourmet.com.br\/wp-content\/uploads\/2016\/05\/compras-em-monte-verde-4-1.jpg?w=800 800w, https:\/\/i0.wp.com\/duplagourmet.com.br\/wp-content\/uploads\/2016\/05\/compras-em-monte-verde-4-1.jpg?resize=650%2C366 650w\" sizes=\"(max-width: 800px) 100vw, 800px\" data-recalc-dims=\"1\" \/><\/p>\n<p>A cidade possui uma rua principal cheia de lojinhas fofas, com muitas malhas lindas, doces caseiros, queijos mineiros..tudo isto com aquele clima de Europeu que a cidade oferece.<br \/>\n<strong>Endere\u00e7o:<\/strong> Avenida Monte Verde &#8211; Monte Verde.<\/p>\n<h3 style=\"text-align: center;\"><strong>Visitar a Unger\u00b4s Pottery House\u00a0<\/strong><\/h3>\n<p><img decoding=\"async\" loading=\"lazy\" class=\"alignnone wp-image-4184 size-large\" src=\"https:\/\/i0.wp.com\/duplagourmet.com.br\/wp-content\/uploads\/2016\/05\/IMG_0701.jpg?resize=800%2C533\" alt=\"IMG_0701\" width=\"800\" height=\"533\" srcset=\"https:\/\/i0.wp.com\/duplagourmet.com.br\/wp-content\/uploads\/2016\/05\/IMG_0701.jpg?resize=1140%2C760 1140w, https:\/\/i0.wp.com\/duplagourmet.com.br\/wp-content\/uploads\/2016\/05\/IMG_0701.jpg?resize=650%2C433 650w, https:\/\/i0.wp.com\/duplagourmet.com.br\/wp-content\/uploads\/2016\/05\/IMG_0701.jpg?w=1600 1600w, https:\/\/i0.wp.com\/duplagourmet.com.br\/wp-content\/uploads\/2016\/05\/IMG_0701.jpg?w=2400 2400w\" sizes=\"(max-width: 800px) 100vw, 800px\" data-recalc-dims=\"1\" \/><\/p>\n<p><img decoding=\"async\" loading=\"lazy\" class=\"alignnone wp-image-4185 size-full\" src=\"https:\/\/i0.wp.com\/duplagourmet.com.br\/wp-content\/uploads\/2016\/05\/IMG_0714.jpg?resize=800%2C552\" alt=\"IMG_0714\" width=\"800\" height=\"552\" srcset=\"https:\/\/i0.wp.com\/duplagourmet.com.br\/wp-content\/uploads\/2016\/05\/IMG_0714.jpg?w=800 800w, https:\/\/i0.wp.com\/duplagourmet.com.br\/wp-content\/uploads\/2016\/05\/IMG_0714.jpg?resize=650%2C449 650w\" sizes=\"(max-width: 800px) 100vw, 800px\" data-recalc-dims=\"1\" \/><\/p>\n<p style=\"text-align: left;\">Unger\u00b4s Pottery House \u00e9 um ateli\u00ea\u00a0incr\u00edvel\u00a0no meio das montanhas!<br \/>\nTudo por l\u00e1 \u00e9 produzido pela maravilhosa Paula Unger, que transformou sua antiga casa em uma verdadeiro\u00a0o\u00e1sis para os turistas.<br \/>\nMesmo se voc\u00ea n\u00e3o for fan\u00e1tico por galerias de artes, a vista e o ambiente \u00e9 de encantar.<br \/>\nAos finais de semana eles possuem um \u00e1rea de caf\u00e9 deliciosa que \u00e9 aberta para os visitantes.<strong><br \/>\nEndere\u00e7o:\u00a0<\/strong>Rua da Represa, 1307 &#8211; Monte Verde.<\/p>\n<h3 style=\"text-align: center;\"><strong>Q<\/strong><b>uadriciclo<\/b><\/h3>\n<p><img decoding=\"async\" loading=\"lazy\" class=\"alignnone wp-image-5812 size-full\" src=\"https:\/\/i0.wp.com\/duplagourmet.com.br\/wp-content\/uploads\/2016\/05\/IMG_0535.jpg?resize=800%2C533\" alt=\"img_0535\" width=\"800\" height=\"533\" srcset=\"https:\/\/i0.wp.com\/duplagourmet.com.br\/wp-content\/uploads\/2016\/05\/IMG_0535.jpg?w=900 900w, https:\/\/i0.wp.com\/duplagourmet.com.br\/wp-content\/uploads\/2016\/05\/IMG_0535.jpg?resize=650%2C433 650w\" sizes=\"(max-width: 800px) 100vw, 800px\" data-recalc-dims=\"1\" \/><\/p>\n<p><img decoding=\"async\" loading=\"lazy\" class=\"alignnone wp-image-5813 size-full\" src=\"https:\/\/i0.wp.com\/duplagourmet.com.br\/wp-content\/uploads\/2016\/05\/IMG_0597.jpg?resize=800%2C533\" alt=\"img_0597\" width=\"800\" height=\"533\" srcset=\"https:\/\/i0.wp.com\/duplagourmet.com.br\/wp-content\/uploads\/2016\/05\/IMG_0597.jpg?w=900 900w, https:\/\/i0.wp.com\/duplagourmet.com.br\/wp-content\/uploads\/2016\/05\/IMG_0597.jpg?resize=650%2C433 650w\" sizes=\"(max-width: 800px) 100vw, 800px\" data-recalc-dims=\"1\" \/><img decoding=\"async\" loading=\"lazy\" class=\"alignnone wp-image-5814 size-full\" src=\"https:\/\/i0.wp.com\/duplagourmet.com.br\/wp-content\/uploads\/2016\/05\/IMG_0620.jpg?resize=800%2C533\" alt=\"img_0620\" width=\"800\" height=\"533\" srcset=\"https:\/\/i0.wp.com\/duplagourmet.com.br\/wp-content\/uploads\/2016\/05\/IMG_0620.jpg?w=900 900w, https:\/\/i0.wp.com\/duplagourmet.com.br\/wp-content\/uploads\/2016\/05\/IMG_0620.jpg?resize=650%2C433 650w\" sizes=\"(max-width: 800px) 100vw, 800px\" data-recalc-dims=\"1\" \/><\/p>\n<p>O passeio de quadriciclo \u00e9 \u00a0imperd\u00edvel para quem esta em Monte Verde.<br \/>\nO Quadriventure para n\u00f3s \u00e9 a melhor op\u00e7\u00e3o!<br \/>\nInstrutores hiper queridos e com uma trilha \u00f3tima para admirar a paisagem da cidade e viver momentos de aventura!!<br \/>\nEles possuem tamb\u00e9m um stand fixo no centrinho da cidade para tirar d\u00favidas e oferecer o melhor passeio para cada cliente.<br \/>\n<strong>Endere\u00e7o do stand: <\/strong>Rua Rolinha &#8211; Monte Verde.<br \/>\n<strong>Reservas pelo WhatsApp:<\/strong>\u00a0(35) 9196-2778<\/p>\n<h3 style=\"text-align: center;\"><strong>Andar a cavalo<\/strong><\/h3>\n<p><img decoding=\"async\" loading=\"lazy\" class=\"alignnone wp-image-4173 size-full\" src=\"https:\/\/i0.wp.com\/duplagourmet.com.br\/wp-content\/uploads\/2016\/05\/passeio-a-cavalo.jpg?resize=800%2C494\" alt=\"passeio a cavalo\" width=\"800\" height=\"494\" srcset=\"https:\/\/i0.wp.com\/duplagourmet.com.br\/wp-content\/uploads\/2016\/05\/passeio-a-cavalo.jpg?w=800 800w, https:\/\/i0.wp.com\/duplagourmet.com.br\/wp-content\/uploads\/2016\/05\/passeio-a-cavalo.jpg?resize=650%2C401 650w\" sizes=\"(max-width: 800px) 100vw, 800px\" data-recalc-dims=\"1\" \/><\/p>\n<p>Cavalgar \u00e9 um passeio \u00f3timo para as crian\u00e7as e adultos.<br \/>\nEm Monte Verde \u00e9 poss\u00edvel encontrar diversos pontos com cavalos para aluguel.<br \/>\nOs pe\u00f5es locais ajudam e acompanham em todo o trajeto.<br \/>\n<strong>Endere\u00e7o:<\/strong> Avenida Monte Verde ( perto ao posto de gasolina)<\/p>\n<h3 style=\"text-align: center;\"><strong>Patina\u00e7\u00e3o no gelo<\/strong><\/h3>\n<p><img decoding=\"async\" loading=\"lazy\" class=\"alignnone wp-image-4167 size-full\" src=\"https:\/\/i0.wp.com\/duplagourmet.com.br\/wp-content\/uploads\/2016\/05\/compras-em-monte-verde-8.jpg?resize=800%2C450\" alt=\"compras-em-monte-verde-8\" width=\"800\" height=\"450\" srcset=\"https:\/\/i0.wp.com\/duplagourmet.com.br\/wp-content\/uploads\/2016\/05\/compras-em-monte-verde-8.jpg?w=800 800w, https:\/\/i0.wp.com\/duplagourmet.com.br\/wp-content\/uploads\/2016\/05\/compras-em-monte-verde-8.jpg?resize=650%2C366 650w\" sizes=\"(max-width: 800px) 100vw, 800px\" data-recalc-dims=\"1\" \/><\/p>\n<p>Com um clima t\u00e3o europeu, Monte Verde n\u00e3o podia deixar de oferecer a alegria que \u00e9 deslizar sobre o gelo.<br \/>\nMonte Verde \u00e9 um dos poucos lugares que permanecem com a pista ativa durante o ano todo.<br \/>\nNa pista, as crian\u00e7as podem patinar e curtir uma das atra\u00e7\u00f5es mais legais que a cidade oferece.<br \/>\nOs iniciantes patinam com a ajuda das barras de seguran\u00e7a e tamb\u00e9m com o acompanhamento de monitores.<br \/>\n<strong>Endere\u00e7o:\u00a0<\/strong>Av. Monte Verde. 1463<\/p>\n<h3 style=\"text-align: center;\"><strong>Mega Tirolesa<\/strong><\/h3>\n<p><img decoding=\"async\" loading=\"lazy\" class=\"alignnone wp-image-4168\" src=\"https:\/\/i0.wp.com\/duplagourmet.com.br\/wp-content\/uploads\/2016\/05\/foto-ampliada-842-0607.jpeg?resize=800%2C530\" alt=\"foto-ampliada-842-0607\" width=\"800\" height=\"530\" srcset=\"https:\/\/i0.wp.com\/duplagourmet.com.br\/wp-content\/uploads\/2016\/05\/foto-ampliada-842-0607.jpeg?resize=650%2C431 650w, https:\/\/i0.wp.com\/duplagourmet.com.br\/wp-content\/uploads\/2016\/05\/foto-ampliada-842-0607.jpeg?w=842 842w\" sizes=\"(max-width: 800px) 100vw, 800px\" data-recalc-dims=\"1\" \/><\/p>\n<p>Para os corajosos de plant\u00e3o, a mega tirolesa \u00e9 o passeio ideal!<br \/>\nS\u00e3o duas megas tirolesas, sendo uma de 450 metros e\u00a0outra\u00a0de 475 metros totalizando 925 metros de emo\u00e7\u00e3o e adrenalina a mais de 70 metros de altura.<br \/>\nA tirolesa faz a Travessia do vale com 360\u00ba de vista deslumbrante por meio de cabos de a\u00e7o. Tirolesa consiste em um cabo a\u00e9reo ancorado horizontalmente entre dois pontos, pelo qual o equipamentos ou aventureiros se deslocam atrav\u00e9s de roldanas conectadas por mosquet\u00f5es a uma cadeirinha de alpinismo.<br \/>\n<span class=\"_xdb\"><strong>Endere\u00e7o:<\/strong> <\/span><span class=\"_Xbe\">km 4 &#8211; Rod. Dep. Agostinho Patrus &#8211; Monte Verde<\/span><\/p>\n<h3 style=\"text-align: center;\"><strong>Provar as gel\u00e9ias da Tia Nata<\/strong><\/h3>\n<p><img decoding=\"async\" loading=\"lazy\" class=\"alignnone wp-image-4178 size-large\" src=\"https:\/\/i0.wp.com\/duplagourmet.com.br\/wp-content\/uploads\/2016\/05\/MG_0554.jpg?resize=800%2C533\" alt=\"_MG_0554\" width=\"800\" height=\"533\" srcset=\"https:\/\/i0.wp.com\/duplagourmet.com.br\/wp-content\/uploads\/2016\/05\/MG_0554.jpg?resize=1140%2C760 1140w, https:\/\/i0.wp.com\/duplagourmet.com.br\/wp-content\/uploads\/2016\/05\/MG_0554.jpg?resize=650%2C433 650w, https:\/\/i0.wp.com\/duplagourmet.com.br\/wp-content\/uploads\/2016\/05\/MG_0554.jpg?w=1600 1600w, https:\/\/i0.wp.com\/duplagourmet.com.br\/wp-content\/uploads\/2016\/05\/MG_0554.jpg?w=2400 2400w\" sizes=\"(max-width: 800px) 100vw, 800px\" data-recalc-dims=\"1\" \/><\/p>\n<p><img decoding=\"async\" loading=\"lazy\" class=\"alignnone wp-image-4179 size-large\" src=\"https:\/\/i0.wp.com\/duplagourmet.com.br\/wp-content\/uploads\/2016\/05\/MONTE-VERDE-DUPLAGOURMET1.jpg?resize=800%2C533\" alt=\"MONTE VERDE - DUPLAGOURMET1\" width=\"800\" height=\"533\" srcset=\"https:\/\/i0.wp.com\/duplagourmet.com.br\/wp-content\/uploads\/2016\/05\/MONTE-VERDE-DUPLAGOURMET1.jpg?resize=1140%2C760 1140w, https:\/\/i0.wp.com\/duplagourmet.com.br\/wp-content\/uploads\/2016\/05\/MONTE-VERDE-DUPLAGOURMET1.jpg?resize=650%2C433 650w, https:\/\/i0.wp.com\/duplagourmet.com.br\/wp-content\/uploads\/2016\/05\/MONTE-VERDE-DUPLAGOURMET1.jpg?w=1600 1600w, https:\/\/i0.wp.com\/duplagourmet.com.br\/wp-content\/uploads\/2016\/05\/MONTE-VERDE-DUPLAGOURMET1.jpg?w=2400 2400w\" sizes=\"(max-width: 800px) 100vw, 800px\" data-recalc-dims=\"1\" \/><\/p>\n<p>Sabe aquelas casinhas deliciosas com cara de fam\u00edlia feliz?! Assim \u00e9 a gel\u00e9ias naturais da Tia Nata.<br \/>\nOs sabores vendidos s\u00e3o incr\u00edveis e diferentes.<br \/>\nEles possuem um quintal com dezenas de Beija-Flores \u00a0que deliciam-se com \u00e1gua a\u00e7ucarada que fica a disposi\u00e7\u00e3o ao redor da casa.<br \/>\nAl\u00e9m de possuir um p\u00e9 de kiwi maravilhoso no quintal.<br \/>\nEnfim&#8230;as gel\u00e9ias da Tia Nata \u00e9 puro amor!<br \/>\n<strong>Endere\u00e7o:\u00a0<\/strong>Rua Bem-Te-Vi, 84<\/p>\n<h3 style=\"text-align: center;\"><strong>Degustar \u00f3timos vinhos<\/strong><\/h3>\n<p><img decoding=\"async\" loading=\"lazy\" class=\"alignnone wp-image-5824 size-full\" src=\"https:\/\/i0.wp.com\/duplagourmet.com.br\/wp-content\/uploads\/2016\/10\/IMG_0913.jpg?resize=800%2C533\" alt=\"img_0913\" width=\"800\" height=\"533\" srcset=\"https:\/\/i0.wp.com\/duplagourmet.com.br\/wp-content\/uploads\/2016\/10\/IMG_0913.jpg?w=900 900w, https:\/\/i0.wp.com\/duplagourmet.com.br\/wp-content\/uploads\/2016\/10\/IMG_0913.jpg?resize=650%2C433 650w\" sizes=\"(max-width: 800px) 100vw, 800px\" data-recalc-dims=\"1\" \/><\/p>\n<p><img decoding=\"async\" loading=\"lazy\" class=\"alignnone wp-image-5825 size-full\" src=\"https:\/\/i0.wp.com\/duplagourmet.com.br\/wp-content\/uploads\/2016\/10\/IMG_0939.jpg?resize=800%2C533\" alt=\"img_0939\" width=\"800\" height=\"533\" srcset=\"https:\/\/i0.wp.com\/duplagourmet.com.br\/wp-content\/uploads\/2016\/10\/IMG_0939.jpg?w=900 900w, https:\/\/i0.wp.com\/duplagourmet.com.br\/wp-content\/uploads\/2016\/10\/IMG_0939.jpg?resize=650%2C433 650w\" sizes=\"(max-width: 800px) 100vw, 800px\" data-recalc-dims=\"1\" \/><\/p>\n<p style=\"text-align: left;\">A Mistral Verde \u00e9 um dos lugares mais aconchegantes de Monte Verde.<br \/>\nEles possuem mais de 300 r\u00f3tulos do Mundo todo!<br \/>\nIdeal para quem quer comprar e levar para tomar na pousada, olhando a lareira.<br \/>\nSe preferir o espa\u00e7o conta com mesas deliciosas, com vista para a rua principal da cidade.<br \/>\nSempre \u00e9 dispon\u00edvel 2 r\u00f3tulos para degusta\u00e7\u00e3o com \u00f3timas entradinhas em parceria com o restaurante Villa Donna Bistr\u00f4.<br \/>\n<strong>Endere\u00e7o: <\/strong>Rua Rolinha 33, loja 2 &#8211; Monte Verde.<\/p>\n<h3 style=\"text-align: center;\"><strong>Conhecer a \u00f3tima gastronomia<\/strong><\/h3>\n<p><img decoding=\"async\" loading=\"lazy\" class=\"alignnone wp-image-4225 size-full\" src=\"https:\/\/i0.wp.com\/duplagourmet.com.br\/wp-content\/uploads\/2016\/05\/onde-se-divertir-em-monte-boteco-do-lago.jpg?resize=800%2C450\" alt=\"onde-se-divertir-em-monte-boteco-do-lago\" width=\"800\" height=\"450\" srcset=\"https:\/\/i0.wp.com\/duplagourmet.com.br\/wp-content\/uploads\/2016\/05\/onde-se-divertir-em-monte-boteco-do-lago.jpg?w=800 800w, https:\/\/i0.wp.com\/duplagourmet.com.br\/wp-content\/uploads\/2016\/05\/onde-se-divertir-em-monte-boteco-do-lago.jpg?resize=650%2C366 650w\" sizes=\"(max-width: 800px) 100vw, 800px\" data-recalc-dims=\"1\" \/><\/p>\n<p style=\"text-align: left;\"><img decoding=\"async\" loading=\"lazy\" class=\"alignnone wp-image-5820 size-full\" src=\"https:\/\/i0.wp.com\/duplagourmet.com.br\/wp-content\/uploads\/2016\/10\/IMG_0406.jpg?resize=800%2C533\" alt=\"img_0406\" width=\"800\" height=\"533\" srcset=\"https:\/\/i0.wp.com\/duplagourmet.com.br\/wp-content\/uploads\/2016\/10\/IMG_0406.jpg?w=900 900w, https:\/\/i0.wp.com\/duplagourmet.com.br\/wp-content\/uploads\/2016\/10\/IMG_0406.jpg?resize=650%2C433 650w\" sizes=\"(max-width: 800px) 100vw, 800px\" data-recalc-dims=\"1\" \/><\/p>\n<p style=\"text-align: left;\">A gastronomia \u00e9 um dos pontos fortes de Monte Verde.<br \/>\nNa rua principal voc\u00ea encontra quase que um restaurante ao lado do outro.<br \/>\nTodos lindos e cheios de charme!<br \/>\nIndicamos 5 restaurantes imperd\u00edveis e que amamos muito:<br \/>\n&#8211; Villa Donna Bistr\u00f4 ( O melhor na nossa opini\u00e3o)<br \/>\n&#8211; A Casa do Fondue<br \/>\n&#8211; Cantina Portale di Napoli<br \/>\n&#8211; Villa Amarela<br \/>\n&#8211; Confraria Paulist\u00e2nia<\/p>\n<h3 style=\"text-align: center;\"><strong>Curtir a pousada<\/strong><\/h3>\n<p><img decoding=\"async\" loading=\"lazy\" class=\"alignnone wp-image-4229\" src=\"https:\/\/i0.wp.com\/duplagourmet.com.br\/wp-content\/uploads\/2016\/05\/63054784.jpg?resize=800%2C438\" alt=\"63054784\" width=\"800\" height=\"438\" srcset=\"https:\/\/i0.wp.com\/duplagourmet.com.br\/wp-content\/uploads\/2016\/05\/63054784.jpg?resize=650%2C356 650w, https:\/\/i0.wp.com\/duplagourmet.com.br\/wp-content\/uploads\/2016\/05\/63054784.jpg?w=840 840w\" sizes=\"(max-width: 800px) 100vw, 800px\" data-recalc-dims=\"1\" \/><\/p>\n<p><img decoding=\"async\" loading=\"lazy\" class=\"alignnone wp-image-5808 \" src=\"https:\/\/i0.wp.com\/duplagourmet.com.br\/wp-content\/uploads\/2016\/10\/IMG_1223.jpg?resize=800%2C533\" alt=\"img_1223\" width=\"800\" height=\"533\" srcset=\"https:\/\/i0.wp.com\/duplagourmet.com.br\/wp-content\/uploads\/2016\/10\/IMG_1223.jpg?w=900 900w, https:\/\/i0.wp.com\/duplagourmet.com.br\/wp-content\/uploads\/2016\/10\/IMG_1223.jpg?resize=650%2C433 650w\" sizes=\"(max-width: 800px) 100vw, 800px\" data-recalc-dims=\"1\" \/><\/p>\n<p>Vamos confessar que j\u00e1 fizemos as atividades acima e amamos muito, mas somos extremamente f\u00e3s de curtir qualquer hotel onde estamos hospedados.<br \/>\nMonte Verde \u00e9 rico em pousadas e hot\u00e9is sensacionais.<br \/>\nNada como curtir uma piscina no fim da tarde e a noite acender a lareira que muitos quartos da cidade oferecem.<br \/>\nAhh um dica: no centrinho eles vendem espetinhos com marshmallow\u00a0que ficam deliciosos ao aquecer na lareira.<br \/>\nIndicamos 4 pousadas que j\u00e1 nos hospedamos e adoramos:<br \/>\n&#8211; Car\u00edcia do Vento<br \/>\n&#8211; Mirante da colyna<br \/>\n&#8211; Village de Minas<br \/>\n&#8211; Alto da Neblina<\/p>\n\n<div style=\"font-size: 0px; height: 0px; line-height: 0px; margin: 0; padding: 0; clear: both;\"><\/div>","protected":false},"excerpt":{"rendered":"<p>Quem nos conhece sabe o quanto amamos este lugar e o quanto indicamos para todas as pessoas que aparecem na nossa frente! rsrsrs Monte Verde pertence ao munic\u00edpio de Camanducaia, que \u00e9 umas das primeiras cidades de Minas Gerais. A dist\u00e2ncia para quem sai de S\u00e3o Paulo \u00e9 de 2 horas, 2 horas e meia. [&hellip;]<\/p>\n","protected":false},"author":1,"featured_media":5814,"comment_status":"open","ping_status":"open","sticky":false,"template":"","format":"standard","meta":{"jetpack_post_was_ever_published":false,"_jetpack_newsletter_access":"","_jetpack_newsletter_tier_id":0},"categories":[270,236,225],"tags":[],"yoast_head":"<!-- This site is optimized with the Yoast SEO plugin v20.2.1 - https:\/\/yoast.com\/wordpress\/plugins\/seo\/ -->\n<title>10 coisas incr\u00edveis para fazer em um FDS em Monte Verde -<\/title>\n<meta name=\"robots\" content=\"index, follow, max-snippet:-1, max-image-preview:large, max-video-preview:-1\" \/>\n<link rel=\"canonical\" href=\"http:\/\/duplagourmet.com.br\/index.php\/2016\/10\/13\/10-coisas-incriveis-para-fazer-em-um-fds-em-monte-verde\/\" \/>\n<meta property=\"og:locale\" content=\"pt_BR\" \/>\n<meta property=\"og:type\" content=\"article\" \/>\n<meta property=\"og:title\" content=\"10 coisas incr\u00edveis para fazer em um FDS em Monte Verde -\" \/>\n<meta property=\"og:description\" content=\"Quem nos conhece sabe o quanto amamos este lugar e o quanto indicamos para todas as pessoas que aparecem na nossa frente! rsrsrs Monte Verde pertence ao munic\u00edpio de Camanducaia, que \u00e9 umas das primeiras cidades de Minas Gerais. A dist\u00e2ncia para quem sai de S\u00e3o Paulo \u00e9 de 2 horas, 2 horas e meia. [&hellip;]\" \/>\n<meta property=\"og:url\" content=\"http:\/\/duplagourmet.com.br\/index.php\/2016\/10\/13\/10-coisas-incriveis-para-fazer-em-um-fds-em-monte-verde\/\" \/>\n<meta property=\"article:publisher\" content=\"https:\/\/www.facebook.com\/duplagourmet\" \/>\n<meta property=\"article:published_time\" content=\"2016-10-13T18:35:47+00:00\" \/>\n<meta property=\"article:modified_time\" content=\"2018-11-27T14:36:51+00:00\" \/>\n<meta property=\"og:image\" content=\"https:\/\/i0.wp.com\/duplagourmet.com.br\/wp-content\/uploads\/2016\/05\/IMG_0620.jpg?fit=900%2C600\" \/>\n\t<meta property=\"og:image:width\" content=\"900\" \/>\n\t<meta property=\"og:image:height\" content=\"600\" \/>\n\t<meta property=\"og:image:type\" content=\"image\/jpeg\" \/>\n<meta name=\"author\" content=\"Lais Trov\u00e3o\" \/>\n<meta name=\"twitter:card\" content=\"summary_large_image\" \/>\n<meta name=\"twitter:creator\" content=\"@DuplaGourmet\" \/>\n<meta name=\"twitter:site\" content=\"@DuplaGourmet\" \/>\n<meta name=\"twitter:label1\" content=\"Escrito por\" \/>\n\t<meta name=\"twitter:data1\" content=\"Lais Trov\u00e3o\" \/>\n\t<meta name=\"twitter:label2\" content=\"Est. tempo de leitura\" \/>\n\t<meta name=\"twitter:data2\" content=\"4 minutos\" \/>\n<script type=\"application\/ld+json\" class=\"yoast-schema-graph\">{\"@context\":\"https:\/\/schema.org\",\"@graph\":[{\"@type\":\"Article\",\"@id\":\"http:\/\/duplagourmet.com.br\/index.php\/2016\/10\/13\/10-coisas-incriveis-para-fazer-em-um-fds-em-monte-verde\/#article\",\"isPartOf\":{\"@id\":\"http:\/\/duplagourmet.com.br\/index.php\/2016\/10\/13\/10-coisas-incriveis-para-fazer-em-um-fds-em-monte-verde\/\"},\"author\":{\"name\":\"Lais Trov\u00e3o\",\"@id\":\"https:\/\/duplagourmet.com.br\/#\/schema\/person\/888065adf1bf32ae6ab307c7362db9b1\"},\"headline\":\"10 coisas incr\u00edveis para fazer em um FDS em Monte Verde\",\"datePublished\":\"2016-10-13T18:35:47+00:00\",\"dateModified\":\"2018-11-27T14:36:51+00:00\",\"mainEntityOfPage\":{\"@id\":\"http:\/\/duplagourmet.com.br\/index.php\/2016\/10\/13\/10-coisas-incriveis-para-fazer-em-um-fds-em-monte-verde\/\"},\"wordCount\":875,\"commentCount\":2,\"publisher\":{\"@id\":\"https:\/\/duplagourmet.com.br\/#organization\"},\"articleSection\":[\"Brasil\",\"Monte Verde\",\"Viagens\"],\"inLanguage\":\"pt-BR\",\"potentialAction\":[{\"@type\":\"CommentAction\",\"name\":\"Comment\",\"target\":[\"http:\/\/duplagourmet.com.br\/index.php\/2016\/10\/13\/10-coisas-incriveis-para-fazer-em-um-fds-em-monte-verde\/#respond\"]}]},{\"@type\":\"WebPage\",\"@id\":\"http:\/\/duplagourmet.com.br\/index.php\/2016\/10\/13\/10-coisas-incriveis-para-fazer-em-um-fds-em-monte-verde\/\",\"url\":\"http:\/\/duplagourmet.com.br\/index.php\/2016\/10\/13\/10-coisas-incriveis-para-fazer-em-um-fds-em-monte-verde\/\",\"name\":\"10 coisas incr\u00edveis para fazer em um FDS em Monte Verde -\",\"isPartOf\":{\"@id\":\"https:\/\/duplagourmet.com.br\/#website\"},\"datePublished\":\"2016-10-13T18:35:47+00:00\",\"dateModified\":\"2018-11-27T14:36:51+00:00\",\"breadcrumb\":{\"@id\":\"http:\/\/duplagourmet.com.br\/index.php\/2016\/10\/13\/10-coisas-incriveis-para-fazer-em-um-fds-em-monte-verde\/#breadcrumb\"},\"inLanguage\":\"pt-BR\",\"potentialAction\":[{\"@type\":\"ReadAction\",\"target\":[\"http:\/\/duplagourmet.com.br\/index.php\/2016\/10\/13\/10-coisas-incriveis-para-fazer-em-um-fds-em-monte-verde\/\"]}]},{\"@type\":\"BreadcrumbList\",\"@id\":\"http:\/\/duplagourmet.com.br\/index.php\/2016\/10\/13\/10-coisas-incriveis-para-fazer-em-um-fds-em-monte-verde\/#breadcrumb\",\"itemListElement\":[{\"@type\":\"ListItem\",\"position\":1,\"name\":\"In\u00edcio\",\"item\":\"https:\/\/duplagourmet.com.br\/\"},{\"@type\":\"ListItem\",\"position\":2,\"name\":\"10 coisas incr\u00edveis para fazer em um FDS em Monte Verde\"}]},{\"@type\":\"WebSite\",\"@id\":\"https:\/\/duplagourmet.com.br\/#website\",\"url\":\"https:\/\/duplagourmet.com.br\/\",\"name\":\"\",\"description\":\"Site de Gastronomia e Viagens\",\"publisher\":{\"@id\":\"https:\/\/duplagourmet.com.br\/#organization\"},\"potentialAction\":[{\"@type\":\"SearchAction\",\"target\":{\"@type\":\"EntryPoint\",\"urlTemplate\":\"https:\/\/duplagourmet.com.br\/?s={search_term_string}\"},\"query-input\":\"required name=search_term_string\"}],\"inLanguage\":\"pt-BR\"},{\"@type\":\"Organization\",\"@id\":\"https:\/\/duplagourmet.com.br\/#organization\",\"name\":\"Dupla Gourmet\",\"url\":\"https:\/\/duplagourmet.com.br\/\",\"logo\":{\"@type\":\"ImageObject\",\"inLanguage\":\"pt-BR\",\"@id\":\"https:\/\/duplagourmet.com.br\/#\/schema\/logo\/image\/\",\"url\":\"https:\/\/i0.wp.com\/duplagourmet.com.br\/wp-content\/uploads\/2015\/07\/LOGO.jpg?fit=2120%2C1193&ssl=1\",\"contentUrl\":\"https:\/\/i0.wp.com\/duplagourmet.com.br\/wp-content\/uploads\/2015\/07\/LOGO.jpg?fit=2120%2C1193&ssl=1\",\"width\":2120,\"height\":1193,\"caption\":\"Dupla Gourmet\"},\"image\":{\"@id\":\"https:\/\/duplagourmet.com.br\/#\/schema\/logo\/image\/\"},\"sameAs\":[\"https:\/\/www.facebook.com\/duplagourmet\",\"https:\/\/twitter.com\/DuplaGourmet\",\"https:\/\/instagram.com\/duplagourmet\/\"]},{\"@type\":\"Person\",\"@id\":\"https:\/\/duplagourmet.com.br\/#\/schema\/person\/888065adf1bf32ae6ab307c7362db9b1\",\"name\":\"Lais Trov\u00e3o\",\"image\":{\"@type\":\"ImageObject\",\"inLanguage\":\"pt-BR\",\"@id\":\"https:\/\/duplagourmet.com.br\/#\/schema\/person\/image\/\",\"url\":\"http:\/\/2.gravatar.com\/avatar\/21dda7f6b6103bd096caaf547327b1d9?s=96&d=mm&r=g\",\"contentUrl\":\"http:\/\/2.gravatar.com\/avatar\/21dda7f6b6103bd096caaf547327b1d9?s=96&d=mm&r=g\",\"caption\":\"Lais Trov\u00e3o\"},\"sameAs\":[\"http:\/\/duplagourmet.com.br\/\"],\"url\":\"http:\/\/duplagourmet.com.br\/index.php\/author\/lais_divinohotmail-com\/\"}]}<\/script>\n<!-- \/ Yoast SEO plugin. -->","yoast_head_json":{"title":"10 coisas incr\u00edveis para fazer em um FDS em Monte Verde -","robots":{"index":"index","follow":"follow","max-snippet":"max-snippet:-1","max-image-preview":"max-image-preview:large","max-video-preview":"max-video-preview:-1"},"canonical":"http:\/\/duplagourmet.com.br\/index.php\/2016\/10\/13\/10-coisas-incriveis-para-fazer-em-um-fds-em-monte-verde\/","og_locale":"pt_BR","og_type":"article","og_title":"10 coisas incr\u00edveis para fazer em um FDS em Monte Verde -","og_description":"Quem nos conhece sabe o quanto amamos este lugar e o quanto indicamos para todas as pessoas que aparecem na nossa frente! rsrsrs Monte Verde pertence ao munic\u00edpio de Camanducaia, que \u00e9 umas das primeiras cidades de Minas Gerais. A dist\u00e2ncia para quem sai de S\u00e3o Paulo \u00e9 de 2 horas, 2 horas e meia. [&hellip;]","og_url":"http:\/\/duplagourmet.com.br\/index.php\/2016\/10\/13\/10-coisas-incriveis-para-fazer-em-um-fds-em-monte-verde\/","article_publisher":"https:\/\/www.facebook.com\/duplagourmet","article_published_time":"2016-10-13T18:35:47+00:00","article_modified_time":"2018-11-27T14:36:51+00:00","og_image":[{"width":900,"height":600,"url":"https:\/\/i0.wp.com\/duplagourmet.com.br\/wp-content\/uploads\/2016\/05\/IMG_0620.jpg?fit=900%2C600","type":"image\/jpeg"}],"author":"Lais Trov\u00e3o","twitter_card":"summary_large_image","twitter_creator":"@DuplaGourmet","twitter_site":"@DuplaGourmet","twitter_misc":{"Escrito por":"Lais Trov\u00e3o","Est. tempo de leitura":"4 minutos"},"schema":{"@context":"https:\/\/schema.org","@graph":[{"@type":"Article","@id":"http:\/\/duplagourmet.com.br\/index.php\/2016\/10\/13\/10-coisas-incriveis-para-fazer-em-um-fds-em-monte-verde\/#article","isPartOf":{"@id":"http:\/\/duplagourmet.com.br\/index.php\/2016\/10\/13\/10-coisas-incriveis-para-fazer-em-um-fds-em-monte-verde\/"},"author":{"name":"Lais Trov\u00e3o","@id":"https:\/\/duplagourmet.com.br\/#\/schema\/person\/888065adf1bf32ae6ab307c7362db9b1"},"headline":"10 coisas incr\u00edveis para fazer em um FDS em Monte Verde","datePublished":"2016-10-13T18:35:47+00:00","dateModified":"2018-11-27T14:36:51+00:00","mainEntityOfPage":{"@id":"http:\/\/duplagourmet.com.br\/index.php\/2016\/10\/13\/10-coisas-incriveis-para-fazer-em-um-fds-em-monte-verde\/"},"wordCount":875,"commentCount":2,"publisher":{"@id":"https:\/\/duplagourmet.com.br\/#organization"},"articleSection":["Brasil","Monte Verde","Viagens"],"inLanguage":"pt-BR","potentialAction":[{"@type":"CommentAction","name":"Comment","target":["http:\/\/duplagourmet.com.br\/index.php\/2016\/10\/13\/10-coisas-incriveis-para-fazer-em-um-fds-em-monte-verde\/#respond"]}]},{"@type":"WebPage","@id":"http:\/\/duplagourmet.com.br\/index.php\/2016\/10\/13\/10-coisas-incriveis-para-fazer-em-um-fds-em-monte-verde\/","url":"http:\/\/duplagourmet.com.br\/index.php\/2016\/10\/13\/10-coisas-incriveis-para-fazer-em-um-fds-em-monte-verde\/","name":"10 coisas incr\u00edveis para fazer em um FDS em Monte Verde -","isPartOf":{"@id":"https:\/\/duplagourmet.com.br\/#website"},"datePublished":"2016-10-13T18:35:47+00:00","dateModified":"2018-11-27T14:36:51+00:00","breadcrumb":{"@id":"http:\/\/duplagourmet.com.br\/index.php\/2016\/10\/13\/10-coisas-incriveis-para-fazer-em-um-fds-em-monte-verde\/#breadcrumb"},"inLanguage":"pt-BR","potentialAction":[{"@type":"ReadAction","target":["http:\/\/duplagourmet.com.br\/index.php\/2016\/10\/13\/10-coisas-incriveis-para-fazer-em-um-fds-em-monte-verde\/"]}]},{"@type":"BreadcrumbList","@id":"http:\/\/duplagourmet.com.br\/index.php\/2016\/10\/13\/10-coisas-incriveis-para-fazer-em-um-fds-em-monte-verde\/#breadcrumb","itemListElement":[{"@type":"ListItem","position":1,"name":"In\u00edcio","item":"https:\/\/duplagourmet.com.br\/"},{"@type":"ListItem","position":2,"name":"10 coisas incr\u00edveis para fazer em um FDS em Monte Verde"}]},{"@type":"WebSite","@id":"https:\/\/duplagourmet.com.br\/#website","url":"https:\/\/duplagourmet.com.br\/","name":"","description":"Site de Gastronomia e Viagens","publisher":{"@id":"https:\/\/duplagourmet.com.br\/#organization"},"potentialAction":[{"@type":"SearchAction","target":{"@type":"EntryPoint","urlTemplate":"https:\/\/duplagourmet.com.br\/?s={search_term_string}"},"query-input":"required name=search_term_string"}],"inLanguage":"pt-BR"},{"@type":"Organization","@id":"https:\/\/duplagourmet.com.br\/#organization","name":"Dupla Gourmet","url":"https:\/\/duplagourmet.com.br\/","logo":{"@type":"ImageObject","inLanguage":"pt-BR","@id":"https:\/\/duplagourmet.com.br\/#\/schema\/logo\/image\/","url":"https:\/\/i0.wp.com\/duplagourmet.com.br\/wp-content\/uploads\/2015\/07\/LOGO.jpg?fit=2120%2C1193&ssl=1","contentUrl":"https:\/\/i0.wp.com\/duplagourmet.com.br\/wp-content\/uploads\/2015\/07\/LOGO.jpg?fit=2120%2C1193&ssl=1","width":2120,"height":1193,"caption":"Dupla Gourmet"},"image":{"@id":"https:\/\/duplagourmet.com.br\/#\/schema\/logo\/image\/"},"sameAs":["https:\/\/www.facebook.com\/duplagourmet","https:\/\/twitter.com\/DuplaGourmet","https:\/\/instagram.com\/duplagourmet\/"]},{"@type":"Person","@id":"https:\/\/duplagourmet.com.br\/#\/schema\/person\/888065adf1bf32ae6ab307c7362db9b1","name":"Lais Trov\u00e3o","image":{"@type":"ImageObject","inLanguage":"pt-BR","@id":"https:\/\/duplagourmet.com.br\/#\/schema\/person\/image\/","url":"http:\/\/2.gravatar.com\/avatar\/21dda7f6b6103bd096caaf547327b1d9?s=96&d=mm&r=g","contentUrl":"http:\/\/2.gravatar.com\/avatar\/21dda7f6b6103bd096caaf547327b1d9?s=96&d=mm&r=g","caption":"Lais Trov\u00e3o"},"sameAs":["http:\/\/duplagourmet.com.br\/"],"url":"http:\/\/duplagourmet.com.br\/index.php\/author\/lais_divinohotmail-com\/"}]}},"jetpack_sharing_enabled":true,"jetpack_featured_media_url":"https:\/\/i0.wp.com\/duplagourmet.com.br\/wp-content\/uploads\/2016\/05\/IMG_0620.jpg?fit=900%2C600","jetpack_shortlink":"https:\/\/wp.me\/p67KK6-1vP","_links":{"self":[{"href":"http:\/\/duplagourmet.com.br\/index.php\/wp-json\/wp\/v2\/posts\/5817"}],"collection":[{"href":"http:\/\/duplagourmet.com.br\/index.php\/wp-json\/wp\/v2\/posts"}],"about":[{"href":"http:\/\/duplagourmet.com.br\/index.php\/wp-json\/wp\/v2\/types\/post"}],"author":[{"embeddable":true,"href":"http:\/\/duplagourmet.com.br\/index.php\/wp-json\/wp\/v2\/users\/1"}],"replies":[{"embeddable":true,"href":"http:\/\/duplagourmet.com.br\/index.php\/wp-json\/wp\/v2\/comments?post=5817"}],"version-history":[{"count":2,"href":"http:\/\/duplagourmet.com.br\/index.php\/wp-json\/wp\/v2\/posts\/5817\/revisions"}],"predecessor-version":[{"id":5923,"href":"http:\/\/duplagourmet.com.br\/index.php\/wp-json\/wp\/v2\/posts\/5817\/revisions\/5923"}],"wp:featuredmedia":[{"embeddable":true,"href":"http:\/\/duplagourmet.com.br\/index.php\/wp-json\/wp\/v2\/media\/5814"}],"wp:attachment":[{"href":"http:\/\/duplagourmet.com.br\/index.php\/wp-json\/wp\/v2\/media?parent=5817"}],"wp:term":[{"taxonomy":"category","embeddable":true,"href":"http:\/\/duplagourmet.com.br\/index.php\/wp-json\/wp\/v2\/categories?post=5817"},{"taxonomy":"post_tag","embeddable":true,"href":"http:\/\/duplagourmet.com.br\/index.php\/wp-json\/wp\/v2\/tags?post=5817"}],"curies":[{"name":"wp","href":"https:\/\/api.w.org\/{rel}","templated":true}]}}