{"id":5802,"date":"2016-10-13T15:26:31","date_gmt":"2016-10-13T15:26:31","guid":{"rendered":"http:\/\/duplagourmet.com.br\/?p=5802"},"modified":"2018-11-27T14:37:26","modified_gmt":"2018-11-27T14:37:26","slug":"uma-pousada-encantadora-em-monte-verde","status":"publish","type":"post","link":"http:\/\/duplagourmet.com.br\/index.php\/2016\/10\/13\/uma-pousada-encantadora-em-monte-verde\/","title":{"rendered":"Uma pousada encantadora em Monte Verde"},"content":{"rendered":"<div class=\"0d3c8bb807db4512cec61ce0ce609918\" data-index=\"1\" style=\"float: right; margin:10px 0 10px 10px;\">\n<script async src=\"\/\/pagead2.googlesyndication.com\/pagead\/js\/adsbygoogle.js\"><\/script>\r\n<!-- Dupla -->\r\n<ins class=\"adsbygoogle\"\r\n     style=\"display:inline-block;width:336px;height:280px\"\r\n     data-ad-client=\"ca-pub-5223135331964240\"\r\n     data-ad-slot=\"1820166419\"><\/ins>\r\n<script>\r\n(adsbygoogle = window.adsbygoogle || []).push({});\r\n<\/script>\n<\/div>\n<p>No \u00faltimo final de semana fomos para Monte Verde.<br \/>\nUm lugar apaixonante que pertence ao munic\u00edpio de Camanducaia.<br \/>\nEla \u00e9 uma das primeiras cidades de Minas Gerais, saindo de S\u00e3o Paulo.<br \/>\nAmamos o clima europeu, o friozinho e cada detalhe deste lugar encantador!<br \/>\nMonte Verde \u00e9 cheio de hot\u00e9is e pousadas deliciosas..e como alguns leitores pediram algumas dicas de hospedagem, hoje vamos falar um pouquinho da nossa \u00faltima estadia.<br \/>\nVem ver!<\/p>\n<p><img decoding=\"async\" loading=\"lazy\" class=\"alignnone wp-image-5810 size-full\" src=\"https:\/\/i0.wp.com\/duplagourmet.com.br\/wp-content\/uploads\/2016\/10\/IMG_1304.jpg?resize=800%2C533\" alt=\"img_1304\" width=\"800\" height=\"533\" srcset=\"https:\/\/i0.wp.com\/duplagourmet.com.br\/wp-content\/uploads\/2016\/10\/IMG_1304.jpg?w=900 900w, https:\/\/i0.wp.com\/duplagourmet.com.br\/wp-content\/uploads\/2016\/10\/IMG_1304.jpg?resize=650%2C433 650w\" sizes=\"(max-width: 800px) 100vw, 800px\" data-recalc-dims=\"1\" \/><\/p>\n<p><img decoding=\"async\" loading=\"lazy\" class=\"alignnone wp-image-5808 size-full\" src=\"https:\/\/i0.wp.com\/duplagourmet.com.br\/wp-content\/uploads\/2016\/10\/IMG_1223.jpg?resize=800%2C533\" alt=\"img_1223\" width=\"800\" height=\"533\" srcset=\"https:\/\/i0.wp.com\/duplagourmet.com.br\/wp-content\/uploads\/2016\/10\/IMG_1223.jpg?w=900 900w, https:\/\/i0.wp.com\/duplagourmet.com.br\/wp-content\/uploads\/2016\/10\/IMG_1223.jpg?resize=650%2C433 650w\" sizes=\"(max-width: 800px) 100vw, 800px\" data-recalc-dims=\"1\" \/><\/p>\n<p><img decoding=\"async\" loading=\"lazy\" class=\"alignnone wp-image-3117 size-large\" src=\"https:\/\/i0.wp.com\/duplagourmet.com.br\/wp-content\/uploads\/2016\/04\/MG_0429.jpg?resize=800%2C533\" alt=\"_MG_0429\" width=\"800\" height=\"533\" srcset=\"https:\/\/i0.wp.com\/duplagourmet.com.br\/wp-content\/uploads\/2016\/04\/MG_0429.jpg?resize=1020%2C680 1020w, https:\/\/i0.wp.com\/duplagourmet.com.br\/wp-content\/uploads\/2016\/04\/MG_0429.jpg?resize=632%2C421 632w, https:\/\/i0.wp.com\/duplagourmet.com.br\/wp-content\/uploads\/2016\/04\/MG_0429.jpg?resize=768%2C512 768w, https:\/\/i0.wp.com\/duplagourmet.com.br\/wp-content\/uploads\/2016\/04\/MG_0429.jpg?resize=570%2C380 570w, https:\/\/i0.wp.com\/duplagourmet.com.br\/wp-content\/uploads\/2016\/04\/MG_0429.jpg?w=1600 1600w, https:\/\/i0.wp.com\/duplagourmet.com.br\/wp-content\/uploads\/2016\/04\/MG_0429.jpg?w=2400 2400w\" sizes=\"(max-width: 800px) 100vw, 800px\" data-recalc-dims=\"1\" \/><\/p>\n<p>A pousada Car\u00edcia do Vento \u00e9 simplesmente linda, aconchegante e cheia de charme.<br \/>\nOs Chal\u00e9s s\u00e3o \u00f3timos, espa\u00e7osos e alguns deles cont\u00e9m hidromassagem com cromoterapia, lareira e entre outros confortos.<br \/>\nUma das coisas mais bacanas ao nosso ver \u00e9 que a pousada possui uma \u00f3tima infraestrutura de lazer para todos os h\u00f3spedes.<br \/>\nA pousada conta com sauna seca e \u00famida, piscina adulto e infantil, restaurante, sala de massagem, sala fitness, spa com vista para as montanhas, ref\u00fagio dos lagos com redes para deitar, sal\u00e3o de jogos, bar e sala de cinema ( com muitas pantufas, cobertores, filmes e lareira).<\/p>\n<p><img decoding=\"async\" loading=\"lazy\" class=\"alignnone wp-image-3622 size-full\" src=\"https:\/\/i0.wp.com\/duplagourmet.com.br\/wp-content\/uploads\/2016\/04\/7690_1596688817317968_3341726987589035046_n-1.jpg?resize=800%2C598\" alt=\"7690_1596688817317968_3341726987589035046_n\" width=\"800\" height=\"598\" srcset=\"https:\/\/i0.wp.com\/duplagourmet.com.br\/wp-content\/uploads\/2016\/04\/7690_1596688817317968_3341726987589035046_n-1.jpg?w=800 800w, https:\/\/i0.wp.com\/duplagourmet.com.br\/wp-content\/uploads\/2016\/04\/7690_1596688817317968_3341726987589035046_n-1.jpg?resize=650%2C486 650w\" sizes=\"(max-width: 800px) 100vw, 800px\" data-recalc-dims=\"1\" \/><\/p>\n<p><img decoding=\"async\" loading=\"lazy\" class=\"alignnone wp-image-5835 size-full\" src=\"https:\/\/i0.wp.com\/duplagourmet.com.br\/wp-content\/uploads\/2016\/10\/IMG_1279-1.jpg?resize=800%2C533\" alt=\"img_1279\" width=\"800\" height=\"533\" srcset=\"https:\/\/i0.wp.com\/duplagourmet.com.br\/wp-content\/uploads\/2016\/10\/IMG_1279-1.jpg?w=900 900w, https:\/\/i0.wp.com\/duplagourmet.com.br\/wp-content\/uploads\/2016\/10\/IMG_1279-1.jpg?resize=650%2C433 650w\" sizes=\"(max-width: 800px) 100vw, 800px\" data-recalc-dims=\"1\" \/><\/p>\n<p>Outro ponto que amamos e sempre valorizamos muito \u00e9 o atendimento.<br \/>\nOs colaboradores da pousada s\u00e3o extremamente gentis e dispostos a ajudar.<br \/>\nAhh e o caf\u00e9 da manh\u00e3 \u00e9 bem caseiro, com p\u00e3es de queijos bem quentinhos, geleias naturais, tudo preparado por l\u00e1.<\/p>\n<p><img decoding=\"async\" loading=\"lazy\" class=\"alignnone wp-image-5833 size-full\" src=\"https:\/\/i0.wp.com\/duplagourmet.com.br\/wp-content\/uploads\/2016\/10\/IMG_0307.jpg?resize=800%2C533\" alt=\"img_0307\" width=\"800\" height=\"533\" srcset=\"https:\/\/i0.wp.com\/duplagourmet.com.br\/wp-content\/uploads\/2016\/10\/IMG_0307.jpg?w=900 900w, https:\/\/i0.wp.com\/duplagourmet.com.br\/wp-content\/uploads\/2016\/10\/IMG_0307.jpg?resize=650%2C433 650w\" sizes=\"(max-width: 800px) 100vw, 800px\" data-recalc-dims=\"1\" \/><\/p>\n<p><img decoding=\"async\" loading=\"lazy\" class=\"alignnone wp-image-5834 size-full\" src=\"https:\/\/i0.wp.com\/duplagourmet.com.br\/wp-content\/uploads\/2016\/10\/IMG_0309.jpg?resize=800%2C533\" alt=\"img_0309\" width=\"800\" height=\"533\" srcset=\"https:\/\/i0.wp.com\/duplagourmet.com.br\/wp-content\/uploads\/2016\/10\/IMG_0309.jpg?w=900 900w, https:\/\/i0.wp.com\/duplagourmet.com.br\/wp-content\/uploads\/2016\/10\/IMG_0309.jpg?resize=650%2C433 650w\" sizes=\"(max-width: 800px) 100vw, 800px\" data-recalc-dims=\"1\" \/><\/p>\n<p><img decoding=\"async\" loading=\"lazy\" class=\"alignnone wp-image-3118 size-large\" src=\"https:\/\/i0.wp.com\/duplagourmet.com.br\/wp-content\/uploads\/2016\/04\/caricia-do-vento-duplagourrmet.jpg?resize=800%2C533\" alt=\"caricia do vento - duplagourrmet\" width=\"800\" height=\"533\" srcset=\"https:\/\/i0.wp.com\/duplagourmet.com.br\/wp-content\/uploads\/2016\/04\/caricia-do-vento-duplagourrmet.jpg?resize=1020%2C680 1020w, https:\/\/i0.wp.com\/duplagourmet.com.br\/wp-content\/uploads\/2016\/04\/caricia-do-vento-duplagourrmet.jpg?resize=632%2C421 632w, https:\/\/i0.wp.com\/duplagourmet.com.br\/wp-content\/uploads\/2016\/04\/caricia-do-vento-duplagourrmet.jpg?resize=768%2C512 768w, https:\/\/i0.wp.com\/duplagourmet.com.br\/wp-content\/uploads\/2016\/04\/caricia-do-vento-duplagourrmet.jpg?resize=570%2C380 570w, https:\/\/i0.wp.com\/duplagourmet.com.br\/wp-content\/uploads\/2016\/04\/caricia-do-vento-duplagourrmet.jpg?w=1600 1600w, https:\/\/i0.wp.com\/duplagourmet.com.br\/wp-content\/uploads\/2016\/04\/caricia-do-vento-duplagourrmet.jpg?w=2400 2400w\" sizes=\"(max-width: 800px) 100vw, 800px\" data-recalc-dims=\"1\" \/><\/p>\n<p><img decoding=\"async\" loading=\"lazy\" class=\"alignnone wp-image-3119 size-large\" src=\"https:\/\/i0.wp.com\/duplagourmet.com.br\/wp-content\/uploads\/2016\/04\/IMG_0250.jpg?resize=800%2C533\" alt=\"IMG_0250\" width=\"800\" height=\"533\" srcset=\"https:\/\/i0.wp.com\/duplagourmet.com.br\/wp-content\/uploads\/2016\/04\/IMG_0250.jpg?resize=1020%2C680 1020w, https:\/\/i0.wp.com\/duplagourmet.com.br\/wp-content\/uploads\/2016\/04\/IMG_0250.jpg?resize=632%2C421 632w, https:\/\/i0.wp.com\/duplagourmet.com.br\/wp-content\/uploads\/2016\/04\/IMG_0250.jpg?resize=768%2C512 768w, https:\/\/i0.wp.com\/duplagourmet.com.br\/wp-content\/uploads\/2016\/04\/IMG_0250.jpg?resize=570%2C380 570w, https:\/\/i0.wp.com\/duplagourmet.com.br\/wp-content\/uploads\/2016\/04\/IMG_0250.jpg?w=1600 1600w, https:\/\/i0.wp.com\/duplagourmet.com.br\/wp-content\/uploads\/2016\/04\/IMG_0250.jpg?w=2400 2400w\" sizes=\"(max-width: 800px) 100vw, 800px\" data-recalc-dims=\"1\" \/><\/p>\n<p><img decoding=\"async\" loading=\"lazy\" class=\"alignnone wp-image-5807 size-full\" src=\"https:\/\/i0.wp.com\/duplagourmet.com.br\/wp-content\/uploads\/2016\/10\/IMG_0349.jpg?resize=800%2C533\" alt=\"img_0349\" width=\"800\" height=\"533\" srcset=\"https:\/\/i0.wp.com\/duplagourmet.com.br\/wp-content\/uploads\/2016\/10\/IMG_0349.jpg?w=900 900w, https:\/\/i0.wp.com\/duplagourmet.com.br\/wp-content\/uploads\/2016\/10\/IMG_0349.jpg?resize=650%2C433 650w\" sizes=\"(max-width: 800px) 100vw, 800px\" data-recalc-dims=\"1\" \/><\/p>\n<p>Os valores para final de semana ( baixa temporada) variam R$: 780,00 a R$: 1.310 (2 di\u00e1rias) com caf\u00e9 da manh\u00e3.<br \/>\nSe voc\u00ea esta procurando um destino para descansar, comer bem, ter contato com a natureza e curtir muito a pessoa amada&#8230;Monte Verde e Car\u00edcia do Vento \u00e9 um destino sensacional!<\/p>\n<p><strong>Telefone para reservas:<\/strong>(35) 3438.2828 &#8211; (35) 3438.2438<br \/>\n<strong>Endere\u00e7o:<\/strong> Rua Parelha, 128 &#8211; Monte Verde \/ MG<\/p>\n\n<div style=\"font-size: 0px; height: 0px; line-height: 0px; margin: 0; padding: 0; clear: both;\"><\/div>","protected":false},"excerpt":{"rendered":"<p>No \u00faltimo final de semana fomos para Monte Verde. Um lugar apaixonante que pertence ao munic\u00edpio de Camanducaia. Ela \u00e9 uma das primeiras cidades de Minas Gerais, saindo de S\u00e3o Paulo. Amamos o clima europeu, o friozinho e cada detalhe deste lugar encantador! Monte Verde \u00e9 cheio de hot\u00e9is e pousadas deliciosas..e como alguns leitores [&hellip;]<\/p>\n","protected":false},"author":1,"featured_media":3622,"comment_status":"open","ping_status":"open","sticky":false,"template":"","format":"standard","meta":{"jetpack_post_was_ever_published":false,"_jetpack_newsletter_access":"","_jetpack_newsletter_tier_id":0},"categories":[270,236,225],"tags":[],"yoast_head":"<!-- This site is optimized with the Yoast SEO plugin v20.2.1 - https:\/\/yoast.com\/wordpress\/plugins\/seo\/ -->\n<title>Uma pousada encantadora em Monte Verde -<\/title>\n<meta name=\"robots\" content=\"index, follow, max-snippet:-1, max-image-preview:large, max-video-preview:-1\" \/>\n<link rel=\"canonical\" href=\"http:\/\/duplagourmet.com.br\/index.php\/2016\/10\/13\/uma-pousada-encantadora-em-monte-verde\/\" \/>\n<meta property=\"og:locale\" content=\"pt_BR\" \/>\n<meta property=\"og:type\" content=\"article\" \/>\n<meta property=\"og:title\" content=\"Uma pousada encantadora em Monte Verde -\" \/>\n<meta property=\"og:description\" content=\"No \u00faltimo final de semana fomos para Monte Verde. Um lugar apaixonante que pertence ao munic\u00edpio de Camanducaia. Ela \u00e9 uma das primeiras cidades de Minas Gerais, saindo de S\u00e3o Paulo. Amamos o clima europeu, o friozinho e cada detalhe deste lugar encantador! Monte Verde \u00e9 cheio de hot\u00e9is e pousadas deliciosas..e como alguns leitores [&hellip;]\" \/>\n<meta property=\"og:url\" content=\"http:\/\/duplagourmet.com.br\/index.php\/2016\/10\/13\/uma-pousada-encantadora-em-monte-verde\/\" \/>\n<meta property=\"article:publisher\" content=\"https:\/\/www.facebook.com\/duplagourmet\" \/>\n<meta property=\"article:published_time\" content=\"2016-10-13T15:26:31+00:00\" \/>\n<meta property=\"article:modified_time\" content=\"2018-11-27T14:37:26+00:00\" \/>\n<meta property=\"og:image\" content=\"https:\/\/i0.wp.com\/duplagourmet.com.br\/wp-content\/uploads\/2016\/04\/7690_1596688817317968_3341726987589035046_n-1.jpg?fit=800%2C598\" \/>\n\t<meta property=\"og:image:width\" content=\"800\" \/>\n\t<meta property=\"og:image:height\" content=\"598\" \/>\n\t<meta property=\"og:image:type\" content=\"image\/jpeg\" \/>\n<meta name=\"author\" content=\"Lais Trov\u00e3o\" \/>\n<meta name=\"twitter:card\" content=\"summary_large_image\" \/>\n<meta name=\"twitter:creator\" content=\"@DuplaGourmet\" \/>\n<meta name=\"twitter:site\" content=\"@DuplaGourmet\" \/>\n<meta name=\"twitter:label1\" content=\"Escrito por\" \/>\n\t<meta name=\"twitter:data1\" content=\"Lais Trov\u00e3o\" \/>\n\t<meta name=\"twitter:label2\" content=\"Est. tempo de leitura\" \/>\n\t<meta name=\"twitter:data2\" content=\"1 minuto\" \/>\n<script type=\"application\/ld+json\" class=\"yoast-schema-graph\">{\"@context\":\"https:\/\/schema.org\",\"@graph\":[{\"@type\":\"Article\",\"@id\":\"http:\/\/duplagourmet.com.br\/index.php\/2016\/10\/13\/uma-pousada-encantadora-em-monte-verde\/#article\",\"isPartOf\":{\"@id\":\"http:\/\/duplagourmet.com.br\/index.php\/2016\/10\/13\/uma-pousada-encantadora-em-monte-verde\/\"},\"author\":{\"name\":\"Lais Trov\u00e3o\",\"@id\":\"https:\/\/duplagourmet.com.br\/#\/schema\/person\/888065adf1bf32ae6ab307c7362db9b1\"},\"headline\":\"Uma pousada encantadora em Monte Verde\",\"datePublished\":\"2016-10-13T15:26:31+00:00\",\"dateModified\":\"2018-11-27T14:37:26+00:00\",\"mainEntityOfPage\":{\"@id\":\"http:\/\/duplagourmet.com.br\/index.php\/2016\/10\/13\/uma-pousada-encantadora-em-monte-verde\/\"},\"wordCount\":287,\"commentCount\":2,\"publisher\":{\"@id\":\"https:\/\/duplagourmet.com.br\/#organization\"},\"articleSection\":[\"Brasil\",\"Monte Verde\",\"Viagens\"],\"inLanguage\":\"pt-BR\",\"potentialAction\":[{\"@type\":\"CommentAction\",\"name\":\"Comment\",\"target\":[\"http:\/\/duplagourmet.com.br\/index.php\/2016\/10\/13\/uma-pousada-encantadora-em-monte-verde\/#respond\"]}]},{\"@type\":\"WebPage\",\"@id\":\"http:\/\/duplagourmet.com.br\/index.php\/2016\/10\/13\/uma-pousada-encantadora-em-monte-verde\/\",\"url\":\"http:\/\/duplagourmet.com.br\/index.php\/2016\/10\/13\/uma-pousada-encantadora-em-monte-verde\/\",\"name\":\"Uma pousada encantadora em Monte Verde -\",\"isPartOf\":{\"@id\":\"https:\/\/duplagourmet.com.br\/#website\"},\"datePublished\":\"2016-10-13T15:26:31+00:00\",\"dateModified\":\"2018-11-27T14:37:26+00:00\",\"breadcrumb\":{\"@id\":\"http:\/\/duplagourmet.com.br\/index.php\/2016\/10\/13\/uma-pousada-encantadora-em-monte-verde\/#breadcrumb\"},\"inLanguage\":\"pt-BR\",\"potentialAction\":[{\"@type\":\"ReadAction\",\"target\":[\"http:\/\/duplagourmet.com.br\/index.php\/2016\/10\/13\/uma-pousada-encantadora-em-monte-verde\/\"]}]},{\"@type\":\"BreadcrumbList\",\"@id\":\"http:\/\/duplagourmet.com.br\/index.php\/2016\/10\/13\/uma-pousada-encantadora-em-monte-verde\/#breadcrumb\",\"itemListElement\":[{\"@type\":\"ListItem\",\"position\":1,\"name\":\"In\u00edcio\",\"item\":\"https:\/\/duplagourmet.com.br\/\"},{\"@type\":\"ListItem\",\"position\":2,\"name\":\"Uma pousada encantadora em Monte Verde\"}]},{\"@type\":\"WebSite\",\"@id\":\"https:\/\/duplagourmet.com.br\/#website\",\"url\":\"https:\/\/duplagourmet.com.br\/\",\"name\":\"\",\"description\":\"Site de Gastronomia e Viagens\",\"publisher\":{\"@id\":\"https:\/\/duplagourmet.com.br\/#organization\"},\"potentialAction\":[{\"@type\":\"SearchAction\",\"target\":{\"@type\":\"EntryPoint\",\"urlTemplate\":\"https:\/\/duplagourmet.com.br\/?s={search_term_string}\"},\"query-input\":\"required name=search_term_string\"}],\"inLanguage\":\"pt-BR\"},{\"@type\":\"Organization\",\"@id\":\"https:\/\/duplagourmet.com.br\/#organization\",\"name\":\"Dupla Gourmet\",\"url\":\"https:\/\/duplagourmet.com.br\/\",\"logo\":{\"@type\":\"ImageObject\",\"inLanguage\":\"pt-BR\",\"@id\":\"https:\/\/duplagourmet.com.br\/#\/schema\/logo\/image\/\",\"url\":\"https:\/\/i0.wp.com\/duplagourmet.com.br\/wp-content\/uploads\/2015\/07\/LOGO.jpg?fit=2120%2C1193&ssl=1\",\"contentUrl\":\"https:\/\/i0.wp.com\/duplagourmet.com.br\/wp-content\/uploads\/2015\/07\/LOGO.jpg?fit=2120%2C1193&ssl=1\",\"width\":2120,\"height\":1193,\"caption\":\"Dupla Gourmet\"},\"image\":{\"@id\":\"https:\/\/duplagourmet.com.br\/#\/schema\/logo\/image\/\"},\"sameAs\":[\"https:\/\/www.facebook.com\/duplagourmet\",\"https:\/\/twitter.com\/DuplaGourmet\",\"https:\/\/instagram.com\/duplagourmet\/\"]},{\"@type\":\"Person\",\"@id\":\"https:\/\/duplagourmet.com.br\/#\/schema\/person\/888065adf1bf32ae6ab307c7362db9b1\",\"name\":\"Lais Trov\u00e3o\",\"image\":{\"@type\":\"ImageObject\",\"inLanguage\":\"pt-BR\",\"@id\":\"https:\/\/duplagourmet.com.br\/#\/schema\/person\/image\/\",\"url\":\"http:\/\/2.gravatar.com\/avatar\/21dda7f6b6103bd096caaf547327b1d9?s=96&d=mm&r=g\",\"contentUrl\":\"http:\/\/2.gravatar.com\/avatar\/21dda7f6b6103bd096caaf547327b1d9?s=96&d=mm&r=g\",\"caption\":\"Lais Trov\u00e3o\"},\"sameAs\":[\"http:\/\/duplagourmet.com.br\/\"],\"url\":\"http:\/\/duplagourmet.com.br\/index.php\/author\/lais_divinohotmail-com\/\"}]}<\/script>\n<!-- \/ Yoast SEO plugin. -->","yoast_head_json":{"title":"Uma pousada encantadora em Monte Verde -","robots":{"index":"index","follow":"follow","max-snippet":"max-snippet:-1","max-image-preview":"max-image-preview:large","max-video-preview":"max-video-preview:-1"},"canonical":"http:\/\/duplagourmet.com.br\/index.php\/2016\/10\/13\/uma-pousada-encantadora-em-monte-verde\/","og_locale":"pt_BR","og_type":"article","og_title":"Uma pousada encantadora em Monte Verde -","og_description":"No \u00faltimo final de semana fomos para Monte Verde. Um lugar apaixonante que pertence ao munic\u00edpio de Camanducaia. Ela \u00e9 uma das primeiras cidades de Minas Gerais, saindo de S\u00e3o Paulo. Amamos o clima europeu, o friozinho e cada detalhe deste lugar encantador! Monte Verde \u00e9 cheio de hot\u00e9is e pousadas deliciosas..e como alguns leitores [&hellip;]","og_url":"http:\/\/duplagourmet.com.br\/index.php\/2016\/10\/13\/uma-pousada-encantadora-em-monte-verde\/","article_publisher":"https:\/\/www.facebook.com\/duplagourmet","article_published_time":"2016-10-13T15:26:31+00:00","article_modified_time":"2018-11-27T14:37:26+00:00","og_image":[{"width":800,"height":598,"url":"https:\/\/i0.wp.com\/duplagourmet.com.br\/wp-content\/uploads\/2016\/04\/7690_1596688817317968_3341726987589035046_n-1.jpg?fit=800%2C598","type":"image\/jpeg"}],"author":"Lais Trov\u00e3o","twitter_card":"summary_large_image","twitter_creator":"@DuplaGourmet","twitter_site":"@DuplaGourmet","twitter_misc":{"Escrito por":"Lais Trov\u00e3o","Est. tempo de leitura":"1 minuto"},"schema":{"@context":"https:\/\/schema.org","@graph":[{"@type":"Article","@id":"http:\/\/duplagourmet.com.br\/index.php\/2016\/10\/13\/uma-pousada-encantadora-em-monte-verde\/#article","isPartOf":{"@id":"http:\/\/duplagourmet.com.br\/index.php\/2016\/10\/13\/uma-pousada-encantadora-em-monte-verde\/"},"author":{"name":"Lais Trov\u00e3o","@id":"https:\/\/duplagourmet.com.br\/#\/schema\/person\/888065adf1bf32ae6ab307c7362db9b1"},"headline":"Uma pousada encantadora em Monte Verde","datePublished":"2016-10-13T15:26:31+00:00","dateModified":"2018-11-27T14:37:26+00:00","mainEntityOfPage":{"@id":"http:\/\/duplagourmet.com.br\/index.php\/2016\/10\/13\/uma-pousada-encantadora-em-monte-verde\/"},"wordCount":287,"commentCount":2,"publisher":{"@id":"https:\/\/duplagourmet.com.br\/#organization"},"articleSection":["Brasil","Monte Verde","Viagens"],"inLanguage":"pt-BR","potentialAction":[{"@type":"CommentAction","name":"Comment","target":["http:\/\/duplagourmet.com.br\/index.php\/2016\/10\/13\/uma-pousada-encantadora-em-monte-verde\/#respond"]}]},{"@type":"WebPage","@id":"http:\/\/duplagourmet.com.br\/index.php\/2016\/10\/13\/uma-pousada-encantadora-em-monte-verde\/","url":"http:\/\/duplagourmet.com.br\/index.php\/2016\/10\/13\/uma-pousada-encantadora-em-monte-verde\/","name":"Uma pousada encantadora em Monte Verde -","isPartOf":{"@id":"https:\/\/duplagourmet.com.br\/#website"},"datePublished":"2016-10-13T15:26:31+00:00","dateModified":"2018-11-27T14:37:26+00:00","breadcrumb":{"@id":"http:\/\/duplagourmet.com.br\/index.php\/2016\/10\/13\/uma-pousada-encantadora-em-monte-verde\/#breadcrumb"},"inLanguage":"pt-BR","potentialAction":[{"@type":"ReadAction","target":["http:\/\/duplagourmet.com.br\/index.php\/2016\/10\/13\/uma-pousada-encantadora-em-monte-verde\/"]}]},{"@type":"BreadcrumbList","@id":"http:\/\/duplagourmet.com.br\/index.php\/2016\/10\/13\/uma-pousada-encantadora-em-monte-verde\/#breadcrumb","itemListElement":[{"@type":"ListItem","position":1,"name":"In\u00edcio","item":"https:\/\/duplagourmet.com.br\/"},{"@type":"ListItem","position":2,"name":"Uma pousada encantadora em Monte Verde"}]},{"@type":"WebSite","@id":"https:\/\/duplagourmet.com.br\/#website","url":"https:\/\/duplagourmet.com.br\/","name":"","description":"Site de Gastronomia e Viagens","publisher":{"@id":"https:\/\/duplagourmet.com.br\/#organization"},"potentialAction":[{"@type":"SearchAction","target":{"@type":"EntryPoint","urlTemplate":"https:\/\/duplagourmet.com.br\/?s={search_term_string}"},"query-input":"required name=search_term_string"}],"inLanguage":"pt-BR"},{"@type":"Organization","@id":"https:\/\/duplagourmet.com.br\/#organization","name":"Dupla Gourmet","url":"https:\/\/duplagourmet.com.br\/","logo":{"@type":"ImageObject","inLanguage":"pt-BR","@id":"https:\/\/duplagourmet.com.br\/#\/schema\/logo\/image\/","url":"https:\/\/i0.wp.com\/duplagourmet.com.br\/wp-content\/uploads\/2015\/07\/LOGO.jpg?fit=2120%2C1193&ssl=1","contentUrl":"https:\/\/i0.wp.com\/duplagourmet.com.br\/wp-content\/uploads\/2015\/07\/LOGO.jpg?fit=2120%2C1193&ssl=1","width":2120,"height":1193,"caption":"Dupla Gourmet"},"image":{"@id":"https:\/\/duplagourmet.com.br\/#\/schema\/logo\/image\/"},"sameAs":["https:\/\/www.facebook.com\/duplagourmet","https:\/\/twitter.com\/DuplaGourmet","https:\/\/instagram.com\/duplagourmet\/"]},{"@type":"Person","@id":"https:\/\/duplagourmet.com.br\/#\/schema\/person\/888065adf1bf32ae6ab307c7362db9b1","name":"Lais Trov\u00e3o","image":{"@type":"ImageObject","inLanguage":"pt-BR","@id":"https:\/\/duplagourmet.com.br\/#\/schema\/person\/image\/","url":"http:\/\/2.gravatar.com\/avatar\/21dda7f6b6103bd096caaf547327b1d9?s=96&d=mm&r=g","contentUrl":"http:\/\/2.gravatar.com\/avatar\/21dda7f6b6103bd096caaf547327b1d9?s=96&d=mm&r=g","caption":"Lais Trov\u00e3o"},"sameAs":["http:\/\/duplagourmet.com.br\/"],"url":"http:\/\/duplagourmet.com.br\/index.php\/author\/lais_divinohotmail-com\/"}]}},"jetpack_sharing_enabled":true,"jetpack_featured_media_url":"https:\/\/i0.wp.com\/duplagourmet.com.br\/wp-content\/uploads\/2016\/04\/7690_1596688817317968_3341726987589035046_n-1.jpg?fit=800%2C598","jetpack_shortlink":"https:\/\/wp.me\/p67KK6-1vA","_links":{"self":[{"href":"http:\/\/duplagourmet.com.br\/index.php\/wp-json\/wp\/v2\/posts\/5802"}],"collection":[{"href":"http:\/\/duplagourmet.com.br\/index.php\/wp-json\/wp\/v2\/posts"}],"about":[{"href":"http:\/\/duplagourmet.com.br\/index.php\/wp-json\/wp\/v2\/types\/post"}],"author":[{"embeddable":true,"href":"http:\/\/duplagourmet.com.br\/index.php\/wp-json\/wp\/v2\/users\/1"}],"replies":[{"embeddable":true,"href":"http:\/\/duplagourmet.com.br\/index.php\/wp-json\/wp\/v2\/comments?post=5802"}],"version-history":[{"count":3,"href":"http:\/\/duplagourmet.com.br\/index.php\/wp-json\/wp\/v2\/posts\/5802\/revisions"}],"predecessor-version":[{"id":5841,"href":"http:\/\/duplagourmet.com.br\/index.php\/wp-json\/wp\/v2\/posts\/5802\/revisions\/5841"}],"wp:featuredmedia":[{"embeddable":true,"href":"http:\/\/duplagourmet.com.br\/index.php\/wp-json\/wp\/v2\/media\/3622"}],"wp:attachment":[{"href":"http:\/\/duplagourmet.com.br\/index.php\/wp-json\/wp\/v2\/media?parent=5802"}],"wp:term":[{"taxonomy":"category","embeddable":true,"href":"http:\/\/duplagourmet.com.br\/index.php\/wp-json\/wp\/v2\/categories?post=5802"},{"taxonomy":"post_tag","embeddable":true,"href":"http:\/\/duplagourmet.com.br\/index.php\/wp-json\/wp\/v2\/tags?post=5802"}],"curies":[{"name":"wp","href":"https:\/\/api.w.org\/{rel}","templated":true}]}}