{"id":5444,"date":"2016-09-14T11:54:56","date_gmt":"2016-09-14T11:54:56","guid":{"rendered":"http:\/\/duplagourmet.com.br\/?p=5444"},"modified":"2016-12-19T12:17:05","modified_gmt":"2016-12-19T12:17:05","slug":"lugares-sensacionais-para-casar-no-campo-na-serra-da-cantareira","status":"publish","type":"post","link":"http:\/\/duplagourmet.com.br\/index.php\/2016\/09\/14\/lugares-sensacionais-para-casar-no-campo-na-serra-da-cantareira\/","title":{"rendered":"Lugares sensacionais para casar no campo na Serra da Cantareira"},"content":{"rendered":"<div class=\"0d3c8bb807db4512cec61ce0ce609918\" data-index=\"1\" style=\"float: right; margin:10px 0 10px 10px;\">\n<script async src=\"\/\/pagead2.googlesyndication.com\/pagead\/js\/adsbygoogle.js\"><\/script>\r\n<!-- Dupla -->\r\n<ins class=\"adsbygoogle\"\r\n     style=\"display:inline-block;width:336px;height:280px\"\r\n     data-ad-client=\"ca-pub-5223135331964240\"\r\n     data-ad-slot=\"1820166419\"><\/ins>\r\n<script>\r\n(adsbygoogle = window.adsbygoogle || []).push({});\r\n<\/script>\n<\/div>\n<p>Quem me conhece sabe o quanto amo casamentos, anivers\u00e1rios, decora\u00e7\u00f5es e tudo que envolve este mundo rico de detalhes e boas lembran\u00e7as.<br \/>\nVai fazer uma festa? Me chama que eu quero ajudar! Hahahaha.<br \/>\nPor isso, hoje estamos inaugurando uma categoria sonhada e muito pedida por voc\u00eas, a categoria &#8220;festas&#8221;!<br \/>\nNos casamos durante o dia no campo e acho incr\u00edvel eventos que te afastam de toda a loucura do dia a dia e fa\u00e7am com que voc\u00ea e seus convidados vivam aquele momento intensamente.<br \/>\nRecentemente fizemos uma mat\u00e9ria linda sobre os restaurante da Serra da Cantareira e n\u00e3o poder\u00edamos deixar de falar sobre os lugares encantadores que a Serra fornece para eventos especiais!<br \/>\nHoje separamos 3 lugares sensacionais que j\u00e1 visitamos diversas vezes como convidados e que realmente surpreendem!<br \/>\nAhh e uma coisa super bacana, \u00e9 que todos os lugares est\u00e3o com uma promo\u00e7\u00e3o linda para casamentos diurnos!<br \/>\nVem ver!<\/p>\n<h3 style=\"text-align: center;\"><strong>Espa\u00e7o It\u00e1lia<\/strong><\/h3>\n<p><img decoding=\"async\" loading=\"lazy\" class=\"alignnone wp-image-5470 size-full\" src=\"https:\/\/i0.wp.com\/duplagourmet.com.br\/wp-content\/uploads\/2016\/09\/Previas_NieleRafael0006.jpg?resize=800%2C533\" alt=\"previas_nielerafael0006\" width=\"800\" height=\"533\" srcset=\"https:\/\/i0.wp.com\/duplagourmet.com.br\/wp-content\/uploads\/2016\/09\/Previas_NieleRafael0006.jpg?w=1920 1920w, https:\/\/i0.wp.com\/duplagourmet.com.br\/wp-content\/uploads\/2016\/09\/Previas_NieleRafael0006.jpg?resize=650%2C433 650w, https:\/\/i0.wp.com\/duplagourmet.com.br\/wp-content\/uploads\/2016\/09\/Previas_NieleRafael0006.jpg?resize=1140%2C760 1140w, https:\/\/i0.wp.com\/duplagourmet.com.br\/wp-content\/uploads\/2016\/09\/Previas_NieleRafael0006.jpg?w=1600 1600w\" sizes=\"(max-width: 800px) 100vw, 800px\" data-recalc-dims=\"1\" \/><\/p>\n<p><img decoding=\"async\" loading=\"lazy\" class=\"alignnone wp-image-5459 size-large\" src=\"https:\/\/i0.wp.com\/duplagourmet.com.br\/wp-content\/uploads\/2016\/09\/Previas_NieleRafael0015.jpg?resize=800%2C533\" alt=\"previas_nielerafael0015\" width=\"800\" height=\"533\" srcset=\"https:\/\/i0.wp.com\/duplagourmet.com.br\/wp-content\/uploads\/2016\/09\/Previas_NieleRafael0015.jpg?resize=1140%2C760 1140w, https:\/\/i0.wp.com\/duplagourmet.com.br\/wp-content\/uploads\/2016\/09\/Previas_NieleRafael0015.jpg?resize=650%2C433 650w, https:\/\/i0.wp.com\/duplagourmet.com.br\/wp-content\/uploads\/2016\/09\/Previas_NieleRafael0015.jpg?w=1920 1920w, https:\/\/i0.wp.com\/duplagourmet.com.br\/wp-content\/uploads\/2016\/09\/Previas_NieleRafael0015.jpg?w=1600 1600w\" sizes=\"(max-width: 800px) 100vw, 800px\" data-recalc-dims=\"1\" \/><\/p>\n<p><img decoding=\"async\" loading=\"lazy\" class=\"alignnone wp-image-5451 size-full\" src=\"https:\/\/i0.wp.com\/duplagourmet.com.br\/wp-content\/uploads\/2016\/09\/IMG_1796.jpg?resize=800%2C533\" alt=\"IMG_1796\" width=\"800\" height=\"533\" srcset=\"https:\/\/i0.wp.com\/duplagourmet.com.br\/wp-content\/uploads\/2016\/09\/IMG_1796.jpg?w=900 900w, https:\/\/i0.wp.com\/duplagourmet.com.br\/wp-content\/uploads\/2016\/09\/IMG_1796.jpg?resize=650%2C433 650w\" sizes=\"(max-width: 800px) 100vw, 800px\" data-recalc-dims=\"1\" \/><\/p>\n<p><img decoding=\"async\" loading=\"lazy\" class=\"alignnone wp-image-5472 size-full\" src=\"https:\/\/i0.wp.com\/duplagourmet.com.br\/wp-content\/uploads\/2016\/09\/Previas_NieleRafael0054.jpg?resize=800%2C533\" alt=\"previas_nielerafael0054\" width=\"800\" height=\"533\" srcset=\"https:\/\/i0.wp.com\/duplagourmet.com.br\/wp-content\/uploads\/2016\/09\/Previas_NieleRafael0054.jpg?w=1920 1920w, https:\/\/i0.wp.com\/duplagourmet.com.br\/wp-content\/uploads\/2016\/09\/Previas_NieleRafael0054.jpg?resize=650%2C433 650w, https:\/\/i0.wp.com\/duplagourmet.com.br\/wp-content\/uploads\/2016\/09\/Previas_NieleRafael0054.jpg?resize=1140%2C760 1140w, https:\/\/i0.wp.com\/duplagourmet.com.br\/wp-content\/uploads\/2016\/09\/Previas_NieleRafael0054.jpg?w=1600 1600w\" sizes=\"(max-width: 800px) 100vw, 800px\" data-recalc-dims=\"1\" \/><\/p>\n<p><img decoding=\"async\" loading=\"lazy\" class=\"alignnone wp-image-5473 size-full\" src=\"https:\/\/i0.wp.com\/duplagourmet.com.br\/wp-content\/uploads\/2016\/09\/Previas_NieleRafael0055.jpg?resize=800%2C533\" alt=\"previas_nielerafael0055\" width=\"800\" height=\"533\" srcset=\"https:\/\/i0.wp.com\/duplagourmet.com.br\/wp-content\/uploads\/2016\/09\/Previas_NieleRafael0055.jpg?w=1920 1920w, https:\/\/i0.wp.com\/duplagourmet.com.br\/wp-content\/uploads\/2016\/09\/Previas_NieleRafael0055.jpg?resize=650%2C433 650w, https:\/\/i0.wp.com\/duplagourmet.com.br\/wp-content\/uploads\/2016\/09\/Previas_NieleRafael0055.jpg?resize=1140%2C760 1140w, https:\/\/i0.wp.com\/duplagourmet.com.br\/wp-content\/uploads\/2016\/09\/Previas_NieleRafael0055.jpg?w=1600 1600w\" sizes=\"(max-width: 800px) 100vw, 800px\" data-recalc-dims=\"1\" \/><\/p>\n<p><img decoding=\"async\" loading=\"lazy\" class=\"alignnone wp-image-5612 size-full\" src=\"https:\/\/i0.wp.com\/duplagourmet.com.br\/wp-content\/uploads\/2016\/09\/unnamed-1-1.jpg?resize=800%2C534\" alt=\"unnamed-1\" width=\"800\" height=\"534\" srcset=\"https:\/\/i0.wp.com\/duplagourmet.com.br\/wp-content\/uploads\/2016\/09\/unnamed-1-1.jpg?w=1000 1000w, https:\/\/i0.wp.com\/duplagourmet.com.br\/wp-content\/uploads\/2016\/09\/unnamed-1-1.jpg?resize=650%2C434 650w\" sizes=\"(max-width: 800px) 100vw, 800px\" data-recalc-dims=\"1\" \/><\/p>\n<p><img decoding=\"async\" loading=\"lazy\" class=\"alignnone wp-image-5613 size-full\" src=\"https:\/\/i0.wp.com\/duplagourmet.com.br\/wp-content\/uploads\/2016\/09\/unnamed-2-1.jpg?resize=800%2C534\" alt=\"unnamed-2\" width=\"800\" height=\"534\" srcset=\"https:\/\/i0.wp.com\/duplagourmet.com.br\/wp-content\/uploads\/2016\/09\/unnamed-2-1.jpg?w=934 934w, https:\/\/i0.wp.com\/duplagourmet.com.br\/wp-content\/uploads\/2016\/09\/unnamed-2-1.jpg?resize=650%2C434 650w\" sizes=\"(max-width: 800px) 100vw, 800px\" data-recalc-dims=\"1\" \/><\/p>\n<p>O Espa\u00e7o It\u00e1lia \u00e9 um dos nossos lugares favoritos para comemora\u00e7\u00f5es.<br \/>\nO lugar possui lindos jardins, altos coqueiros,\u00a0rodeado da encantadora\u00a0Serra da Cantareira.<br \/>\nO espa\u00e7o fornece um pacote completo com decora\u00e7\u00e3o, loca\u00e7\u00e3o, Buffet e\u00a0assessoria.<br \/>\nTodos os seus espa\u00e7os s\u00e3o divididos de forma inteligente, conectados sem desn\u00edvel, sempre permitindo o o contato visual com a\u00a0bela \u00e1rea verde que permeia todo o local.<br \/>\nCom card\u00e1pio desde os mais tradicionais at\u00e9 os mais requintados. O It\u00e1lia surpreende em sabor!<br \/>\nUma das melhores massas que j\u00e1 experimentados na vida, foi provada l\u00e1.<br \/>\nO sal\u00e3o de festa comporta 400 convidados sentados com pista de dan\u00e7a e mobili\u00e1rio pr\u00f3prio.<br \/>\nO espa\u00e7o fica bem pertinho da zona norte de S\u00e3o Paulo, para ser exata, leva somente 14 km.<br \/>\nEm eventos no final da tarde o por sol ilumina toda a cerim\u00f4nia com aquele cheirinho de campo!<br \/>\n\u00c9 um verdadeiro encontro entre a natureza e o luxo.<br \/>\n<b><\/b><\/p>\n<p>Para ver o mapa do local, <strong><a href=\"http:\/\/buffetcallegari.com.br\/mapas\/espaco-italia-mapa-via-zona-norte\/\">clique aqui!<br \/>\n<\/a><\/strong>Site:<strong> <a href=\"http:\/\/buffetcallegari.com.br\/\">www.buffetcallegari.com.br<\/a><br \/>\n<\/strong>Telefone:\u00a0(11) 4485-5799 | 4485-1732<\/p>\n<h3 style=\"text-align: center;\"><strong>Recanto Callegari<\/strong><\/h3>\n<p><img decoding=\"async\" loading=\"lazy\" class=\"alignnone wp-image-5463 size-full\" src=\"https:\/\/i0.wp.com\/duplagourmet.com.br\/wp-content\/uploads\/2016\/09\/30.jpg?resize=800%2C533\" alt=\"30\" width=\"800\" height=\"533\" srcset=\"https:\/\/i0.wp.com\/duplagourmet.com.br\/wp-content\/uploads\/2016\/09\/30.jpg?w=2048 2048w, https:\/\/i0.wp.com\/duplagourmet.com.br\/wp-content\/uploads\/2016\/09\/30.jpg?resize=650%2C433 650w, https:\/\/i0.wp.com\/duplagourmet.com.br\/wp-content\/uploads\/2016\/09\/30.jpg?resize=1140%2C760 1140w, https:\/\/i0.wp.com\/duplagourmet.com.br\/wp-content\/uploads\/2016\/09\/30.jpg?w=1600 1600w\" sizes=\"(max-width: 800px) 100vw, 800px\" data-recalc-dims=\"1\" \/><\/p>\n<p><img decoding=\"async\" loading=\"lazy\" class=\"alignnone wp-image-5461 size-full\" src=\"https:\/\/i0.wp.com\/duplagourmet.com.br\/wp-content\/uploads\/2016\/09\/23.jpg?resize=800%2C533\" alt=\"23\" width=\"800\" height=\"533\" srcset=\"https:\/\/i0.wp.com\/duplagourmet.com.br\/wp-content\/uploads\/2016\/09\/23.jpg?w=2048 2048w, https:\/\/i0.wp.com\/duplagourmet.com.br\/wp-content\/uploads\/2016\/09\/23.jpg?resize=650%2C433 650w, https:\/\/i0.wp.com\/duplagourmet.com.br\/wp-content\/uploads\/2016\/09\/23.jpg?resize=1140%2C760 1140w, https:\/\/i0.wp.com\/duplagourmet.com.br\/wp-content\/uploads\/2016\/09\/23.jpg?w=1600 1600w\" sizes=\"(max-width: 800px) 100vw, 800px\" data-recalc-dims=\"1\" \/><\/p>\n<p><img decoding=\"async\" loading=\"lazy\" class=\"alignnone wp-image-5464 size-full\" src=\"https:\/\/i0.wp.com\/duplagourmet.com.br\/wp-content\/uploads\/2016\/09\/0369-RCY_8277.jpg?resize=800%2C533\" alt=\"0369-rcy_8277\" width=\"800\" height=\"533\" srcset=\"https:\/\/i0.wp.com\/duplagourmet.com.br\/wp-content\/uploads\/2016\/09\/0369-RCY_8277.jpg?w=2048 2048w, https:\/\/i0.wp.com\/duplagourmet.com.br\/wp-content\/uploads\/2016\/09\/0369-RCY_8277.jpg?resize=650%2C433 650w, https:\/\/i0.wp.com\/duplagourmet.com.br\/wp-content\/uploads\/2016\/09\/0369-RCY_8277.jpg?resize=1140%2C760 1140w, https:\/\/i0.wp.com\/duplagourmet.com.br\/wp-content\/uploads\/2016\/09\/0369-RCY_8277.jpg?w=1600 1600w\" sizes=\"(max-width: 800px) 100vw, 800px\" data-recalc-dims=\"1\" \/><\/p>\n<p><img decoding=\"async\" loading=\"lazy\" class=\"alignnone wp-image-5460 size-full\" src=\"https:\/\/i0.wp.com\/duplagourmet.com.br\/wp-content\/uploads\/2016\/09\/84.jpg?resize=800%2C533\" alt=\"84\" width=\"800\" height=\"533\" srcset=\"https:\/\/i0.wp.com\/duplagourmet.com.br\/wp-content\/uploads\/2016\/09\/84.jpg?w=1200 1200w, https:\/\/i0.wp.com\/duplagourmet.com.br\/wp-content\/uploads\/2016\/09\/84.jpg?resize=650%2C433 650w, https:\/\/i0.wp.com\/duplagourmet.com.br\/wp-content\/uploads\/2016\/09\/84.jpg?resize=1140%2C760 1140w\" sizes=\"(max-width: 800px) 100vw, 800px\" data-recalc-dims=\"1\" \/><\/p>\n<p><img decoding=\"async\" loading=\"lazy\" class=\"alignnone wp-image-5448 size-full\" src=\"https:\/\/i0.wp.com\/duplagourmet.com.br\/wp-content\/uploads\/2016\/09\/la.jpg?resize=800%2C533\" alt=\"la\" width=\"800\" height=\"533\" srcset=\"https:\/\/i0.wp.com\/duplagourmet.com.br\/wp-content\/uploads\/2016\/09\/la.jpg?w=900 900w, https:\/\/i0.wp.com\/duplagourmet.com.br\/wp-content\/uploads\/2016\/09\/la.jpg?resize=650%2C433 650w\" sizes=\"(max-width: 800px) 100vw, 800px\" data-recalc-dims=\"1\" \/><\/p>\n<p>O Callegari \u00e9 um espa\u00e7o com mais de 20 anos de tradi\u00e7\u00e3o em meio a lindos jardins.<br \/>\nEle est\u00e1 totalmente preparado para proporcionar um casamento de eleg\u00e2ncia sem igual. Desde mini weddings a casamentos de at\u00e9 250 convidados.<br \/>\nLa \u00e9 poss\u00edvel realizar a cerim\u00f4nia e a festa de casamento no mesmo local. Em ambientes diferentes, por\u00e9m integrados e todos eles decorados exclusivamente para voc\u00ea.<br \/>\nO Recanto possui uma charmosa ponte por onde passam os noivos, padrinhos, pagens, pais\u00a0e florista durante a cerim\u00f4nia.<br \/>\nAl\u00e9m disso o espa\u00e7o da cerim\u00f4nia conta com uma \u00e1rea coberta com lindo espelho d\u2019\u00e1gua como plano de fundo no altar.<br \/>\nO sal\u00e3o de festas oferece mesas e cadeiras estofadas, al\u00e9m de palco, pista de dan\u00e7a e toda a decora\u00e7\u00e3o pensada no seu gosto.<br \/>\nO estacionamento \u00e9 amplo e gratuito para todos os convidados!<br \/>\nEnfim&#8230; O espa\u00e7o Callegari \u00e9 s\u00f3 amor!<\/p>\n<p>Para ver o mapa do local, <strong><a href=\"http:\/\/buffetcallegari.com.br\/mapas\/callegari-mapa-via-zona-norte\/\">clique aqui!<\/a><br \/>\n<\/strong>Site:<strong>\u00a0<a href=\"http:\/\/buffetcallegari.com.br\/\">www.buffetcallegari.com.b<\/a><a href=\"http:\/\/buffetcallegari.com.br\/\">r<\/a><br \/>\n<\/strong>Telefone:\u00a0(11) 4485-5799 | 4485-1732<strong><br \/>\n<\/strong><\/p>\n<h3 style=\"text-align: center;\"><strong>Recanto das Torres<\/strong><\/h3>\n<p><img decoding=\"async\" loading=\"lazy\" class=\"alignnone wp-image-5468 size-full\" src=\"https:\/\/i0.wp.com\/duplagourmet.com.br\/wp-content\/uploads\/2016\/09\/LD2-55.jpg?resize=800%2C1196\" alt=\"ld2-55\" width=\"800\" height=\"1196\" srcset=\"https:\/\/i0.wp.com\/duplagourmet.com.br\/wp-content\/uploads\/2016\/09\/LD2-55.jpg?w=803 803w, https:\/\/i0.wp.com\/duplagourmet.com.br\/wp-content\/uploads\/2016\/09\/LD2-55.jpg?resize=650%2C971 650w\" sizes=\"(max-width: 800px) 100vw, 800px\" data-recalc-dims=\"1\" \/><\/p>\n<p><img decoding=\"async\" loading=\"lazy\" class=\"alignnone wp-image-5486 size-full\" src=\"https:\/\/i0.wp.com\/duplagourmet.com.br\/wp-content\/uploads\/2016\/09\/LD2-56-1.jpg?resize=800%2C1280\" alt=\"ld2-56\" width=\"800\" height=\"1280\" srcset=\"https:\/\/i0.wp.com\/duplagourmet.com.br\/wp-content\/uploads\/2016\/09\/LD2-56-1.jpg?w=900 900w, https:\/\/i0.wp.com\/duplagourmet.com.br\/wp-content\/uploads\/2016\/09\/LD2-56-1.jpg?resize=650%2C1040 650w\" sizes=\"(max-width: 800px) 100vw, 800px\" data-recalc-dims=\"1\" \/><\/p>\n<p><img decoding=\"async\" loading=\"lazy\" class=\"alignnone wp-image-5487 size-full\" src=\"https:\/\/i0.wp.com\/duplagourmet.com.br\/wp-content\/uploads\/2016\/09\/LD2-FOTOGRAFIA-74-1140x899-1.jpg?resize=800%2C587\" alt=\"ld2-fotografia-74-1140x899\" width=\"800\" height=\"587\" srcset=\"https:\/\/i0.wp.com\/duplagourmet.com.br\/wp-content\/uploads\/2016\/09\/LD2-FOTOGRAFIA-74-1140x899-1.jpg?w=976 976w, https:\/\/i0.wp.com\/duplagourmet.com.br\/wp-content\/uploads\/2016\/09\/LD2-FOTOGRAFIA-74-1140x899-1.jpg?resize=650%2C477 650w\" sizes=\"(max-width: 800px) 100vw, 800px\" data-recalc-dims=\"1\" \/><\/p>\n<p>Mini weddings\u00a0esta em alta e n\u00f3s achamos um charme!<br \/>\nEm meio \u00e0 mata, voc\u00ea poder\u00e1 se casar ao ar livre e receber seus convidados em um ambiente diferenciado, ao lado de S\u00e3o Paulo.<br \/>\nPara quem quer algo mais descontra\u00eddo e descolado.. o Recanto das Torres \u00e9 uma \u00f3tima escolha!<br \/>\nO espa\u00e7o da cerim\u00f4nia \u00e9 intimista e as sombras das lindas \u00e1rvores com o brilho natural do sol fazem parte do cen\u00e1rio.<br \/>\nA \u00e1rea de festas comporta 250 convidados que podem curtir os diversos entretenimentos que o local fornece.<br \/>\nAl\u00e9m de casamentos pequenos, o ambiente \u00e9 ideal para confraterniza\u00e7\u00f5es, anivers\u00e1rios e eventos corporativos.<br \/>\nO recanto conta com piscina, campo de futebol gramado, quadra poliesportiva, playground, lago, cascata, churrasqueira, estacionamento gratuito\u00a0e op\u00e7\u00e3o de pernoite para at\u00e9 20 pessoas.<br \/>\nSomos f\u00e3s assumidos deste lugar!<\/p>\n<p>Para ver o mapa do local, <a href=\"http:\/\/buffetcallegari.com.br\/mapas\/recanto-das-torres-mapa-via-zona-norte\/\"><strong>clique aqui!<\/strong><br \/>\n<\/a>Site:\u00a0<strong><a href=\"http:\/\/buffetcallegari.com.br\/\">www.buffetcallegari.com.br<\/a><br \/>\n<\/strong>Telefone:<b>\u00a0<\/b>(11) 4485-5799 | 4485-1732<a href=\"http:\/\/buffetcallegari.com.br\/mapas\/recanto-das-torres-mapa-via-zona-norte\/\"><br \/>\n<\/a><\/p>\n\n<div style=\"font-size: 0px; height: 0px; line-height: 0px; margin: 0; padding: 0; clear: both;\"><\/div>","protected":false},"excerpt":{"rendered":"<p>Quem me conhece sabe o quanto amo casamentos, anivers\u00e1rios, decora\u00e7\u00f5es e tudo que envolve este mundo rico de detalhes e boas lembran\u00e7as. Vai fazer uma festa? Me chama que eu quero ajudar! Hahahaha. Por isso, hoje estamos inaugurando uma categoria sonhada e muito pedida por voc\u00eas, a categoria &#8220;festas&#8221;! Nos casamos durante o dia no [&hellip;]<\/p>\n","protected":false},"author":1,"featured_media":5470,"comment_status":"closed","ping_status":"closed","sticky":false,"template":"","format":"standard","meta":{"jetpack_post_was_ever_published":false,"_jetpack_newsletter_access":"","_jetpack_newsletter_tier_id":0},"categories":[239],"tags":[],"yoast_head":"<!-- This site is optimized with the Yoast SEO plugin v20.2.1 - https:\/\/yoast.com\/wordpress\/plugins\/seo\/ -->\n<title>Lugares sensacionais para casar no campo na Serra da Cantareira -<\/title>\n<meta name=\"robots\" content=\"index, follow, max-snippet:-1, max-image-preview:large, max-video-preview:-1\" \/>\n<link rel=\"canonical\" href=\"http:\/\/duplagourmet.com.br\/index.php\/2016\/09\/14\/lugares-sensacionais-para-casar-no-campo-na-serra-da-cantareira\/\" \/>\n<meta property=\"og:locale\" content=\"pt_BR\" \/>\n<meta property=\"og:type\" content=\"article\" \/>\n<meta property=\"og:title\" content=\"Lugares sensacionais para casar no campo na Serra da Cantareira -\" \/>\n<meta property=\"og:description\" content=\"Quem me conhece sabe o quanto amo casamentos, anivers\u00e1rios, decora\u00e7\u00f5es e tudo que envolve este mundo rico de detalhes e boas lembran\u00e7as. Vai fazer uma festa? Me chama que eu quero ajudar! Hahahaha. Por isso, hoje estamos inaugurando uma categoria sonhada e muito pedida por voc\u00eas, a categoria &#8220;festas&#8221;! Nos casamos durante o dia no [&hellip;]\" \/>\n<meta property=\"og:url\" content=\"http:\/\/duplagourmet.com.br\/index.php\/2016\/09\/14\/lugares-sensacionais-para-casar-no-campo-na-serra-da-cantareira\/\" \/>\n<meta property=\"article:publisher\" content=\"https:\/\/www.facebook.com\/duplagourmet\" \/>\n<meta property=\"article:published_time\" content=\"2016-09-14T11:54:56+00:00\" \/>\n<meta property=\"article:modified_time\" content=\"2016-12-19T12:17:05+00:00\" \/>\n<meta property=\"og:image\" content=\"https:\/\/i0.wp.com\/duplagourmet.com.br\/wp-content\/uploads\/2016\/09\/Previas_NieleRafael0006.jpg?fit=1920%2C1280\" \/>\n\t<meta property=\"og:image:width\" content=\"1920\" \/>\n\t<meta property=\"og:image:height\" content=\"1280\" \/>\n\t<meta property=\"og:image:type\" content=\"image\/jpeg\" \/>\n<meta name=\"author\" content=\"Lais Trov\u00e3o\" \/>\n<meta name=\"twitter:card\" content=\"summary_large_image\" \/>\n<meta name=\"twitter:creator\" content=\"@DuplaGourmet\" \/>\n<meta name=\"twitter:site\" content=\"@DuplaGourmet\" \/>\n<meta name=\"twitter:label1\" content=\"Escrito por\" \/>\n\t<meta name=\"twitter:data1\" content=\"Lais Trov\u00e3o\" \/>\n\t<meta name=\"twitter:label2\" content=\"Est. tempo de leitura\" \/>\n\t<meta name=\"twitter:data2\" content=\"3 minutos\" \/>\n<script type=\"application\/ld+json\" class=\"yoast-schema-graph\">{\"@context\":\"https:\/\/schema.org\",\"@graph\":[{\"@type\":\"Article\",\"@id\":\"http:\/\/duplagourmet.com.br\/index.php\/2016\/09\/14\/lugares-sensacionais-para-casar-no-campo-na-serra-da-cantareira\/#article\",\"isPartOf\":{\"@id\":\"http:\/\/duplagourmet.com.br\/index.php\/2016\/09\/14\/lugares-sensacionais-para-casar-no-campo-na-serra-da-cantareira\/\"},\"author\":{\"name\":\"Lais Trov\u00e3o\",\"@id\":\"https:\/\/duplagourmet.com.br\/#\/schema\/person\/888065adf1bf32ae6ab307c7362db9b1\"},\"headline\":\"Lugares sensacionais para casar no campo na Serra da Cantareira\",\"datePublished\":\"2016-09-14T11:54:56+00:00\",\"dateModified\":\"2016-12-19T12:17:05+00:00\",\"mainEntityOfPage\":{\"@id\":\"http:\/\/duplagourmet.com.br\/index.php\/2016\/09\/14\/lugares-sensacionais-para-casar-no-campo-na-serra-da-cantareira\/\"},\"wordCount\":684,\"publisher\":{\"@id\":\"https:\/\/duplagourmet.com.br\/#organization\"},\"articleSection\":[\"Festas\"],\"inLanguage\":\"pt-BR\"},{\"@type\":\"WebPage\",\"@id\":\"http:\/\/duplagourmet.com.br\/index.php\/2016\/09\/14\/lugares-sensacionais-para-casar-no-campo-na-serra-da-cantareira\/\",\"url\":\"http:\/\/duplagourmet.com.br\/index.php\/2016\/09\/14\/lugares-sensacionais-para-casar-no-campo-na-serra-da-cantareira\/\",\"name\":\"Lugares sensacionais para casar no campo na Serra da Cantareira -\",\"isPartOf\":{\"@id\":\"https:\/\/duplagourmet.com.br\/#website\"},\"datePublished\":\"2016-09-14T11:54:56+00:00\",\"dateModified\":\"2016-12-19T12:17:05+00:00\",\"breadcrumb\":{\"@id\":\"http:\/\/duplagourmet.com.br\/index.php\/2016\/09\/14\/lugares-sensacionais-para-casar-no-campo-na-serra-da-cantareira\/#breadcrumb\"},\"inLanguage\":\"pt-BR\",\"potentialAction\":[{\"@type\":\"ReadAction\",\"target\":[\"http:\/\/duplagourmet.com.br\/index.php\/2016\/09\/14\/lugares-sensacionais-para-casar-no-campo-na-serra-da-cantareira\/\"]}]},{\"@type\":\"BreadcrumbList\",\"@id\":\"http:\/\/duplagourmet.com.br\/index.php\/2016\/09\/14\/lugares-sensacionais-para-casar-no-campo-na-serra-da-cantareira\/#breadcrumb\",\"itemListElement\":[{\"@type\":\"ListItem\",\"position\":1,\"name\":\"In\u00edcio\",\"item\":\"https:\/\/duplagourmet.com.br\/\"},{\"@type\":\"ListItem\",\"position\":2,\"name\":\"Lugares sensacionais para casar no campo na Serra da Cantareira\"}]},{\"@type\":\"WebSite\",\"@id\":\"https:\/\/duplagourmet.com.br\/#website\",\"url\":\"https:\/\/duplagourmet.com.br\/\",\"name\":\"\",\"description\":\"Site de Gastronomia e Viagens\",\"publisher\":{\"@id\":\"https:\/\/duplagourmet.com.br\/#organization\"},\"potentialAction\":[{\"@type\":\"SearchAction\",\"target\":{\"@type\":\"EntryPoint\",\"urlTemplate\":\"https:\/\/duplagourmet.com.br\/?s={search_term_string}\"},\"query-input\":\"required name=search_term_string\"}],\"inLanguage\":\"pt-BR\"},{\"@type\":\"Organization\",\"@id\":\"https:\/\/duplagourmet.com.br\/#organization\",\"name\":\"Dupla Gourmet\",\"url\":\"https:\/\/duplagourmet.com.br\/\",\"logo\":{\"@type\":\"ImageObject\",\"inLanguage\":\"pt-BR\",\"@id\":\"https:\/\/duplagourmet.com.br\/#\/schema\/logo\/image\/\",\"url\":\"https:\/\/i0.wp.com\/duplagourmet.com.br\/wp-content\/uploads\/2015\/07\/LOGO.jpg?fit=2120%2C1193&ssl=1\",\"contentUrl\":\"https:\/\/i0.wp.com\/duplagourmet.com.br\/wp-content\/uploads\/2015\/07\/LOGO.jpg?fit=2120%2C1193&ssl=1\",\"width\":2120,\"height\":1193,\"caption\":\"Dupla Gourmet\"},\"image\":{\"@id\":\"https:\/\/duplagourmet.com.br\/#\/schema\/logo\/image\/\"},\"sameAs\":[\"https:\/\/www.facebook.com\/duplagourmet\",\"https:\/\/twitter.com\/DuplaGourmet\",\"https:\/\/instagram.com\/duplagourmet\/\"]},{\"@type\":\"Person\",\"@id\":\"https:\/\/duplagourmet.com.br\/#\/schema\/person\/888065adf1bf32ae6ab307c7362db9b1\",\"name\":\"Lais Trov\u00e3o\",\"image\":{\"@type\":\"ImageObject\",\"inLanguage\":\"pt-BR\",\"@id\":\"https:\/\/duplagourmet.com.br\/#\/schema\/person\/image\/\",\"url\":\"http:\/\/2.gravatar.com\/avatar\/21dda7f6b6103bd096caaf547327b1d9?s=96&d=mm&r=g\",\"contentUrl\":\"http:\/\/2.gravatar.com\/avatar\/21dda7f6b6103bd096caaf547327b1d9?s=96&d=mm&r=g\",\"caption\":\"Lais Trov\u00e3o\"},\"sameAs\":[\"http:\/\/duplagourmet.com.br\/\"],\"url\":\"http:\/\/duplagourmet.com.br\/index.php\/author\/lais_divinohotmail-com\/\"}]}<\/script>\n<!-- \/ Yoast SEO plugin. -->","yoast_head_json":{"title":"Lugares sensacionais para casar no campo na Serra da Cantareira -","robots":{"index":"index","follow":"follow","max-snippet":"max-snippet:-1","max-image-preview":"max-image-preview:large","max-video-preview":"max-video-preview:-1"},"canonical":"http:\/\/duplagourmet.com.br\/index.php\/2016\/09\/14\/lugares-sensacionais-para-casar-no-campo-na-serra-da-cantareira\/","og_locale":"pt_BR","og_type":"article","og_title":"Lugares sensacionais para casar no campo na Serra da Cantareira -","og_description":"Quem me conhece sabe o quanto amo casamentos, anivers\u00e1rios, decora\u00e7\u00f5es e tudo que envolve este mundo rico de detalhes e boas lembran\u00e7as. Vai fazer uma festa? Me chama que eu quero ajudar! Hahahaha. Por isso, hoje estamos inaugurando uma categoria sonhada e muito pedida por voc\u00eas, a categoria &#8220;festas&#8221;! Nos casamos durante o dia no [&hellip;]","og_url":"http:\/\/duplagourmet.com.br\/index.php\/2016\/09\/14\/lugares-sensacionais-para-casar-no-campo-na-serra-da-cantareira\/","article_publisher":"https:\/\/www.facebook.com\/duplagourmet","article_published_time":"2016-09-14T11:54:56+00:00","article_modified_time":"2016-12-19T12:17:05+00:00","og_image":[{"width":1920,"height":1280,"url":"https:\/\/i0.wp.com\/duplagourmet.com.br\/wp-content\/uploads\/2016\/09\/Previas_NieleRafael0006.jpg?fit=1920%2C1280","type":"image\/jpeg"}],"author":"Lais Trov\u00e3o","twitter_card":"summary_large_image","twitter_creator":"@DuplaGourmet","twitter_site":"@DuplaGourmet","twitter_misc":{"Escrito por":"Lais Trov\u00e3o","Est. tempo de leitura":"3 minutos"},"schema":{"@context":"https:\/\/schema.org","@graph":[{"@type":"Article","@id":"http:\/\/duplagourmet.com.br\/index.php\/2016\/09\/14\/lugares-sensacionais-para-casar-no-campo-na-serra-da-cantareira\/#article","isPartOf":{"@id":"http:\/\/duplagourmet.com.br\/index.php\/2016\/09\/14\/lugares-sensacionais-para-casar-no-campo-na-serra-da-cantareira\/"},"author":{"name":"Lais Trov\u00e3o","@id":"https:\/\/duplagourmet.com.br\/#\/schema\/person\/888065adf1bf32ae6ab307c7362db9b1"},"headline":"Lugares sensacionais para casar no campo na Serra da Cantareira","datePublished":"2016-09-14T11:54:56+00:00","dateModified":"2016-12-19T12:17:05+00:00","mainEntityOfPage":{"@id":"http:\/\/duplagourmet.com.br\/index.php\/2016\/09\/14\/lugares-sensacionais-para-casar-no-campo-na-serra-da-cantareira\/"},"wordCount":684,"publisher":{"@id":"https:\/\/duplagourmet.com.br\/#organization"},"articleSection":["Festas"],"inLanguage":"pt-BR"},{"@type":"WebPage","@id":"http:\/\/duplagourmet.com.br\/index.php\/2016\/09\/14\/lugares-sensacionais-para-casar-no-campo-na-serra-da-cantareira\/","url":"http:\/\/duplagourmet.com.br\/index.php\/2016\/09\/14\/lugares-sensacionais-para-casar-no-campo-na-serra-da-cantareira\/","name":"Lugares sensacionais para casar no campo na Serra da Cantareira -","isPartOf":{"@id":"https:\/\/duplagourmet.com.br\/#website"},"datePublished":"2016-09-14T11:54:56+00:00","dateModified":"2016-12-19T12:17:05+00:00","breadcrumb":{"@id":"http:\/\/duplagourmet.com.br\/index.php\/2016\/09\/14\/lugares-sensacionais-para-casar-no-campo-na-serra-da-cantareira\/#breadcrumb"},"inLanguage":"pt-BR","potentialAction":[{"@type":"ReadAction","target":["http:\/\/duplagourmet.com.br\/index.php\/2016\/09\/14\/lugares-sensacionais-para-casar-no-campo-na-serra-da-cantareira\/"]}]},{"@type":"BreadcrumbList","@id":"http:\/\/duplagourmet.com.br\/index.php\/2016\/09\/14\/lugares-sensacionais-para-casar-no-campo-na-serra-da-cantareira\/#breadcrumb","itemListElement":[{"@type":"ListItem","position":1,"name":"In\u00edcio","item":"https:\/\/duplagourmet.com.br\/"},{"@type":"ListItem","position":2,"name":"Lugares sensacionais para casar no campo na Serra da Cantareira"}]},{"@type":"WebSite","@id":"https:\/\/duplagourmet.com.br\/#website","url":"https:\/\/duplagourmet.com.br\/","name":"","description":"Site de Gastronomia e Viagens","publisher":{"@id":"https:\/\/duplagourmet.com.br\/#organization"},"potentialAction":[{"@type":"SearchAction","target":{"@type":"EntryPoint","urlTemplate":"https:\/\/duplagourmet.com.br\/?s={search_term_string}"},"query-input":"required name=search_term_string"}],"inLanguage":"pt-BR"},{"@type":"Organization","@id":"https:\/\/duplagourmet.com.br\/#organization","name":"Dupla Gourmet","url":"https:\/\/duplagourmet.com.br\/","logo":{"@type":"ImageObject","inLanguage":"pt-BR","@id":"https:\/\/duplagourmet.com.br\/#\/schema\/logo\/image\/","url":"https:\/\/i0.wp.com\/duplagourmet.com.br\/wp-content\/uploads\/2015\/07\/LOGO.jpg?fit=2120%2C1193&ssl=1","contentUrl":"https:\/\/i0.wp.com\/duplagourmet.com.br\/wp-content\/uploads\/2015\/07\/LOGO.jpg?fit=2120%2C1193&ssl=1","width":2120,"height":1193,"caption":"Dupla Gourmet"},"image":{"@id":"https:\/\/duplagourmet.com.br\/#\/schema\/logo\/image\/"},"sameAs":["https:\/\/www.facebook.com\/duplagourmet","https:\/\/twitter.com\/DuplaGourmet","https:\/\/instagram.com\/duplagourmet\/"]},{"@type":"Person","@id":"https:\/\/duplagourmet.com.br\/#\/schema\/person\/888065adf1bf32ae6ab307c7362db9b1","name":"Lais Trov\u00e3o","image":{"@type":"ImageObject","inLanguage":"pt-BR","@id":"https:\/\/duplagourmet.com.br\/#\/schema\/person\/image\/","url":"http:\/\/2.gravatar.com\/avatar\/21dda7f6b6103bd096caaf547327b1d9?s=96&d=mm&r=g","contentUrl":"http:\/\/2.gravatar.com\/avatar\/21dda7f6b6103bd096caaf547327b1d9?s=96&d=mm&r=g","caption":"Lais Trov\u00e3o"},"sameAs":["http:\/\/duplagourmet.com.br\/"],"url":"http:\/\/duplagourmet.com.br\/index.php\/author\/lais_divinohotmail-com\/"}]}},"jetpack_sharing_enabled":true,"jetpack_featured_media_url":"https:\/\/i0.wp.com\/duplagourmet.com.br\/wp-content\/uploads\/2016\/09\/Previas_NieleRafael0006.jpg?fit=1920%2C1280","jetpack_shortlink":"https:\/\/wp.me\/p67KK6-1pO","_links":{"self":[{"href":"http:\/\/duplagourmet.com.br\/index.php\/wp-json\/wp\/v2\/posts\/5444"}],"collection":[{"href":"http:\/\/duplagourmet.com.br\/index.php\/wp-json\/wp\/v2\/posts"}],"about":[{"href":"http:\/\/duplagourmet.com.br\/index.php\/wp-json\/wp\/v2\/types\/post"}],"author":[{"embeddable":true,"href":"http:\/\/duplagourmet.com.br\/index.php\/wp-json\/wp\/v2\/users\/1"}],"replies":[{"embeddable":true,"href":"http:\/\/duplagourmet.com.br\/index.php\/wp-json\/wp\/v2\/comments?post=5444"}],"version-history":[{"count":2,"href":"http:\/\/duplagourmet.com.br\/index.php\/wp-json\/wp\/v2\/posts\/5444\/revisions"}],"predecessor-version":[{"id":5614,"href":"http:\/\/duplagourmet.com.br\/index.php\/wp-json\/wp\/v2\/posts\/5444\/revisions\/5614"}],"wp:featuredmedia":[{"embeddable":true,"href":"http:\/\/duplagourmet.com.br\/index.php\/wp-json\/wp\/v2\/media\/5470"}],"wp:attachment":[{"href":"http:\/\/duplagourmet.com.br\/index.php\/wp-json\/wp\/v2\/media?parent=5444"}],"wp:term":[{"taxonomy":"category","embeddable":true,"href":"http:\/\/duplagourmet.com.br\/index.php\/wp-json\/wp\/v2\/categories?post=5444"},{"taxonomy":"post_tag","embeddable":true,"href":"http:\/\/duplagourmet.com.br\/index.php\/wp-json\/wp\/v2\/tags?post=5444"}],"curies":[{"name":"wp","href":"https:\/\/api.w.org\/{rel}","templated":true}]}}