{"id":5204,"date":"2016-08-11T18:15:04","date_gmt":"2016-08-11T18:15:04","guid":{"rendered":"http:\/\/duplagourmet.com.br\/?p=5204"},"modified":"2016-08-11T23:42:12","modified_gmt":"2016-08-11T23:42:12","slug":"restaurante-recem-inaugurado-ja-e-um-dos-mais-requisitados-de-sao-paulo","status":"publish","type":"post","link":"http:\/\/duplagourmet.com.br\/index.php\/2016\/08\/11\/restaurante-recem-inaugurado-ja-e-um-dos-mais-requisitados-de-sao-paulo\/","title":{"rendered":"Restaurante rec\u00e9m-inaugurado j\u00e1 \u00e9 um dos mais requisitados de S\u00e3o Paulo"},"content":{"rendered":"<div class=\"0d3c8bb807db4512cec61ce0ce609918\" data-index=\"1\" style=\"float: right; margin:10px 0 10px 10px;\">\n<script async src=\"\/\/pagead2.googlesyndication.com\/pagead\/js\/adsbygoogle.js\"><\/script>\r\n<!-- Dupla -->\r\n<ins class=\"adsbygoogle\"\r\n     style=\"display:inline-block;width:336px;height:280px\"\r\n     data-ad-client=\"ca-pub-5223135331964240\"\r\n     data-ad-slot=\"1820166419\"><\/ins>\r\n<script>\r\n(adsbygoogle = window.adsbygoogle || []).push({});\r\n<\/script>\n<\/div>\n<p>Esta semana fomos visitar um dos melhores restaurantes que j\u00e1 conhecemos em S\u00e3o Paulo.<br \/>\nQuem nos acompanha sabe o quanto amamos conhecer novos restaurantes e o quanto curtimos viver novas experi\u00eancias gastron\u00f4micas.<br \/>\nO restaurante da vez \u00e9 o Des Cucina, ele \u00e9 &#8220;filho&#8221; do famoso bar &#8221; Desembargador&#8221; que j\u00e1 \u00e9 sucesso a mais de 7 anos.<br \/>\nO restaurante abriu as portas h\u00e1 2 meses atr\u00e1s e j\u00e1 tem conquistado o seu p\u00fablico fiel. Aos finais de semana j\u00e1 se encontra fila de espera de pessoas ansiosas para provar os saborosos pratos do Chef\u00a0Sergio Fran\u00e7a<br \/>\nChegamos no Des e fomos surpreendidos pelo clima moderno, intimista e com ricas op\u00e7\u00f5es no card\u00e1pio de influ\u00eancia italiana.<br \/>\nAmamos tudo! Atendimento, pratos, apresenta\u00e7\u00f5es e o ambiente, que \u00e9 encantador.<br \/>\nO Des Cucina \u00e9 considerado como um endere\u00e7o de \u201calta gastronomia\u201d, por\u00e9m com pre\u00e7os extremamente justos.<\/p>\n<p><img decoding=\"async\" loading=\"lazy\" class=\"alignnone wp-image-5197 size-full\" src=\"https:\/\/i0.wp.com\/duplagourmet.com.br\/wp-content\/uploads\/2016\/08\/duplagourmet-3.jpg?resize=800%2C533\" alt=\"duplagourmet 3\" width=\"800\" height=\"533\" srcset=\"https:\/\/i0.wp.com\/duplagourmet.com.br\/wp-content\/uploads\/2016\/08\/duplagourmet-3.jpg?w=900 900w, https:\/\/i0.wp.com\/duplagourmet.com.br\/wp-content\/uploads\/2016\/08\/duplagourmet-3.jpg?resize=650%2C433 650w\" sizes=\"(max-width: 800px) 100vw, 800px\" data-recalc-dims=\"1\" \/><\/p>\n<p><img decoding=\"async\" loading=\"lazy\" class=\"alignnone wp-image-5180 size-full\" src=\"https:\/\/i0.wp.com\/duplagourmet.com.br\/wp-content\/uploads\/2016\/08\/IMG_0011.jpg?resize=800%2C533\" alt=\"IMG_0011\" width=\"800\" height=\"533\" srcset=\"https:\/\/i0.wp.com\/duplagourmet.com.br\/wp-content\/uploads\/2016\/08\/IMG_0011.jpg?w=900 900w, https:\/\/i0.wp.com\/duplagourmet.com.br\/wp-content\/uploads\/2016\/08\/IMG_0011.jpg?resize=650%2C433 650w\" sizes=\"(max-width: 800px) 100vw, 800px\" data-recalc-dims=\"1\" \/><\/p>\n<p><img decoding=\"async\" loading=\"lazy\" class=\"alignnone wp-image-5193 size-full\" src=\"https:\/\/i0.wp.com\/duplagourmet.com.br\/wp-content\/uploads\/2016\/08\/lalala.jpg?resize=800%2C891\" alt=\"lalala\" width=\"800\" height=\"891\" srcset=\"https:\/\/i0.wp.com\/duplagourmet.com.br\/wp-content\/uploads\/2016\/08\/lalala.jpg?w=900 900w, https:\/\/i0.wp.com\/duplagourmet.com.br\/wp-content\/uploads\/2016\/08\/lalala.jpg?resize=650%2C724 650w\" sizes=\"(max-width: 800px) 100vw, 800px\" data-recalc-dims=\"1\" \/><\/p>\n<p><img decoding=\"async\" loading=\"lazy\" class=\"alignnone wp-image-5181 size-full\" src=\"https:\/\/i0.wp.com\/duplagourmet.com.br\/wp-content\/uploads\/2016\/08\/IMG_0031.jpg?resize=800%2C533\" alt=\"IMG_0031\" width=\"800\" height=\"533\" srcset=\"https:\/\/i0.wp.com\/duplagourmet.com.br\/wp-content\/uploads\/2016\/08\/IMG_0031.jpg?w=900 900w, https:\/\/i0.wp.com\/duplagourmet.com.br\/wp-content\/uploads\/2016\/08\/IMG_0031.jpg?resize=650%2C433 650w\" sizes=\"(max-width: 800px) 100vw, 800px\" data-recalc-dims=\"1\" \/><\/p>\n<p><img decoding=\"async\" loading=\"lazy\" class=\"alignnone wp-image-5166 size-full\" src=\"https:\/\/i0.wp.com\/duplagourmet.com.br\/wp-content\/uploads\/2016\/08\/IMG_0036.jpg?resize=800%2C533\" alt=\"IMG_0036\" width=\"800\" height=\"533\" srcset=\"https:\/\/i0.wp.com\/duplagourmet.com.br\/wp-content\/uploads\/2016\/08\/IMG_0036.jpg?w=900 900w, https:\/\/i0.wp.com\/duplagourmet.com.br\/wp-content\/uploads\/2016\/08\/IMG_0036.jpg?resize=650%2C433 650w\" sizes=\"(max-width: 800px) 100vw, 800px\" data-recalc-dims=\"1\" \/><\/p>\n<p><img decoding=\"async\" loading=\"lazy\" class=\"alignnone wp-image-5167 size-full\" src=\"https:\/\/i0.wp.com\/duplagourmet.com.br\/wp-content\/uploads\/2016\/08\/IMG_0046.jpg?resize=800%2C533\" alt=\"IMG_0046\" width=\"800\" height=\"533\" srcset=\"https:\/\/i0.wp.com\/duplagourmet.com.br\/wp-content\/uploads\/2016\/08\/IMG_0046.jpg?w=900 900w, https:\/\/i0.wp.com\/duplagourmet.com.br\/wp-content\/uploads\/2016\/08\/IMG_0046.jpg?resize=650%2C433 650w\" sizes=\"(max-width: 800px) 100vw, 800px\" data-recalc-dims=\"1\" \/><\/p>\n<p>Os drinques criados pelo Marcelo Serrano (Brasserrie des Arts), em uma consultoria especial ao Des s\u00e3o simplesmente apaixonantes e com \u00f3tima apresenta\u00e7\u00e3o.<br \/>\n<img decoding=\"async\" loading=\"lazy\" class=\"alignnone wp-image-5190 size-full\" src=\"https:\/\/i0.wp.com\/duplagourmet.com.br\/wp-content\/uploads\/2016\/08\/IMG_0078.jpg?resize=800%2C533\" alt=\"IMG_0078\" width=\"800\" height=\"533\" srcset=\"https:\/\/i0.wp.com\/duplagourmet.com.br\/wp-content\/uploads\/2016\/08\/IMG_0078.jpg?w=900 900w, https:\/\/i0.wp.com\/duplagourmet.com.br\/wp-content\/uploads\/2016\/08\/IMG_0078.jpg?resize=650%2C433 650w\" sizes=\"(max-width: 800px) 100vw, 800px\" data-recalc-dims=\"1\" \/><\/p>\n<p><img decoding=\"async\" loading=\"lazy\" class=\"alignnone wp-image-5171 size-full\" src=\"https:\/\/i0.wp.com\/duplagourmet.com.br\/wp-content\/uploads\/2016\/08\/IMG_0063.jpg?resize=800%2C533\" alt=\"IMG_0063\" width=\"800\" height=\"533\" srcset=\"https:\/\/i0.wp.com\/duplagourmet.com.br\/wp-content\/uploads\/2016\/08\/IMG_0063.jpg?w=900 900w, https:\/\/i0.wp.com\/duplagourmet.com.br\/wp-content\/uploads\/2016\/08\/IMG_0063.jpg?resize=650%2C433 650w\" sizes=\"(max-width: 800px) 100vw, 800px\" data-recalc-dims=\"1\" \/><\/p>\n<p>Acredito que a entrada foi um dos pontos altos da noite!<br \/>\nCarpaccio gratinado com folhas de r\u00facula, shitake, funghi e azeite trufado (R$34 &#8211; Serve 2 pessoas).<br \/>\nSimplesmente um dos melhores pratos que j\u00e1 provamos na vida!<img decoding=\"async\" loading=\"lazy\" class=\"alignnone wp-image-5172 size-full\" src=\"https:\/\/i0.wp.com\/duplagourmet.com.br\/wp-content\/uploads\/2016\/08\/IMG_0116.jpg?resize=800%2C533\" alt=\"IMG_0116\" width=\"800\" height=\"533\" srcset=\"https:\/\/i0.wp.com\/duplagourmet.com.br\/wp-content\/uploads\/2016\/08\/IMG_0116.jpg?w=900 900w, https:\/\/i0.wp.com\/duplagourmet.com.br\/wp-content\/uploads\/2016\/08\/IMG_0116.jpg?resize=650%2C433 650w\" sizes=\"(max-width: 800px) 100vw, 800px\" data-recalc-dims=\"1\" \/><\/p>\n<p><img decoding=\"async\" loading=\"lazy\" class=\"alignnone wp-image-5173 size-full\" src=\"https:\/\/i0.wp.com\/duplagourmet.com.br\/wp-content\/uploads\/2016\/08\/IMG_0141.jpg?resize=800%2C533\" alt=\"IMG_0141\" width=\"800\" height=\"533\" srcset=\"https:\/\/i0.wp.com\/duplagourmet.com.br\/wp-content\/uploads\/2016\/08\/IMG_0141.jpg?w=900 900w, https:\/\/i0.wp.com\/duplagourmet.com.br\/wp-content\/uploads\/2016\/08\/IMG_0141.jpg?resize=650%2C433 650w\" sizes=\"(max-width: 800px) 100vw, 800px\" data-recalc-dims=\"1\" \/><\/p>\n<p>O Chef S\u00e9rgio Fran\u00e7a preparou um menu rico em op\u00e7\u00f5es que s\u00e3o diferenciadas e inusitadas.<br \/>\nO card\u00e1pio possui uma s\u00e9rie de massas preparadas na hora e outras op\u00e7\u00f5es de pratos frescos e saborosos.<br \/>\nO nosso pedido foi um risoto de lim\u00e3o siciliano com lagostim (R$59) e uma tradicional lazanha bolognese al forno \u00a0(R$48)<br \/>\nLazanha tradicional e impec\u00e1vel, massa no ponto certo e composta por ingredientes de perfeita qualidade.<br \/>\nJ\u00e1 o risoto foi uma surpresa boa. Est\u00e1vamos com outra expectativa de um risoto de lim\u00e3o tradicional, por\u00e9m o sabor de frutos do mar deu um toque marcante ao prato. Amamos frutos do mar e consideramos o resultado o melhor poss\u00edvel!<br \/>\n<img decoding=\"async\" loading=\"lazy\" class=\"alignnone wp-image-5188 size-full\" src=\"https:\/\/i0.wp.com\/duplagourmet.com.br\/wp-content\/uploads\/2016\/08\/IMG_0157-2.jpg?resize=800%2C533\" alt=\"IMG_0157\" width=\"800\" height=\"533\" srcset=\"https:\/\/i0.wp.com\/duplagourmet.com.br\/wp-content\/uploads\/2016\/08\/IMG_0157-2.jpg?w=900 900w, https:\/\/i0.wp.com\/duplagourmet.com.br\/wp-content\/uploads\/2016\/08\/IMG_0157-2.jpg?resize=650%2C433 650w\" sizes=\"(max-width: 800px) 100vw, 800px\" data-recalc-dims=\"1\" \/><\/p>\n<p><img decoding=\"async\" loading=\"lazy\" class=\"alignnone wp-image-5176 size-full\" src=\"https:\/\/i0.wp.com\/duplagourmet.com.br\/wp-content\/uploads\/2016\/08\/IMG_0183-1.jpg?resize=800%2C533\" alt=\"IMG_0183\" width=\"800\" height=\"533\" srcset=\"https:\/\/i0.wp.com\/duplagourmet.com.br\/wp-content\/uploads\/2016\/08\/IMG_0183-1.jpg?w=900 900w, https:\/\/i0.wp.com\/duplagourmet.com.br\/wp-content\/uploads\/2016\/08\/IMG_0183-1.jpg?resize=650%2C433 650w\" sizes=\"(max-width: 800px) 100vw, 800px\" data-recalc-dims=\"1\" \/><br \/>\nE para finalizar a nossa noite com chave de ouro, pedimos um creme brull\u00e9e\u00a0de doce de leite e sorvete de lim\u00e3o (R$19).<br \/>\nO sabor cremoso que derrete na boca do doce de leite com o sorvete de lim\u00e3o \u00e9 algo apaixonante.<br \/>\nEnfim&#8230;sa\u00edmos encantados e queremos voltar o quanto antes para este pedacinho do c\u00e9u.<br \/>\nSuper recomendamos o Des Cucina!<\/p>\n<p><strong>Endere\u00e7o:<\/strong>\u00a0Rua Desembargador do Vale, 233 &#8211; Perdizes. S\u00e3o Paulo<br \/>\n<strong>Site:<\/strong>\u00a0<a href=\"http:\/\/www.descucina.com.br\/\">www.descucina.com.br<\/a><\/p>\n\n<div style=\"font-size: 0px; height: 0px; line-height: 0px; margin: 0; padding: 0; clear: both;\"><\/div>","protected":false},"excerpt":{"rendered":"<p>Esta semana fomos visitar um dos melhores restaurantes que j\u00e1 conhecemos em S\u00e3o Paulo. Quem nos acompanha sabe o quanto amamos conhecer novos restaurantes e o quanto curtimos viver novas experi\u00eancias gastron\u00f4micas. O restaurante da vez \u00e9 o Des Cucina, ele \u00e9 &#8220;filho&#8221; do famoso bar &#8221; Desembargador&#8221; que j\u00e1 \u00e9 sucesso a mais de [&hellip;]<\/p>\n","protected":false},"author":1,"featured_media":5197,"comment_status":"open","ping_status":"open","sticky":false,"template":"","format":"standard","meta":{"jetpack_post_was_ever_published":false,"_jetpack_newsletter_access":"","_jetpack_newsletter_tier_id":0},"categories":[8],"tags":[],"yoast_head":"<!-- This site is optimized with the Yoast SEO plugin v20.2.1 - https:\/\/yoast.com\/wordpress\/plugins\/seo\/ -->\n<title>Restaurante rec\u00e9m-inaugurado j\u00e1 \u00e9 um dos mais requisitados de S\u00e3o Paulo -<\/title>\n<meta name=\"robots\" content=\"index, follow, max-snippet:-1, max-image-preview:large, max-video-preview:-1\" \/>\n<link rel=\"canonical\" href=\"http:\/\/duplagourmet.com.br\/index.php\/2016\/08\/11\/restaurante-recem-inaugurado-ja-e-um-dos-mais-requisitados-de-sao-paulo\/\" \/>\n<meta property=\"og:locale\" content=\"pt_BR\" \/>\n<meta property=\"og:type\" content=\"article\" \/>\n<meta property=\"og:title\" content=\"Restaurante rec\u00e9m-inaugurado j\u00e1 \u00e9 um dos mais requisitados de S\u00e3o Paulo -\" \/>\n<meta property=\"og:description\" content=\"Esta semana fomos visitar um dos melhores restaurantes que j\u00e1 conhecemos em S\u00e3o Paulo. Quem nos acompanha sabe o quanto amamos conhecer novos restaurantes e o quanto curtimos viver novas experi\u00eancias gastron\u00f4micas. O restaurante da vez \u00e9 o Des Cucina, ele \u00e9 &#8220;filho&#8221; do famoso bar &#8221; Desembargador&#8221; que j\u00e1 \u00e9 sucesso a mais de [&hellip;]\" \/>\n<meta property=\"og:url\" content=\"http:\/\/duplagourmet.com.br\/index.php\/2016\/08\/11\/restaurante-recem-inaugurado-ja-e-um-dos-mais-requisitados-de-sao-paulo\/\" \/>\n<meta property=\"article:publisher\" content=\"https:\/\/www.facebook.com\/duplagourmet\" \/>\n<meta property=\"article:published_time\" content=\"2016-08-11T18:15:04+00:00\" \/>\n<meta property=\"article:modified_time\" content=\"2016-08-11T23:42:12+00:00\" \/>\n<meta property=\"og:image\" content=\"https:\/\/i0.wp.com\/duplagourmet.com.br\/wp-content\/uploads\/2016\/08\/duplagourmet-3.jpg?fit=900%2C600\" \/>\n\t<meta property=\"og:image:width\" content=\"900\" \/>\n\t<meta property=\"og:image:height\" content=\"600\" \/>\n\t<meta property=\"og:image:type\" content=\"image\/jpeg\" \/>\n<meta name=\"author\" content=\"Lais Trov\u00e3o\" \/>\n<meta name=\"twitter:card\" content=\"summary_large_image\" \/>\n<meta name=\"twitter:creator\" content=\"@DuplaGourmet\" \/>\n<meta name=\"twitter:site\" content=\"@DuplaGourmet\" \/>\n<meta name=\"twitter:label1\" content=\"Escrito por\" \/>\n\t<meta name=\"twitter:data1\" content=\"Lais Trov\u00e3o\" \/>\n\t<meta name=\"twitter:label2\" content=\"Est. tempo de leitura\" \/>\n\t<meta name=\"twitter:data2\" content=\"2 minutos\" \/>\n<script type=\"application\/ld+json\" class=\"yoast-schema-graph\">{\"@context\":\"https:\/\/schema.org\",\"@graph\":[{\"@type\":\"Article\",\"@id\":\"http:\/\/duplagourmet.com.br\/index.php\/2016\/08\/11\/restaurante-recem-inaugurado-ja-e-um-dos-mais-requisitados-de-sao-paulo\/#article\",\"isPartOf\":{\"@id\":\"http:\/\/duplagourmet.com.br\/index.php\/2016\/08\/11\/restaurante-recem-inaugurado-ja-e-um-dos-mais-requisitados-de-sao-paulo\/\"},\"author\":{\"name\":\"Lais Trov\u00e3o\",\"@id\":\"https:\/\/duplagourmet.com.br\/#\/schema\/person\/888065adf1bf32ae6ab307c7362db9b1\"},\"headline\":\"Restaurante rec\u00e9m-inaugurado j\u00e1 \u00e9 um dos mais requisitados de S\u00e3o Paulo\",\"datePublished\":\"2016-08-11T18:15:04+00:00\",\"dateModified\":\"2016-08-11T23:42:12+00:00\",\"mainEntityOfPage\":{\"@id\":\"http:\/\/duplagourmet.com.br\/index.php\/2016\/08\/11\/restaurante-recem-inaugurado-ja-e-um-dos-mais-requisitados-de-sao-paulo\/\"},\"wordCount\":423,\"commentCount\":5,\"publisher\":{\"@id\":\"https:\/\/duplagourmet.com.br\/#organization\"},\"articleSection\":[\"Comendo Fora\"],\"inLanguage\":\"pt-BR\",\"potentialAction\":[{\"@type\":\"CommentAction\",\"name\":\"Comment\",\"target\":[\"http:\/\/duplagourmet.com.br\/index.php\/2016\/08\/11\/restaurante-recem-inaugurado-ja-e-um-dos-mais-requisitados-de-sao-paulo\/#respond\"]}]},{\"@type\":\"WebPage\",\"@id\":\"http:\/\/duplagourmet.com.br\/index.php\/2016\/08\/11\/restaurante-recem-inaugurado-ja-e-um-dos-mais-requisitados-de-sao-paulo\/\",\"url\":\"http:\/\/duplagourmet.com.br\/index.php\/2016\/08\/11\/restaurante-recem-inaugurado-ja-e-um-dos-mais-requisitados-de-sao-paulo\/\",\"name\":\"Restaurante rec\u00e9m-inaugurado j\u00e1 \u00e9 um dos mais requisitados de S\u00e3o Paulo -\",\"isPartOf\":{\"@id\":\"https:\/\/duplagourmet.com.br\/#website\"},\"datePublished\":\"2016-08-11T18:15:04+00:00\",\"dateModified\":\"2016-08-11T23:42:12+00:00\",\"breadcrumb\":{\"@id\":\"http:\/\/duplagourmet.com.br\/index.php\/2016\/08\/11\/restaurante-recem-inaugurado-ja-e-um-dos-mais-requisitados-de-sao-paulo\/#breadcrumb\"},\"inLanguage\":\"pt-BR\",\"potentialAction\":[{\"@type\":\"ReadAction\",\"target\":[\"http:\/\/duplagourmet.com.br\/index.php\/2016\/08\/11\/restaurante-recem-inaugurado-ja-e-um-dos-mais-requisitados-de-sao-paulo\/\"]}]},{\"@type\":\"BreadcrumbList\",\"@id\":\"http:\/\/duplagourmet.com.br\/index.php\/2016\/08\/11\/restaurante-recem-inaugurado-ja-e-um-dos-mais-requisitados-de-sao-paulo\/#breadcrumb\",\"itemListElement\":[{\"@type\":\"ListItem\",\"position\":1,\"name\":\"In\u00edcio\",\"item\":\"https:\/\/duplagourmet.com.br\/\"},{\"@type\":\"ListItem\",\"position\":2,\"name\":\"Restaurante rec\u00e9m-inaugurado j\u00e1 \u00e9 um dos mais requisitados de S\u00e3o Paulo\"}]},{\"@type\":\"WebSite\",\"@id\":\"https:\/\/duplagourmet.com.br\/#website\",\"url\":\"https:\/\/duplagourmet.com.br\/\",\"name\":\"\",\"description\":\"Site de Gastronomia e Viagens\",\"publisher\":{\"@id\":\"https:\/\/duplagourmet.com.br\/#organization\"},\"potentialAction\":[{\"@type\":\"SearchAction\",\"target\":{\"@type\":\"EntryPoint\",\"urlTemplate\":\"https:\/\/duplagourmet.com.br\/?s={search_term_string}\"},\"query-input\":\"required name=search_term_string\"}],\"inLanguage\":\"pt-BR\"},{\"@type\":\"Organization\",\"@id\":\"https:\/\/duplagourmet.com.br\/#organization\",\"name\":\"Dupla Gourmet\",\"url\":\"https:\/\/duplagourmet.com.br\/\",\"logo\":{\"@type\":\"ImageObject\",\"inLanguage\":\"pt-BR\",\"@id\":\"https:\/\/duplagourmet.com.br\/#\/schema\/logo\/image\/\",\"url\":\"https:\/\/i0.wp.com\/duplagourmet.com.br\/wp-content\/uploads\/2015\/07\/LOGO.jpg?fit=2120%2C1193&ssl=1\",\"contentUrl\":\"https:\/\/i0.wp.com\/duplagourmet.com.br\/wp-content\/uploads\/2015\/07\/LOGO.jpg?fit=2120%2C1193&ssl=1\",\"width\":2120,\"height\":1193,\"caption\":\"Dupla Gourmet\"},\"image\":{\"@id\":\"https:\/\/duplagourmet.com.br\/#\/schema\/logo\/image\/\"},\"sameAs\":[\"https:\/\/www.facebook.com\/duplagourmet\",\"https:\/\/twitter.com\/DuplaGourmet\",\"https:\/\/instagram.com\/duplagourmet\/\"]},{\"@type\":\"Person\",\"@id\":\"https:\/\/duplagourmet.com.br\/#\/schema\/person\/888065adf1bf32ae6ab307c7362db9b1\",\"name\":\"Lais Trov\u00e3o\",\"image\":{\"@type\":\"ImageObject\",\"inLanguage\":\"pt-BR\",\"@id\":\"https:\/\/duplagourmet.com.br\/#\/schema\/person\/image\/\",\"url\":\"http:\/\/2.gravatar.com\/avatar\/21dda7f6b6103bd096caaf547327b1d9?s=96&d=mm&r=g\",\"contentUrl\":\"http:\/\/2.gravatar.com\/avatar\/21dda7f6b6103bd096caaf547327b1d9?s=96&d=mm&r=g\",\"caption\":\"Lais Trov\u00e3o\"},\"sameAs\":[\"http:\/\/duplagourmet.com.br\/\"],\"url\":\"http:\/\/duplagourmet.com.br\/index.php\/author\/lais_divinohotmail-com\/\"}]}<\/script>\n<!-- \/ Yoast SEO plugin. -->","yoast_head_json":{"title":"Restaurante rec\u00e9m-inaugurado j\u00e1 \u00e9 um dos mais requisitados de S\u00e3o Paulo -","robots":{"index":"index","follow":"follow","max-snippet":"max-snippet:-1","max-image-preview":"max-image-preview:large","max-video-preview":"max-video-preview:-1"},"canonical":"http:\/\/duplagourmet.com.br\/index.php\/2016\/08\/11\/restaurante-recem-inaugurado-ja-e-um-dos-mais-requisitados-de-sao-paulo\/","og_locale":"pt_BR","og_type":"article","og_title":"Restaurante rec\u00e9m-inaugurado j\u00e1 \u00e9 um dos mais requisitados de S\u00e3o Paulo -","og_description":"Esta semana fomos visitar um dos melhores restaurantes que j\u00e1 conhecemos em S\u00e3o Paulo. Quem nos acompanha sabe o quanto amamos conhecer novos restaurantes e o quanto curtimos viver novas experi\u00eancias gastron\u00f4micas. O restaurante da vez \u00e9 o Des Cucina, ele \u00e9 &#8220;filho&#8221; do famoso bar &#8221; Desembargador&#8221; que j\u00e1 \u00e9 sucesso a mais de [&hellip;]","og_url":"http:\/\/duplagourmet.com.br\/index.php\/2016\/08\/11\/restaurante-recem-inaugurado-ja-e-um-dos-mais-requisitados-de-sao-paulo\/","article_publisher":"https:\/\/www.facebook.com\/duplagourmet","article_published_time":"2016-08-11T18:15:04+00:00","article_modified_time":"2016-08-11T23:42:12+00:00","og_image":[{"width":900,"height":600,"url":"https:\/\/i0.wp.com\/duplagourmet.com.br\/wp-content\/uploads\/2016\/08\/duplagourmet-3.jpg?fit=900%2C600","type":"image\/jpeg"}],"author":"Lais Trov\u00e3o","twitter_card":"summary_large_image","twitter_creator":"@DuplaGourmet","twitter_site":"@DuplaGourmet","twitter_misc":{"Escrito por":"Lais Trov\u00e3o","Est. tempo de leitura":"2 minutos"},"schema":{"@context":"https:\/\/schema.org","@graph":[{"@type":"Article","@id":"http:\/\/duplagourmet.com.br\/index.php\/2016\/08\/11\/restaurante-recem-inaugurado-ja-e-um-dos-mais-requisitados-de-sao-paulo\/#article","isPartOf":{"@id":"http:\/\/duplagourmet.com.br\/index.php\/2016\/08\/11\/restaurante-recem-inaugurado-ja-e-um-dos-mais-requisitados-de-sao-paulo\/"},"author":{"name":"Lais Trov\u00e3o","@id":"https:\/\/duplagourmet.com.br\/#\/schema\/person\/888065adf1bf32ae6ab307c7362db9b1"},"headline":"Restaurante rec\u00e9m-inaugurado j\u00e1 \u00e9 um dos mais requisitados de S\u00e3o Paulo","datePublished":"2016-08-11T18:15:04+00:00","dateModified":"2016-08-11T23:42:12+00:00","mainEntityOfPage":{"@id":"http:\/\/duplagourmet.com.br\/index.php\/2016\/08\/11\/restaurante-recem-inaugurado-ja-e-um-dos-mais-requisitados-de-sao-paulo\/"},"wordCount":423,"commentCount":5,"publisher":{"@id":"https:\/\/duplagourmet.com.br\/#organization"},"articleSection":["Comendo Fora"],"inLanguage":"pt-BR","potentialAction":[{"@type":"CommentAction","name":"Comment","target":["http:\/\/duplagourmet.com.br\/index.php\/2016\/08\/11\/restaurante-recem-inaugurado-ja-e-um-dos-mais-requisitados-de-sao-paulo\/#respond"]}]},{"@type":"WebPage","@id":"http:\/\/duplagourmet.com.br\/index.php\/2016\/08\/11\/restaurante-recem-inaugurado-ja-e-um-dos-mais-requisitados-de-sao-paulo\/","url":"http:\/\/duplagourmet.com.br\/index.php\/2016\/08\/11\/restaurante-recem-inaugurado-ja-e-um-dos-mais-requisitados-de-sao-paulo\/","name":"Restaurante rec\u00e9m-inaugurado j\u00e1 \u00e9 um dos mais requisitados de S\u00e3o Paulo -","isPartOf":{"@id":"https:\/\/duplagourmet.com.br\/#website"},"datePublished":"2016-08-11T18:15:04+00:00","dateModified":"2016-08-11T23:42:12+00:00","breadcrumb":{"@id":"http:\/\/duplagourmet.com.br\/index.php\/2016\/08\/11\/restaurante-recem-inaugurado-ja-e-um-dos-mais-requisitados-de-sao-paulo\/#breadcrumb"},"inLanguage":"pt-BR","potentialAction":[{"@type":"ReadAction","target":["http:\/\/duplagourmet.com.br\/index.php\/2016\/08\/11\/restaurante-recem-inaugurado-ja-e-um-dos-mais-requisitados-de-sao-paulo\/"]}]},{"@type":"BreadcrumbList","@id":"http:\/\/duplagourmet.com.br\/index.php\/2016\/08\/11\/restaurante-recem-inaugurado-ja-e-um-dos-mais-requisitados-de-sao-paulo\/#breadcrumb","itemListElement":[{"@type":"ListItem","position":1,"name":"In\u00edcio","item":"https:\/\/duplagourmet.com.br\/"},{"@type":"ListItem","position":2,"name":"Restaurante rec\u00e9m-inaugurado j\u00e1 \u00e9 um dos mais requisitados de S\u00e3o Paulo"}]},{"@type":"WebSite","@id":"https:\/\/duplagourmet.com.br\/#website","url":"https:\/\/duplagourmet.com.br\/","name":"","description":"Site de Gastronomia e Viagens","publisher":{"@id":"https:\/\/duplagourmet.com.br\/#organization"},"potentialAction":[{"@type":"SearchAction","target":{"@type":"EntryPoint","urlTemplate":"https:\/\/duplagourmet.com.br\/?s={search_term_string}"},"query-input":"required name=search_term_string"}],"inLanguage":"pt-BR"},{"@type":"Organization","@id":"https:\/\/duplagourmet.com.br\/#organization","name":"Dupla Gourmet","url":"https:\/\/duplagourmet.com.br\/","logo":{"@type":"ImageObject","inLanguage":"pt-BR","@id":"https:\/\/duplagourmet.com.br\/#\/schema\/logo\/image\/","url":"https:\/\/i0.wp.com\/duplagourmet.com.br\/wp-content\/uploads\/2015\/07\/LOGO.jpg?fit=2120%2C1193&ssl=1","contentUrl":"https:\/\/i0.wp.com\/duplagourmet.com.br\/wp-content\/uploads\/2015\/07\/LOGO.jpg?fit=2120%2C1193&ssl=1","width":2120,"height":1193,"caption":"Dupla Gourmet"},"image":{"@id":"https:\/\/duplagourmet.com.br\/#\/schema\/logo\/image\/"},"sameAs":["https:\/\/www.facebook.com\/duplagourmet","https:\/\/twitter.com\/DuplaGourmet","https:\/\/instagram.com\/duplagourmet\/"]},{"@type":"Person","@id":"https:\/\/duplagourmet.com.br\/#\/schema\/person\/888065adf1bf32ae6ab307c7362db9b1","name":"Lais Trov\u00e3o","image":{"@type":"ImageObject","inLanguage":"pt-BR","@id":"https:\/\/duplagourmet.com.br\/#\/schema\/person\/image\/","url":"http:\/\/2.gravatar.com\/avatar\/21dda7f6b6103bd096caaf547327b1d9?s=96&d=mm&r=g","contentUrl":"http:\/\/2.gravatar.com\/avatar\/21dda7f6b6103bd096caaf547327b1d9?s=96&d=mm&r=g","caption":"Lais Trov\u00e3o"},"sameAs":["http:\/\/duplagourmet.com.br\/"],"url":"http:\/\/duplagourmet.com.br\/index.php\/author\/lais_divinohotmail-com\/"}]}},"jetpack_sharing_enabled":true,"jetpack_featured_media_url":"https:\/\/i0.wp.com\/duplagourmet.com.br\/wp-content\/uploads\/2016\/08\/duplagourmet-3.jpg?fit=900%2C600","jetpack_shortlink":"https:\/\/wp.me\/p67KK6-1lW","_links":{"self":[{"href":"http:\/\/duplagourmet.com.br\/index.php\/wp-json\/wp\/v2\/posts\/5204"}],"collection":[{"href":"http:\/\/duplagourmet.com.br\/index.php\/wp-json\/wp\/v2\/posts"}],"about":[{"href":"http:\/\/duplagourmet.com.br\/index.php\/wp-json\/wp\/v2\/types\/post"}],"author":[{"embeddable":true,"href":"http:\/\/duplagourmet.com.br\/index.php\/wp-json\/wp\/v2\/users\/1"}],"replies":[{"embeddable":true,"href":"http:\/\/duplagourmet.com.br\/index.php\/wp-json\/wp\/v2\/comments?post=5204"}],"version-history":[{"count":3,"href":"http:\/\/duplagourmet.com.br\/index.php\/wp-json\/wp\/v2\/posts\/5204\/revisions"}],"predecessor-version":[{"id":5228,"href":"http:\/\/duplagourmet.com.br\/index.php\/wp-json\/wp\/v2\/posts\/5204\/revisions\/5228"}],"wp:featuredmedia":[{"embeddable":true,"href":"http:\/\/duplagourmet.com.br\/index.php\/wp-json\/wp\/v2\/media\/5197"}],"wp:attachment":[{"href":"http:\/\/duplagourmet.com.br\/index.php\/wp-json\/wp\/v2\/media?parent=5204"}],"wp:term":[{"taxonomy":"category","embeddable":true,"href":"http:\/\/duplagourmet.com.br\/index.php\/wp-json\/wp\/v2\/categories?post=5204"},{"taxonomy":"post_tag","embeddable":true,"href":"http:\/\/duplagourmet.com.br\/index.php\/wp-json\/wp\/v2\/tags?post=5204"}],"curies":[{"name":"wp","href":"https:\/\/api.w.org\/{rel}","templated":true}]}}