{"id":3092,"date":"2016-04-02T01:11:57","date_gmt":"2016-04-02T01:11:57","guid":{"rendered":"http:\/\/duplagourmet.com.br\/?p=3092"},"modified":"2018-11-27T14:37:46","modified_gmt":"2018-11-27T14:37:46","slug":"festival-gastronomico-de-monte-verde","status":"publish","type":"post","link":"http:\/\/duplagourmet.com.br\/index.php\/2016\/04\/02\/festival-gastronomico-de-monte-verde\/","title":{"rendered":"Se voc\u00ea ama gastronomia e viagem, voc\u00ea precisa ver o que esta acontecendo agora em Monte Verde!"},"content":{"rendered":"<div class=\"0d3c8bb807db4512cec61ce0ce609918\" data-index=\"1\" style=\"float: right; margin:10px 0 10px 10px;\">\n<script async src=\"\/\/pagead2.googlesyndication.com\/pagead\/js\/adsbygoogle.js\"><\/script>\r\n<!-- Dupla -->\r\n<ins class=\"adsbygoogle\"\r\n     style=\"display:inline-block;width:336px;height:280px\"\r\n     data-ad-client=\"ca-pub-5223135331964240\"\r\n     data-ad-slot=\"1820166419\"><\/ins>\r\n<script>\r\n(adsbygoogle = window.adsbygoogle || []).push({});\r\n<\/script>\n<\/div>\n<p>Monte Verde \u00e9 um dos lugares mais rom\u00e2nticos e deliciosos que conhecemos!<\/p>\n<p>Fica apenas a 160 km da capital de S\u00e3o Paulo e realmente surpreende a todos aqueles que buscam descan\u00e7o, \u00a0boa gastronomia, hot\u00e9is e pousadas excepcionais, lojinhas de doces caseiros e atividades diversas.<\/p>\n<p><img decoding=\"async\" loading=\"lazy\" class=\"alignnone wp-image-3111 size-large\" src=\"https:\/\/i0.wp.com\/duplagourmet.com.br\/wp-content\/uploads\/2016\/04\/Festival-Monte-Verde-Dupla-Gourmet7.jpg?resize=800%2C533\" alt=\"Festival Monte Verde - Dupla Gourmet7\" width=\"800\" height=\"533\" srcset=\"https:\/\/i0.wp.com\/duplagourmet.com.br\/wp-content\/uploads\/2016\/04\/Festival-Monte-Verde-Dupla-Gourmet7.jpg?resize=1020%2C680 1020w, https:\/\/i0.wp.com\/duplagourmet.com.br\/wp-content\/uploads\/2016\/04\/Festival-Monte-Verde-Dupla-Gourmet7.jpg?resize=632%2C421 632w, https:\/\/i0.wp.com\/duplagourmet.com.br\/wp-content\/uploads\/2016\/04\/Festival-Monte-Verde-Dupla-Gourmet7.jpg?resize=768%2C512 768w, https:\/\/i0.wp.com\/duplagourmet.com.br\/wp-content\/uploads\/2016\/04\/Festival-Monte-Verde-Dupla-Gourmet7.jpg?resize=570%2C380 570w, https:\/\/i0.wp.com\/duplagourmet.com.br\/wp-content\/uploads\/2016\/04\/Festival-Monte-Verde-Dupla-Gourmet7.jpg?w=1600 1600w, https:\/\/i0.wp.com\/duplagourmet.com.br\/wp-content\/uploads\/2016\/04\/Festival-Monte-Verde-Dupla-Gourmet7.jpg?w=2400 2400w\" sizes=\"(max-width: 800px) 100vw, 800px\" data-recalc-dims=\"1\" \/><!--more--><\/p>\n<p>Hoje se inicia o 7\u00ba festival gastron\u00f4mico de Monte Verde. Um dos melhores festivais gastron\u00f4micos de Minas Gerais.<\/p>\n<p>O projeto funciona da seguinte maneira:<br \/>\nTodos os dias ocorrer\u00e3o cursos e Workshops palestrados por Chefs e especialistas do mundo da gastronomia.<br \/>\nOs cursos s\u00e3o gratuitos e palestrados na Casa da Gastronomia (Av. das montanhas, 75), um lugar bem caseirinho, com cara de Minas Gerais..uma del\u00edcia!<\/p>\n<p>&nbsp;<\/p>\n<div id=\"attachment_3130\" style=\"width: 810px\" class=\"wp-caption alignnone\"><img aria-describedby=\"caption-attachment-3130\" decoding=\"async\" loading=\"lazy\" class=\"wp-image-3130 size-large\" src=\"https:\/\/i0.wp.com\/duplagourmet.com.br\/wp-content\/uploads\/2016\/04\/IMG_0686.jpg?resize=800%2C544\" alt=\"IMG_0686\" width=\"800\" height=\"544\" srcset=\"https:\/\/i0.wp.com\/duplagourmet.com.br\/wp-content\/uploads\/2016\/04\/IMG_0686.jpg?resize=1020%2C693 1020w, https:\/\/i0.wp.com\/duplagourmet.com.br\/wp-content\/uploads\/2016\/04\/IMG_0686.jpg?resize=632%2C430 632w, https:\/\/i0.wp.com\/duplagourmet.com.br\/wp-content\/uploads\/2016\/04\/IMG_0686.jpg?resize=768%2C522 768w, https:\/\/i0.wp.com\/duplagourmet.com.br\/wp-content\/uploads\/2016\/04\/IMG_0686.jpg?resize=559%2C380 559w, https:\/\/i0.wp.com\/duplagourmet.com.br\/wp-content\/uploads\/2016\/04\/IMG_0686.jpg?w=1600 1600w, https:\/\/i0.wp.com\/duplagourmet.com.br\/wp-content\/uploads\/2016\/04\/IMG_0686.jpg?w=2400 2400w\" sizes=\"(max-width: 800px) 100vw, 800px\" data-recalc-dims=\"1\" \/><p id=\"caption-attachment-3130\" class=\"wp-caption-text\">Polpettone alla Parmigiana &#8211; Restaurante Cantina Portale di Napoli<\/p><\/div>\n<p>Para ver toda a agenda do evento, <a href=\"http:\/\/www.festivalmonteverde.com.br\/\">clique aqui.<\/a><br \/>\nAs inscri\u00e7\u00f5es s\u00e3o limitadas, por isso corra e reserve o seu lugar. \u00c9 s\u00f3 mandar um e-mail para: contato@acmonteverde.com.br \u00a0ou tiagomento@uol.com.br.<br \/>\nOutra coisa muito legal \u00e9 que quase todos os restaurantes da cidade estar\u00e3o participando do festival com um prato especial.<br \/>\nOs restaurantes parceiros v\u00e3o estar com uma placa na porta informando que fazem parte do festival.<br \/>\nO festival acontece do dia 01 ao dia 17 de abril.<\/p>\n<p>&nbsp;<\/p>\n<div id=\"attachment_3113\" style=\"width: 810px\" class=\"wp-caption alignnone\"><img aria-describedby=\"caption-attachment-3113\" decoding=\"async\" loading=\"lazy\" class=\"wp-image-3113 size-large\" src=\"https:\/\/i0.wp.com\/duplagourmet.com.br\/wp-content\/uploads\/2016\/04\/Festival-Monte-Verde-Dupla-Gourmet-11.jpg?resize=800%2C533\" alt=\"Festival Monte Verde - Dupla Gourmet 11\" width=\"800\" height=\"533\" srcset=\"https:\/\/i0.wp.com\/duplagourmet.com.br\/wp-content\/uploads\/2016\/04\/Festival-Monte-Verde-Dupla-Gourmet-11.jpg?resize=1020%2C680 1020w, https:\/\/i0.wp.com\/duplagourmet.com.br\/wp-content\/uploads\/2016\/04\/Festival-Monte-Verde-Dupla-Gourmet-11.jpg?resize=632%2C421 632w, https:\/\/i0.wp.com\/duplagourmet.com.br\/wp-content\/uploads\/2016\/04\/Festival-Monte-Verde-Dupla-Gourmet-11.jpg?resize=768%2C512 768w, https:\/\/i0.wp.com\/duplagourmet.com.br\/wp-content\/uploads\/2016\/04\/Festival-Monte-Verde-Dupla-Gourmet-11.jpg?resize=570%2C380 570w, https:\/\/i0.wp.com\/duplagourmet.com.br\/wp-content\/uploads\/2016\/04\/Festival-Monte-Verde-Dupla-Gourmet-11.jpg?w=1600 1600w, https:\/\/i0.wp.com\/duplagourmet.com.br\/wp-content\/uploads\/2016\/04\/Festival-Monte-Verde-Dupla-Gourmet-11.jpg?w=2400 2400w\" sizes=\"(max-width: 800px) 100vw, 800px\" data-recalc-dims=\"1\" \/><p id=\"caption-attachment-3113\" class=\"wp-caption-text\">Pr\u00edmulas &#8211; F\u00e1brica de Chocolates Gressoney<\/p><\/div>\n<p><img decoding=\"async\" loading=\"lazy\" class=\"alignnone wp-image-3108 size-large\" src=\"https:\/\/i0.wp.com\/duplagourmet.com.br\/wp-content\/uploads\/2016\/04\/Festival-Monte-Verde-Dupla-Gourmet-8.jpg?resize=800%2C533\" alt=\"Festival Monte Verde - Dupla Gourmet 8\" width=\"800\" height=\"533\" srcset=\"https:\/\/i0.wp.com\/duplagourmet.com.br\/wp-content\/uploads\/2016\/04\/Festival-Monte-Verde-Dupla-Gourmet-8.jpg?resize=1020%2C680 1020w, https:\/\/i0.wp.com\/duplagourmet.com.br\/wp-content\/uploads\/2016\/04\/Festival-Monte-Verde-Dupla-Gourmet-8.jpg?resize=632%2C421 632w, https:\/\/i0.wp.com\/duplagourmet.com.br\/wp-content\/uploads\/2016\/04\/Festival-Monte-Verde-Dupla-Gourmet-8.jpg?resize=768%2C512 768w, https:\/\/i0.wp.com\/duplagourmet.com.br\/wp-content\/uploads\/2016\/04\/Festival-Monte-Verde-Dupla-Gourmet-8.jpg?resize=570%2C380 570w, https:\/\/i0.wp.com\/duplagourmet.com.br\/wp-content\/uploads\/2016\/04\/Festival-Monte-Verde-Dupla-Gourmet-8.jpg?w=1600 1600w, https:\/\/i0.wp.com\/duplagourmet.com.br\/wp-content\/uploads\/2016\/04\/Festival-Monte-Verde-Dupla-Gourmet-8.jpg?w=2400 2400w\" sizes=\"(max-width: 800px) 100vw, 800px\" data-recalc-dims=\"1\" \/><\/p>\n<p>Participamos do jantar de abertura do festival em prol do canil de Camanducaia que foi realizado no restaurante Caf\u00e9 Pinh\u00e3o. Ficamos apaixonados por cada detalhe deste evento.<br \/>\nOs Chefs Ari Kespers, \u00a0S\u00f4nia Kohen, \u00a0Thiago Mentor, \u00a0Cacio Souza\u00a0e Talita Viza assinaram a autoria dos pratos apresentados.<br \/>\nO jantar foi servido no molde &#8221;menu degusta\u00e7\u00e3o&#8221;. Foram servidos uma sequ\u00eancia de seis pratos surpreendentes, que alegraram o nosso paladar. Destacamos dois pratos: Tortelli de queijo de cabra com mel de lavanda e azeite defumado e a torta de pera com sorvete e farofa de caramelo, que foi a grande estrela da noite!<\/p>\n<p>Isso foi apenas uma pequena pr\u00e9via do que o festival reserva para este ano.<\/p>\n<div id=\"attachment_3106\" style=\"width: 810px\" class=\"wp-caption alignnone\"><img aria-describedby=\"caption-attachment-3106\" decoding=\"async\" loading=\"lazy\" class=\"wp-image-3106 size-large\" src=\"https:\/\/i0.wp.com\/duplagourmet.com.br\/wp-content\/uploads\/2016\/04\/Festival-Monte-Verde-Dupla-Gourmet3.jpg?resize=800%2C533\" alt=\"Festival Monte Verde - Dupla Gourmet3\" width=\"800\" height=\"533\" srcset=\"https:\/\/i0.wp.com\/duplagourmet.com.br\/wp-content\/uploads\/2016\/04\/Festival-Monte-Verde-Dupla-Gourmet3.jpg?resize=1020%2C680 1020w, https:\/\/i0.wp.com\/duplagourmet.com.br\/wp-content\/uploads\/2016\/04\/Festival-Monte-Verde-Dupla-Gourmet3.jpg?resize=632%2C421 632w, https:\/\/i0.wp.com\/duplagourmet.com.br\/wp-content\/uploads\/2016\/04\/Festival-Monte-Verde-Dupla-Gourmet3.jpg?resize=768%2C512 768w, https:\/\/i0.wp.com\/duplagourmet.com.br\/wp-content\/uploads\/2016\/04\/Festival-Monte-Verde-Dupla-Gourmet3.jpg?resize=570%2C380 570w, https:\/\/i0.wp.com\/duplagourmet.com.br\/wp-content\/uploads\/2016\/04\/Festival-Monte-Verde-Dupla-Gourmet3.jpg?w=1600 1600w, https:\/\/i0.wp.com\/duplagourmet.com.br\/wp-content\/uploads\/2016\/04\/Festival-Monte-Verde-Dupla-Gourmet3.jpg?w=2400 2400w\" sizes=\"(max-width: 800px) 100vw, 800px\" data-recalc-dims=\"1\" \/><p id=\"caption-attachment-3106\" class=\"wp-caption-text\">Tortelli de queijo de cabra com mel de lavanda e azeite defumado<\/p><\/div>\n<p>Enfim&#8230;ainda esta semana, vamos dar dicas de hospedagem, restaurantes, passeios e muito mais do que essa cidade incr\u00edvel tem a oferecer!<\/p>\n<p>N\u00e3o poder\u00edamos deixar de falar o quanto antes sobre esse festival gastron\u00f4mico sensacional que acaba de come\u00e7ar!<\/p>\n<p>Se voc\u00ea ama uma boa gastronomia, n\u00e3o pode deixar de participar deste festival!<br \/>\nPrometo que voc\u00ea vai amar!<\/p>\n<p><img decoding=\"async\" loading=\"lazy\" class=\"alignnone wp-image-3109 size-large\" src=\"https:\/\/i0.wp.com\/duplagourmet.com.br\/wp-content\/uploads\/2016\/04\/Festival-Monte-Verde-Dupla-Gourmet-9.jpg?resize=800%2C533\" alt=\"Festival Monte Verde - Dupla Gourmet 9\" width=\"800\" height=\"533\" srcset=\"https:\/\/i0.wp.com\/duplagourmet.com.br\/wp-content\/uploads\/2016\/04\/Festival-Monte-Verde-Dupla-Gourmet-9.jpg?resize=1020%2C680 1020w, https:\/\/i0.wp.com\/duplagourmet.com.br\/wp-content\/uploads\/2016\/04\/Festival-Monte-Verde-Dupla-Gourmet-9.jpg?resize=632%2C421 632w, https:\/\/i0.wp.com\/duplagourmet.com.br\/wp-content\/uploads\/2016\/04\/Festival-Monte-Verde-Dupla-Gourmet-9.jpg?resize=768%2C512 768w, https:\/\/i0.wp.com\/duplagourmet.com.br\/wp-content\/uploads\/2016\/04\/Festival-Monte-Verde-Dupla-Gourmet-9.jpg?resize=570%2C380 570w, https:\/\/i0.wp.com\/duplagourmet.com.br\/wp-content\/uploads\/2016\/04\/Festival-Monte-Verde-Dupla-Gourmet-9.jpg?w=1600 1600w, https:\/\/i0.wp.com\/duplagourmet.com.br\/wp-content\/uploads\/2016\/04\/Festival-Monte-Verde-Dupla-Gourmet-9.jpg?w=2400 2400w\" sizes=\"(max-width: 800px) 100vw, 800px\" data-recalc-dims=\"1\" \/><\/p>\n\n<div style=\"font-size: 0px; height: 0px; line-height: 0px; margin: 0; padding: 0; clear: both;\"><\/div>","protected":false},"excerpt":{"rendered":"<p>Monte Verde \u00e9 um dos lugares mais rom\u00e2nticos e deliciosos que conhecemos! Fica apenas a 160 km da capital de S\u00e3o Paulo e realmente surpreende a todos aqueles que buscam descan\u00e7o, \u00a0boa gastronomia, hot\u00e9is e pousadas excepcionais, lojinhas de doces caseiros e atividades diversas.<\/p>\n","protected":false},"author":1,"featured_media":3111,"comment_status":"open","ping_status":"open","sticky":false,"template":"","format":"standard","meta":{"jetpack_post_was_ever_published":false,"_jetpack_newsletter_access":"","_jetpack_newsletter_tier_id":0},"categories":[270,236,225],"tags":[],"yoast_head":"<!-- This site is optimized with the Yoast SEO plugin v20.2.1 - https:\/\/yoast.com\/wordpress\/plugins\/seo\/ -->\n<title>Se voc\u00ea ama gastronomia e viagem, voc\u00ea precisa ver o que esta acontecendo agora em Monte Verde! -<\/title>\n<meta name=\"robots\" content=\"index, follow, max-snippet:-1, max-image-preview:large, max-video-preview:-1\" \/>\n<link rel=\"canonical\" href=\"https:\/\/duplagourmet.com.br\/index.php\/2016\/04\/02\/festival-gastronomico-de-monte-verde\/\" \/>\n<meta property=\"og:locale\" content=\"pt_BR\" \/>\n<meta property=\"og:type\" content=\"article\" \/>\n<meta property=\"og:title\" content=\"Se voc\u00ea ama gastronomia e viagem, voc\u00ea precisa ver o que esta acontecendo agora em Monte Verde! -\" \/>\n<meta property=\"og:description\" content=\"Monte Verde \u00e9 um dos lugares mais rom\u00e2nticos e deliciosos que conhecemos! Fica apenas a 160 km da capital de S\u00e3o Paulo e realmente surpreende a todos aqueles que buscam descan\u00e7o, \u00a0boa gastronomia, hot\u00e9is e pousadas excepcionais, lojinhas de doces caseiros e atividades diversas.\" \/>\n<meta property=\"og:url\" content=\"https:\/\/duplagourmet.com.br\/index.php\/2016\/04\/02\/festival-gastronomico-de-monte-verde\/\" \/>\n<meta property=\"article:publisher\" content=\"https:\/\/www.facebook.com\/duplagourmet\" \/>\n<meta property=\"article:published_time\" content=\"2016-04-02T01:11:57+00:00\" \/>\n<meta property=\"article:modified_time\" content=\"2018-11-27T14:37:46+00:00\" \/>\n<meta property=\"og:image\" content=\"https:\/\/i0.wp.com\/duplagourmet.com.br\/wp-content\/uploads\/2016\/04\/Festival-Monte-Verde-Dupla-Gourmet7.jpg?fit=4752%2C3168&ssl=1\" \/>\n\t<meta property=\"og:image:width\" content=\"4752\" \/>\n\t<meta property=\"og:image:height\" content=\"3168\" \/>\n\t<meta property=\"og:image:type\" content=\"image\/jpeg\" \/>\n<meta name=\"author\" content=\"Lais Trov\u00e3o\" \/>\n<meta name=\"twitter:card\" content=\"summary_large_image\" \/>\n<meta name=\"twitter:creator\" content=\"@DuplaGourmet\" \/>\n<meta name=\"twitter:site\" content=\"@DuplaGourmet\" \/>\n<meta name=\"twitter:label1\" content=\"Escrito por\" \/>\n\t<meta name=\"twitter:data1\" content=\"Lais Trov\u00e3o\" \/>\n\t<meta name=\"twitter:label2\" content=\"Est. tempo de leitura\" \/>\n\t<meta name=\"twitter:data2\" content=\"2 minutos\" \/>\n<script type=\"application\/ld+json\" class=\"yoast-schema-graph\">{\"@context\":\"https:\/\/schema.org\",\"@graph\":[{\"@type\":\"Article\",\"@id\":\"https:\/\/duplagourmet.com.br\/index.php\/2016\/04\/02\/festival-gastronomico-de-monte-verde\/#article\",\"isPartOf\":{\"@id\":\"https:\/\/duplagourmet.com.br\/index.php\/2016\/04\/02\/festival-gastronomico-de-monte-verde\/\"},\"author\":{\"name\":\"Lais Trov\u00e3o\",\"@id\":\"https:\/\/duplagourmet.com.br\/#\/schema\/person\/888065adf1bf32ae6ab307c7362db9b1\"},\"headline\":\"Se voc\u00ea ama gastronomia e viagem, voc\u00ea precisa ver o que esta acontecendo agora em Monte Verde!\",\"datePublished\":\"2016-04-02T01:11:57+00:00\",\"dateModified\":\"2018-11-27T14:37:46+00:00\",\"mainEntityOfPage\":{\"@id\":\"https:\/\/duplagourmet.com.br\/index.php\/2016\/04\/02\/festival-gastronomico-de-monte-verde\/\"},\"wordCount\":448,\"commentCount\":1,\"publisher\":{\"@id\":\"https:\/\/duplagourmet.com.br\/#organization\"},\"articleSection\":[\"Brasil\",\"Monte Verde\",\"Viagens\"],\"inLanguage\":\"pt-BR\",\"potentialAction\":[{\"@type\":\"CommentAction\",\"name\":\"Comment\",\"target\":[\"https:\/\/duplagourmet.com.br\/index.php\/2016\/04\/02\/festival-gastronomico-de-monte-verde\/#respond\"]}]},{\"@type\":\"WebPage\",\"@id\":\"https:\/\/duplagourmet.com.br\/index.php\/2016\/04\/02\/festival-gastronomico-de-monte-verde\/\",\"url\":\"https:\/\/duplagourmet.com.br\/index.php\/2016\/04\/02\/festival-gastronomico-de-monte-verde\/\",\"name\":\"Se voc\u00ea ama gastronomia e viagem, voc\u00ea precisa ver o que esta acontecendo agora em Monte Verde! -\",\"isPartOf\":{\"@id\":\"https:\/\/duplagourmet.com.br\/#website\"},\"datePublished\":\"2016-04-02T01:11:57+00:00\",\"dateModified\":\"2018-11-27T14:37:46+00:00\",\"breadcrumb\":{\"@id\":\"https:\/\/duplagourmet.com.br\/index.php\/2016\/04\/02\/festival-gastronomico-de-monte-verde\/#breadcrumb\"},\"inLanguage\":\"pt-BR\",\"potentialAction\":[{\"@type\":\"ReadAction\",\"target\":[\"https:\/\/duplagourmet.com.br\/index.php\/2016\/04\/02\/festival-gastronomico-de-monte-verde\/\"]}]},{\"@type\":\"BreadcrumbList\",\"@id\":\"https:\/\/duplagourmet.com.br\/index.php\/2016\/04\/02\/festival-gastronomico-de-monte-verde\/#breadcrumb\",\"itemListElement\":[{\"@type\":\"ListItem\",\"position\":1,\"name\":\"In\u00edcio\",\"item\":\"https:\/\/duplagourmet.com.br\/\"},{\"@type\":\"ListItem\",\"position\":2,\"name\":\"Se voc\u00ea ama gastronomia e viagem, voc\u00ea precisa ver o que esta acontecendo agora em Monte Verde!\"}]},{\"@type\":\"WebSite\",\"@id\":\"https:\/\/duplagourmet.com.br\/#website\",\"url\":\"https:\/\/duplagourmet.com.br\/\",\"name\":\"\",\"description\":\"Site de Gastronomia e Viagens\",\"publisher\":{\"@id\":\"https:\/\/duplagourmet.com.br\/#organization\"},\"potentialAction\":[{\"@type\":\"SearchAction\",\"target\":{\"@type\":\"EntryPoint\",\"urlTemplate\":\"https:\/\/duplagourmet.com.br\/?s={search_term_string}\"},\"query-input\":\"required name=search_term_string\"}],\"inLanguage\":\"pt-BR\"},{\"@type\":\"Organization\",\"@id\":\"https:\/\/duplagourmet.com.br\/#organization\",\"name\":\"Dupla Gourmet\",\"url\":\"https:\/\/duplagourmet.com.br\/\",\"logo\":{\"@type\":\"ImageObject\",\"inLanguage\":\"pt-BR\",\"@id\":\"https:\/\/duplagourmet.com.br\/#\/schema\/logo\/image\/\",\"url\":\"https:\/\/i0.wp.com\/duplagourmet.com.br\/wp-content\/uploads\/2015\/07\/LOGO.jpg?fit=2120%2C1193&ssl=1\",\"contentUrl\":\"https:\/\/i0.wp.com\/duplagourmet.com.br\/wp-content\/uploads\/2015\/07\/LOGO.jpg?fit=2120%2C1193&ssl=1\",\"width\":2120,\"height\":1193,\"caption\":\"Dupla Gourmet\"},\"image\":{\"@id\":\"https:\/\/duplagourmet.com.br\/#\/schema\/logo\/image\/\"},\"sameAs\":[\"https:\/\/www.facebook.com\/duplagourmet\",\"https:\/\/twitter.com\/DuplaGourmet\",\"https:\/\/instagram.com\/duplagourmet\/\"]},{\"@type\":\"Person\",\"@id\":\"https:\/\/duplagourmet.com.br\/#\/schema\/person\/888065adf1bf32ae6ab307c7362db9b1\",\"name\":\"Lais Trov\u00e3o\",\"image\":{\"@type\":\"ImageObject\",\"inLanguage\":\"pt-BR\",\"@id\":\"https:\/\/duplagourmet.com.br\/#\/schema\/person\/image\/\",\"url\":\"http:\/\/2.gravatar.com\/avatar\/21dda7f6b6103bd096caaf547327b1d9?s=96&d=mm&r=g\",\"contentUrl\":\"http:\/\/2.gravatar.com\/avatar\/21dda7f6b6103bd096caaf547327b1d9?s=96&d=mm&r=g\",\"caption\":\"Lais Trov\u00e3o\"},\"sameAs\":[\"http:\/\/duplagourmet.com.br\/\"],\"url\":\"http:\/\/duplagourmet.com.br\/index.php\/author\/lais_divinohotmail-com\/\"}]}<\/script>\n<!-- \/ Yoast SEO plugin. -->","yoast_head_json":{"title":"Se voc\u00ea ama gastronomia e viagem, voc\u00ea precisa ver o que esta acontecendo agora em Monte Verde! -","robots":{"index":"index","follow":"follow","max-snippet":"max-snippet:-1","max-image-preview":"max-image-preview:large","max-video-preview":"max-video-preview:-1"},"canonical":"https:\/\/duplagourmet.com.br\/index.php\/2016\/04\/02\/festival-gastronomico-de-monte-verde\/","og_locale":"pt_BR","og_type":"article","og_title":"Se voc\u00ea ama gastronomia e viagem, voc\u00ea precisa ver o que esta acontecendo agora em Monte Verde! -","og_description":"Monte Verde \u00e9 um dos lugares mais rom\u00e2nticos e deliciosos que conhecemos! Fica apenas a 160 km da capital de S\u00e3o Paulo e realmente surpreende a todos aqueles que buscam descan\u00e7o, \u00a0boa gastronomia, hot\u00e9is e pousadas excepcionais, lojinhas de doces caseiros e atividades diversas.","og_url":"https:\/\/duplagourmet.com.br\/index.php\/2016\/04\/02\/festival-gastronomico-de-monte-verde\/","article_publisher":"https:\/\/www.facebook.com\/duplagourmet","article_published_time":"2016-04-02T01:11:57+00:00","article_modified_time":"2018-11-27T14:37:46+00:00","og_image":[{"width":4752,"height":3168,"url":"https:\/\/i0.wp.com\/duplagourmet.com.br\/wp-content\/uploads\/2016\/04\/Festival-Monte-Verde-Dupla-Gourmet7.jpg?fit=4752%2C3168&ssl=1","type":"image\/jpeg"}],"author":"Lais Trov\u00e3o","twitter_card":"summary_large_image","twitter_creator":"@DuplaGourmet","twitter_site":"@DuplaGourmet","twitter_misc":{"Escrito por":"Lais Trov\u00e3o","Est. tempo de leitura":"2 minutos"},"schema":{"@context":"https:\/\/schema.org","@graph":[{"@type":"Article","@id":"https:\/\/duplagourmet.com.br\/index.php\/2016\/04\/02\/festival-gastronomico-de-monte-verde\/#article","isPartOf":{"@id":"https:\/\/duplagourmet.com.br\/index.php\/2016\/04\/02\/festival-gastronomico-de-monte-verde\/"},"author":{"name":"Lais Trov\u00e3o","@id":"https:\/\/duplagourmet.com.br\/#\/schema\/person\/888065adf1bf32ae6ab307c7362db9b1"},"headline":"Se voc\u00ea ama gastronomia e viagem, voc\u00ea precisa ver o que esta acontecendo agora em Monte Verde!","datePublished":"2016-04-02T01:11:57+00:00","dateModified":"2018-11-27T14:37:46+00:00","mainEntityOfPage":{"@id":"https:\/\/duplagourmet.com.br\/index.php\/2016\/04\/02\/festival-gastronomico-de-monte-verde\/"},"wordCount":448,"commentCount":1,"publisher":{"@id":"https:\/\/duplagourmet.com.br\/#organization"},"articleSection":["Brasil","Monte Verde","Viagens"],"inLanguage":"pt-BR","potentialAction":[{"@type":"CommentAction","name":"Comment","target":["https:\/\/duplagourmet.com.br\/index.php\/2016\/04\/02\/festival-gastronomico-de-monte-verde\/#respond"]}]},{"@type":"WebPage","@id":"https:\/\/duplagourmet.com.br\/index.php\/2016\/04\/02\/festival-gastronomico-de-monte-verde\/","url":"https:\/\/duplagourmet.com.br\/index.php\/2016\/04\/02\/festival-gastronomico-de-monte-verde\/","name":"Se voc\u00ea ama gastronomia e viagem, voc\u00ea precisa ver o que esta acontecendo agora em Monte Verde! -","isPartOf":{"@id":"https:\/\/duplagourmet.com.br\/#website"},"datePublished":"2016-04-02T01:11:57+00:00","dateModified":"2018-11-27T14:37:46+00:00","breadcrumb":{"@id":"https:\/\/duplagourmet.com.br\/index.php\/2016\/04\/02\/festival-gastronomico-de-monte-verde\/#breadcrumb"},"inLanguage":"pt-BR","potentialAction":[{"@type":"ReadAction","target":["https:\/\/duplagourmet.com.br\/index.php\/2016\/04\/02\/festival-gastronomico-de-monte-verde\/"]}]},{"@type":"BreadcrumbList","@id":"https:\/\/duplagourmet.com.br\/index.php\/2016\/04\/02\/festival-gastronomico-de-monte-verde\/#breadcrumb","itemListElement":[{"@type":"ListItem","position":1,"name":"In\u00edcio","item":"https:\/\/duplagourmet.com.br\/"},{"@type":"ListItem","position":2,"name":"Se voc\u00ea ama gastronomia e viagem, voc\u00ea precisa ver o que esta acontecendo agora em Monte Verde!"}]},{"@type":"WebSite","@id":"https:\/\/duplagourmet.com.br\/#website","url":"https:\/\/duplagourmet.com.br\/","name":"","description":"Site de Gastronomia e Viagens","publisher":{"@id":"https:\/\/duplagourmet.com.br\/#organization"},"potentialAction":[{"@type":"SearchAction","target":{"@type":"EntryPoint","urlTemplate":"https:\/\/duplagourmet.com.br\/?s={search_term_string}"},"query-input":"required name=search_term_string"}],"inLanguage":"pt-BR"},{"@type":"Organization","@id":"https:\/\/duplagourmet.com.br\/#organization","name":"Dupla Gourmet","url":"https:\/\/duplagourmet.com.br\/","logo":{"@type":"ImageObject","inLanguage":"pt-BR","@id":"https:\/\/duplagourmet.com.br\/#\/schema\/logo\/image\/","url":"https:\/\/i0.wp.com\/duplagourmet.com.br\/wp-content\/uploads\/2015\/07\/LOGO.jpg?fit=2120%2C1193&ssl=1","contentUrl":"https:\/\/i0.wp.com\/duplagourmet.com.br\/wp-content\/uploads\/2015\/07\/LOGO.jpg?fit=2120%2C1193&ssl=1","width":2120,"height":1193,"caption":"Dupla Gourmet"},"image":{"@id":"https:\/\/duplagourmet.com.br\/#\/schema\/logo\/image\/"},"sameAs":["https:\/\/www.facebook.com\/duplagourmet","https:\/\/twitter.com\/DuplaGourmet","https:\/\/instagram.com\/duplagourmet\/"]},{"@type":"Person","@id":"https:\/\/duplagourmet.com.br\/#\/schema\/person\/888065adf1bf32ae6ab307c7362db9b1","name":"Lais Trov\u00e3o","image":{"@type":"ImageObject","inLanguage":"pt-BR","@id":"https:\/\/duplagourmet.com.br\/#\/schema\/person\/image\/","url":"http:\/\/2.gravatar.com\/avatar\/21dda7f6b6103bd096caaf547327b1d9?s=96&d=mm&r=g","contentUrl":"http:\/\/2.gravatar.com\/avatar\/21dda7f6b6103bd096caaf547327b1d9?s=96&d=mm&r=g","caption":"Lais Trov\u00e3o"},"sameAs":["http:\/\/duplagourmet.com.br\/"],"url":"http:\/\/duplagourmet.com.br\/index.php\/author\/lais_divinohotmail-com\/"}]}},"jetpack_sharing_enabled":true,"jetpack_featured_media_url":"https:\/\/i0.wp.com\/duplagourmet.com.br\/wp-content\/uploads\/2016\/04\/Festival-Monte-Verde-Dupla-Gourmet7.jpg?fit=4752%2C3168","jetpack_shortlink":"https:\/\/wp.me\/p67KK6-NS","_links":{"self":[{"href":"http:\/\/duplagourmet.com.br\/index.php\/wp-json\/wp\/v2\/posts\/3092"}],"collection":[{"href":"http:\/\/duplagourmet.com.br\/index.php\/wp-json\/wp\/v2\/posts"}],"about":[{"href":"http:\/\/duplagourmet.com.br\/index.php\/wp-json\/wp\/v2\/types\/post"}],"author":[{"embeddable":true,"href":"http:\/\/duplagourmet.com.br\/index.php\/wp-json\/wp\/v2\/users\/1"}],"replies":[{"embeddable":true,"href":"http:\/\/duplagourmet.com.br\/index.php\/wp-json\/wp\/v2\/comments?post=3092"}],"version-history":[{"count":2,"href":"http:\/\/duplagourmet.com.br\/index.php\/wp-json\/wp\/v2\/posts\/3092\/revisions"}],"predecessor-version":[{"id":3631,"href":"http:\/\/duplagourmet.com.br\/index.php\/wp-json\/wp\/v2\/posts\/3092\/revisions\/3631"}],"wp:featuredmedia":[{"embeddable":true,"href":"http:\/\/duplagourmet.com.br\/index.php\/wp-json\/wp\/v2\/media\/3111"}],"wp:attachment":[{"href":"http:\/\/duplagourmet.com.br\/index.php\/wp-json\/wp\/v2\/media?parent=3092"}],"wp:term":[{"taxonomy":"category","embeddable":true,"href":"http:\/\/duplagourmet.com.br\/index.php\/wp-json\/wp\/v2\/categories?post=3092"},{"taxonomy":"post_tag","embeddable":true,"href":"http:\/\/duplagourmet.com.br\/index.php\/wp-json\/wp\/v2\/tags?post=3092"}],"curies":[{"name":"wp","href":"https:\/\/api.w.org\/{rel}","templated":true}]}}