{"id":208,"date":"2015-05-07T17:20:29","date_gmt":"2015-05-07T17:20:29","guid":{"rendered":"http:\/\/duplagourmet.com.br\/?p=208"},"modified":"2015-05-08T19:51:25","modified_gmt":"2015-05-08T19:51:25","slug":"dia-das-maes","status":"publish","type":"post","link":"http:\/\/duplagourmet.com.br\/index.php\/2015\/05\/07\/dia-das-maes\/","title":{"rendered":"Dia das M\u00e3es"},"content":{"rendered":"<div class=\"0d3c8bb807db4512cec61ce0ce609918\" data-index=\"1\" style=\"float: right; margin:10px 0 10px 10px;\">\n<script async src=\"\/\/pagead2.googlesyndication.com\/pagead\/js\/adsbygoogle.js\"><\/script>\r\n<!-- Dupla -->\r\n<ins class=\"adsbygoogle\"\r\n     style=\"display:inline-block;width:336px;height:280px\"\r\n     data-ad-client=\"ca-pub-5223135331964240\"\r\n     data-ad-slot=\"1820166419\"><\/ins>\r\n<script>\r\n(adsbygoogle = window.adsbygoogle || []).push({});\r\n<\/script>\n<\/div>\n<p>Estamos inciando hoje a categoria de decora\u00e7\u00e3o, com o foco de oferecer algumas dicas e tornar suas refei\u00e7\u00f5es ainda mais especiais!<br \/>\nTemos sempre em mente que esses pequenos detalhes ajudam a transmitir carinho e cuidado, seja com seus convidados ou mesmo com as pessoas que convivem com voc\u00ea diariamente.<\/p>\n<p>E como o dia das m\u00e3es esta chegando.. porque n\u00e3o fazer uma mesa especial para elas sem gastar muito?!<\/p>\n<p>Separamos algumas coisas aqui em casa, para te dar ideias e quem sabe n\u00e3o te motivar a fazer tamb\u00e9m?!<\/p>\n<p>Ent\u00e3o vamos l\u00e1:<\/p>\n<p>Colocamos uma mini garrafinha com uma mensagem dentro, junto com o porta guardanapo para ficar bem amor! Os vidrinhos de cima eu paguei 2 reais nessas lojinhas baratinhas, e da um efeito bem clean.<\/p>\n<p><a href=\"https:\/\/i0.wp.com\/duplagourmet.com.br\/wp-content\/uploads\/2015\/05\/MG_0046-e1431020762510.jpg\"><img decoding=\"async\" loading=\"lazy\" class=\"alignnone size-medium wp-image-211\" src=\"https:\/\/i0.wp.com\/duplagourmet.com.br\/wp-content\/uploads\/2015\/05\/MG_0046-e1431020762510-632x510.jpg?resize=632%2C510\" alt=\"_MG_0046\" width=\"632\" height=\"510\" srcset=\"https:\/\/i0.wp.com\/duplagourmet.com.br\/wp-content\/uploads\/2015\/05\/MG_0046-e1431020762510.jpg?resize=632%2C510 632w, https:\/\/i0.wp.com\/duplagourmet.com.br\/wp-content\/uploads\/2015\/05\/MG_0046-e1431020762510.jpg?resize=1020%2C823 1020w, https:\/\/i0.wp.com\/duplagourmet.com.br\/wp-content\/uploads\/2015\/05\/MG_0046-e1431020762510.jpg?resize=471%2C380 471w, https:\/\/i0.wp.com\/duplagourmet.com.br\/wp-content\/uploads\/2015\/05\/MG_0046-e1431020762510.jpg?w=1600 1600w, https:\/\/i0.wp.com\/duplagourmet.com.br\/wp-content\/uploads\/2015\/05\/MG_0046-e1431020762510.jpg?w=2400 2400w\" sizes=\"(max-width: 632px) 100vw, 632px\" data-recalc-dims=\"1\" \/><\/a><\/p>\n<p>J\u00e1 nesse modelo indicamos colocar uma foto em um porta bilhete ou em um porta retrato como a foto abaixo.<\/p>\n<p><a href=\"https:\/\/i0.wp.com\/duplagourmet.com.br\/wp-content\/uploads\/2015\/05\/IMG_0038-e1431020900311.jpg\"><img decoding=\"async\" loading=\"lazy\" class=\"alignnone  wp-image-228\" src=\"https:\/\/i0.wp.com\/duplagourmet.com.br\/wp-content\/uploads\/2015\/05\/IMG_0038-e1431020900311-632x493.jpg?resize=625%2C488\" alt=\"IMG_0038\" width=\"625\" height=\"488\" srcset=\"https:\/\/i0.wp.com\/duplagourmet.com.br\/wp-content\/uploads\/2015\/05\/IMG_0038-e1431020900311.jpg?resize=632%2C493 632w, https:\/\/i0.wp.com\/duplagourmet.com.br\/wp-content\/uploads\/2015\/05\/IMG_0038-e1431020900311.jpg?resize=1020%2C795 1020w, https:\/\/i0.wp.com\/duplagourmet.com.br\/wp-content\/uploads\/2015\/05\/IMG_0038-e1431020900311.jpg?resize=487%2C380 487w, https:\/\/i0.wp.com\/duplagourmet.com.br\/wp-content\/uploads\/2015\/05\/IMG_0038-e1431020900311.jpg?w=1600 1600w, https:\/\/i0.wp.com\/duplagourmet.com.br\/wp-content\/uploads\/2015\/05\/IMG_0038-e1431020900311.jpg?w=2400 2400w\" sizes=\"(max-width: 625px) 100vw, 625px\" data-recalc-dims=\"1\" \/><\/a><\/p>\n<p>Aqui trouxemos mais vida, com mini vasinho de flores com recado,e um porta guardanapo de bot\u00e3o( bem m\u00e3e isso n\u00e9?! rsrs)<\/p>\n<p><a href=\"https:\/\/i0.wp.com\/duplagourmet.com.br\/wp-content\/uploads\/2015\/05\/IMG_0016-e1431021076933.jpg\"><img decoding=\"async\" loading=\"lazy\" class=\"alignnone  wp-image-224\" src=\"https:\/\/i0.wp.com\/duplagourmet.com.br\/wp-content\/uploads\/2015\/05\/IMG_0016-e1431021076933-632x539.jpg?resize=637%2C543\" alt=\"IMG_0016\" width=\"637\" height=\"543\" srcset=\"https:\/\/i0.wp.com\/duplagourmet.com.br\/wp-content\/uploads\/2015\/05\/IMG_0016-e1431021076933.jpg?resize=632%2C539 632w, https:\/\/i0.wp.com\/duplagourmet.com.br\/wp-content\/uploads\/2015\/05\/IMG_0016-e1431021076933.jpg?resize=1020%2C869 1020w, https:\/\/i0.wp.com\/duplagourmet.com.br\/wp-content\/uploads\/2015\/05\/IMG_0016-e1431021076933.jpg?resize=446%2C380 446w, https:\/\/i0.wp.com\/duplagourmet.com.br\/wp-content\/uploads\/2015\/05\/IMG_0016-e1431021076933.jpg?w=1600 1600w, https:\/\/i0.wp.com\/duplagourmet.com.br\/wp-content\/uploads\/2015\/05\/IMG_0016-e1431021076933.jpg?w=2400 2400w\" sizes=\"(max-width: 637px) 100vw, 637px\" data-recalc-dims=\"1\" \/><\/a><\/p>\n<p>Mas se voc\u00ea ainda estiver pensando que precisa comprar alguns itens, vamos para outras id\u00e9ias extremamente gratuitas!<\/p>\n<p>Para come\u00e7ar utilize x\u00edcaras para fazer centro de mesas com flores naturais ou artificiais<\/p>\n<p><a href=\"https:\/\/i0.wp.com\/duplagourmet.com.br\/wp-content\/uploads\/2015\/05\/MG_0086.jpg\"><img decoding=\"async\" loading=\"lazy\" class=\"alignnone  wp-image-232\" src=\"https:\/\/i0.wp.com\/duplagourmet.com.br\/wp-content\/uploads\/2015\/05\/MG_0086.jpg?resize=619%2C412\" alt=\"_MG_0086\" width=\"619\" height=\"412\" srcset=\"https:\/\/i0.wp.com\/duplagourmet.com.br\/wp-content\/uploads\/2015\/05\/MG_0086.jpg?resize=632%2C421 632w, https:\/\/i0.wp.com\/duplagourmet.com.br\/wp-content\/uploads\/2015\/05\/MG_0086.jpg?resize=1020%2C680 1020w, https:\/\/i0.wp.com\/duplagourmet.com.br\/wp-content\/uploads\/2015\/05\/MG_0086.jpg?resize=570%2C380 570w, https:\/\/i0.wp.com\/duplagourmet.com.br\/wp-content\/uploads\/2015\/05\/MG_0086.jpg?w=1600 1600w, https:\/\/i0.wp.com\/duplagourmet.com.br\/wp-content\/uploads\/2015\/05\/MG_0086.jpg?w=2400 2400w\" sizes=\"(max-width: 619px) 100vw, 619px\" data-recalc-dims=\"1\" \/><\/a><\/p>\n<p>Esse sousplat\u00a0n\u00f3s fizemos com DISCO!! Sabe aquele disco da Xuxa que sua m\u00e3e comprou, porque voc\u00ea tinha implorado?!<br \/>\nEnt\u00e3o essa \u00e9 a hora\u00a0de utiliza-lo para uma boa a\u00e7\u00e3o!<br \/>\nS\u00f3 pegar retalhos de tecido e colar com cola quente na parte traseira.<\/p>\n<p><a href=\"https:\/\/i0.wp.com\/duplagourmet.com.br\/wp-content\/uploads\/2015\/05\/MG_0058-e1431024476335.jpg\"><img decoding=\"async\" loading=\"lazy\" class=\"alignnone size-medium wp-image-229\" src=\"https:\/\/i0.wp.com\/duplagourmet.com.br\/wp-content\/uploads\/2015\/05\/MG_0058-e1431024476335-632x518.jpg?resize=632%2C518\" alt=\"_MG_0058\" width=\"632\" height=\"518\" srcset=\"https:\/\/i0.wp.com\/duplagourmet.com.br\/wp-content\/uploads\/2015\/05\/MG_0058-e1431024476335.jpg?resize=632%2C518 632w, https:\/\/i0.wp.com\/duplagourmet.com.br\/wp-content\/uploads\/2015\/05\/MG_0058-e1431024476335.jpg?resize=1020%2C836 1020w, https:\/\/i0.wp.com\/duplagourmet.com.br\/wp-content\/uploads\/2015\/05\/MG_0058-e1431024476335.jpg?resize=464%2C380 464w, https:\/\/i0.wp.com\/duplagourmet.com.br\/wp-content\/uploads\/2015\/05\/MG_0058-e1431024476335.jpg?w=1600 1600w, https:\/\/i0.wp.com\/duplagourmet.com.br\/wp-content\/uploads\/2015\/05\/MG_0058-e1431024476335.jpg?w=2400 2400w\" sizes=\"(max-width: 632px) 100vw, 632px\" data-recalc-dims=\"1\" \/><\/a><\/p>\n<p>Essa dica eu acho uma gra\u00e7a! Pegue uma\u00a0\u00a0ta\u00e7a e vire ao contr\u00e1rio &#8230;dentro dela coloque flores naturais ou artificias e coloque uma vela na base da ta\u00e7a.<\/p>\n<p><a href=\"https:\/\/i0.wp.com\/duplagourmet.com.br\/wp-content\/uploads\/2015\/05\/IMG_0022.jpg\"><img decoding=\"async\" loading=\"lazy\" class=\"alignnone size-medium wp-image-226\" src=\"https:\/\/i0.wp.com\/duplagourmet.com.br\/wp-content\/uploads\/2015\/05\/IMG_0022.jpg?resize=632%2C421\" alt=\"IMG_0022\" width=\"632\" height=\"421\" srcset=\"https:\/\/i0.wp.com\/duplagourmet.com.br\/wp-content\/uploads\/2015\/05\/IMG_0022.jpg?resize=632%2C421 632w, https:\/\/i0.wp.com\/duplagourmet.com.br\/wp-content\/uploads\/2015\/05\/IMG_0022.jpg?resize=1020%2C680 1020w, https:\/\/i0.wp.com\/duplagourmet.com.br\/wp-content\/uploads\/2015\/05\/IMG_0022.jpg?resize=570%2C380 570w, https:\/\/i0.wp.com\/duplagourmet.com.br\/wp-content\/uploads\/2015\/05\/IMG_0022.jpg?w=1600 1600w, https:\/\/i0.wp.com\/duplagourmet.com.br\/wp-content\/uploads\/2015\/05\/IMG_0022.jpg?w=2400 2400w\" sizes=\"(max-width: 632px) 100vw, 632px\" data-recalc-dims=\"1\" \/><\/a><\/p>\n<p>E porque n\u00e3o finalizar com um modelo mais vintage, utilize aqueles livrinhos que com certeza voc\u00ea tem guardado e nunca utiliza (ou utiliza rsrs), \u00a0e ele servir\u00e1 como porta panela ou travessas.<\/p>\n<p><a href=\"https:\/\/i0.wp.com\/duplagourmet.com.br\/wp-content\/uploads\/2015\/05\/MG_0068.jpg\"><img decoding=\"async\" loading=\"lazy\" class=\"alignnone size-medium wp-image-239\" src=\"https:\/\/i0.wp.com\/duplagourmet.com.br\/wp-content\/uploads\/2015\/05\/MG_0068.jpg?resize=632%2C421\" alt=\"_MG_0068\" width=\"632\" height=\"421\" srcset=\"https:\/\/i0.wp.com\/duplagourmet.com.br\/wp-content\/uploads\/2015\/05\/MG_0068.jpg?resize=632%2C421 632w, https:\/\/i0.wp.com\/duplagourmet.com.br\/wp-content\/uploads\/2015\/05\/MG_0068.jpg?resize=1020%2C680 1020w, https:\/\/i0.wp.com\/duplagourmet.com.br\/wp-content\/uploads\/2015\/05\/MG_0068.jpg?resize=570%2C380 570w, https:\/\/i0.wp.com\/duplagourmet.com.br\/wp-content\/uploads\/2015\/05\/MG_0068.jpg?w=1600 1600w, https:\/\/i0.wp.com\/duplagourmet.com.br\/wp-content\/uploads\/2015\/05\/MG_0068.jpg?w=2400 2400w\" sizes=\"(max-width: 632px) 100vw, 632px\" data-recalc-dims=\"1\" \/><\/a><\/p>\n<p>Domingo esta ai! Espere que essas dicas motivem voc\u00eas!<\/p>\n<p>Pequenas atitudes fazem grandes diferen\u00e7as.<br \/>\nSe voc\u00ea esta apertado para comprar aquele presente, esse seu esfor\u00e7o e carinho com certeza valer\u00e1 muito mais!<\/p>\n\n<div style=\"font-size: 0px; height: 0px; line-height: 0px; margin: 0; padding: 0; clear: both;\"><\/div>","protected":false},"excerpt":{"rendered":"<p>Estamos inciando hoje a categoria de decora\u00e7\u00e3o, com o foco de oferecer algumas dicas e tornar suas refei\u00e7\u00f5es ainda mais especiais! Temos sempre em mente que esses pequenos detalhes ajudam a transmitir carinho e cuidado, seja com seus convidados ou mesmo com as pessoas que convivem com voc\u00ea diariamente. E como o dia das m\u00e3es [&hellip;]<\/p>\n","protected":false},"author":1,"featured_media":0,"comment_status":"open","ping_status":"open","sticky":false,"template":"","format":"standard","meta":{"jetpack_post_was_ever_published":false,"_jetpack_newsletter_access":"","_jetpack_newsletter_tier_id":0},"categories":[11],"tags":[],"yoast_head":"<!-- This site is optimized with the Yoast SEO plugin v20.2.1 - https:\/\/yoast.com\/wordpress\/plugins\/seo\/ -->\n<title>Dia das M\u00e3es -<\/title>\n<meta name=\"robots\" content=\"index, follow, max-snippet:-1, max-image-preview:large, max-video-preview:-1\" \/>\n<link rel=\"canonical\" href=\"http:\/\/duplagourmet.com.br\/index.php\/2015\/05\/07\/dia-das-maes\/\" \/>\n<meta property=\"og:locale\" content=\"pt_BR\" \/>\n<meta property=\"og:type\" content=\"article\" \/>\n<meta property=\"og:title\" content=\"Dia das M\u00e3es -\" \/>\n<meta property=\"og:description\" content=\"Estamos inciando hoje a categoria de decora\u00e7\u00e3o, com o foco de oferecer algumas dicas e tornar suas refei\u00e7\u00f5es ainda mais especiais! Temos sempre em mente que esses pequenos detalhes ajudam a transmitir carinho e cuidado, seja com seus convidados ou mesmo com as pessoas que convivem com voc\u00ea diariamente. E como o dia das m\u00e3es [&hellip;]\" \/>\n<meta property=\"og:url\" content=\"http:\/\/duplagourmet.com.br\/index.php\/2015\/05\/07\/dia-das-maes\/\" \/>\n<meta property=\"article:publisher\" content=\"https:\/\/www.facebook.com\/duplagourmet\" \/>\n<meta property=\"article:published_time\" content=\"2015-05-07T17:20:29+00:00\" \/>\n<meta property=\"article:modified_time\" content=\"2015-05-08T19:51:25+00:00\" \/>\n<meta property=\"og:image\" content=\"http:\/\/duplagourmet.com.br\/wp-content\/uploads\/2015\/05\/MG_0046-e1431020762510-632x510.jpg\" \/>\n<meta name=\"author\" content=\"Lais Trov\u00e3o\" \/>\n<meta name=\"twitter:card\" content=\"summary_large_image\" \/>\n<meta name=\"twitter:creator\" content=\"@DuplaGourmet\" \/>\n<meta name=\"twitter:site\" content=\"@DuplaGourmet\" \/>\n<meta name=\"twitter:label1\" content=\"Escrito por\" \/>\n\t<meta name=\"twitter:data1\" content=\"Lais Trov\u00e3o\" \/>\n\t<meta name=\"twitter:label2\" content=\"Est. tempo de leitura\" \/>\n\t<meta name=\"twitter:data2\" content=\"2 minutos\" \/>\n<script type=\"application\/ld+json\" class=\"yoast-schema-graph\">{\"@context\":\"https:\/\/schema.org\",\"@graph\":[{\"@type\":\"Article\",\"@id\":\"http:\/\/duplagourmet.com.br\/index.php\/2015\/05\/07\/dia-das-maes\/#article\",\"isPartOf\":{\"@id\":\"http:\/\/duplagourmet.com.br\/index.php\/2015\/05\/07\/dia-das-maes\/\"},\"author\":{\"name\":\"Lais Trov\u00e3o\",\"@id\":\"https:\/\/duplagourmet.com.br\/#\/schema\/person\/888065adf1bf32ae6ab307c7362db9b1\"},\"headline\":\"Dia das M\u00e3es\",\"datePublished\":\"2015-05-07T17:20:29+00:00\",\"dateModified\":\"2015-05-08T19:51:25+00:00\",\"mainEntityOfPage\":{\"@id\":\"http:\/\/duplagourmet.com.br\/index.php\/2015\/05\/07\/dia-das-maes\/\"},\"wordCount\":358,\"commentCount\":0,\"publisher\":{\"@id\":\"https:\/\/duplagourmet.com.br\/#organization\"},\"articleSection\":[\"Decora\u00e7\u00e3o\"],\"inLanguage\":\"pt-BR\",\"potentialAction\":[{\"@type\":\"CommentAction\",\"name\":\"Comment\",\"target\":[\"http:\/\/duplagourmet.com.br\/index.php\/2015\/05\/07\/dia-das-maes\/#respond\"]}]},{\"@type\":\"WebPage\",\"@id\":\"http:\/\/duplagourmet.com.br\/index.php\/2015\/05\/07\/dia-das-maes\/\",\"url\":\"http:\/\/duplagourmet.com.br\/index.php\/2015\/05\/07\/dia-das-maes\/\",\"name\":\"Dia das M\u00e3es -\",\"isPartOf\":{\"@id\":\"https:\/\/duplagourmet.com.br\/#website\"},\"datePublished\":\"2015-05-07T17:20:29+00:00\",\"dateModified\":\"2015-05-08T19:51:25+00:00\",\"breadcrumb\":{\"@id\":\"http:\/\/duplagourmet.com.br\/index.php\/2015\/05\/07\/dia-das-maes\/#breadcrumb\"},\"inLanguage\":\"pt-BR\",\"potentialAction\":[{\"@type\":\"ReadAction\",\"target\":[\"http:\/\/duplagourmet.com.br\/index.php\/2015\/05\/07\/dia-das-maes\/\"]}]},{\"@type\":\"BreadcrumbList\",\"@id\":\"http:\/\/duplagourmet.com.br\/index.php\/2015\/05\/07\/dia-das-maes\/#breadcrumb\",\"itemListElement\":[{\"@type\":\"ListItem\",\"position\":1,\"name\":\"In\u00edcio\",\"item\":\"https:\/\/duplagourmet.com.br\/\"},{\"@type\":\"ListItem\",\"position\":2,\"name\":\"Dia das M\u00e3es\"}]},{\"@type\":\"WebSite\",\"@id\":\"https:\/\/duplagourmet.com.br\/#website\",\"url\":\"https:\/\/duplagourmet.com.br\/\",\"name\":\"\",\"description\":\"Site de Gastronomia e Viagens\",\"publisher\":{\"@id\":\"https:\/\/duplagourmet.com.br\/#organization\"},\"potentialAction\":[{\"@type\":\"SearchAction\",\"target\":{\"@type\":\"EntryPoint\",\"urlTemplate\":\"https:\/\/duplagourmet.com.br\/?s={search_term_string}\"},\"query-input\":\"required name=search_term_string\"}],\"inLanguage\":\"pt-BR\"},{\"@type\":\"Organization\",\"@id\":\"https:\/\/duplagourmet.com.br\/#organization\",\"name\":\"Dupla Gourmet\",\"url\":\"https:\/\/duplagourmet.com.br\/\",\"logo\":{\"@type\":\"ImageObject\",\"inLanguage\":\"pt-BR\",\"@id\":\"https:\/\/duplagourmet.com.br\/#\/schema\/logo\/image\/\",\"url\":\"https:\/\/i0.wp.com\/duplagourmet.com.br\/wp-content\/uploads\/2015\/07\/LOGO.jpg?fit=2120%2C1193&ssl=1\",\"contentUrl\":\"https:\/\/i0.wp.com\/duplagourmet.com.br\/wp-content\/uploads\/2015\/07\/LOGO.jpg?fit=2120%2C1193&ssl=1\",\"width\":2120,\"height\":1193,\"caption\":\"Dupla Gourmet\"},\"image\":{\"@id\":\"https:\/\/duplagourmet.com.br\/#\/schema\/logo\/image\/\"},\"sameAs\":[\"https:\/\/www.facebook.com\/duplagourmet\",\"https:\/\/twitter.com\/DuplaGourmet\",\"https:\/\/instagram.com\/duplagourmet\/\"]},{\"@type\":\"Person\",\"@id\":\"https:\/\/duplagourmet.com.br\/#\/schema\/person\/888065adf1bf32ae6ab307c7362db9b1\",\"name\":\"Lais Trov\u00e3o\",\"image\":{\"@type\":\"ImageObject\",\"inLanguage\":\"pt-BR\",\"@id\":\"https:\/\/duplagourmet.com.br\/#\/schema\/person\/image\/\",\"url\":\"http:\/\/2.gravatar.com\/avatar\/21dda7f6b6103bd096caaf547327b1d9?s=96&d=mm&r=g\",\"contentUrl\":\"http:\/\/2.gravatar.com\/avatar\/21dda7f6b6103bd096caaf547327b1d9?s=96&d=mm&r=g\",\"caption\":\"Lais Trov\u00e3o\"},\"sameAs\":[\"http:\/\/duplagourmet.com.br\/\"],\"url\":\"http:\/\/duplagourmet.com.br\/index.php\/author\/lais_divinohotmail-com\/\"}]}<\/script>\n<!-- \/ Yoast SEO plugin. -->","yoast_head_json":{"title":"Dia das M\u00e3es -","robots":{"index":"index","follow":"follow","max-snippet":"max-snippet:-1","max-image-preview":"max-image-preview:large","max-video-preview":"max-video-preview:-1"},"canonical":"http:\/\/duplagourmet.com.br\/index.php\/2015\/05\/07\/dia-das-maes\/","og_locale":"pt_BR","og_type":"article","og_title":"Dia das M\u00e3es -","og_description":"Estamos inciando hoje a categoria de decora\u00e7\u00e3o, com o foco de oferecer algumas dicas e tornar suas refei\u00e7\u00f5es ainda mais especiais! Temos sempre em mente que esses pequenos detalhes ajudam a transmitir carinho e cuidado, seja com seus convidados ou mesmo com as pessoas que convivem com voc\u00ea diariamente. E como o dia das m\u00e3es [&hellip;]","og_url":"http:\/\/duplagourmet.com.br\/index.php\/2015\/05\/07\/dia-das-maes\/","article_publisher":"https:\/\/www.facebook.com\/duplagourmet","article_published_time":"2015-05-07T17:20:29+00:00","article_modified_time":"2015-05-08T19:51:25+00:00","og_image":[{"url":"http:\/\/duplagourmet.com.br\/wp-content\/uploads\/2015\/05\/MG_0046-e1431020762510-632x510.jpg"}],"author":"Lais Trov\u00e3o","twitter_card":"summary_large_image","twitter_creator":"@DuplaGourmet","twitter_site":"@DuplaGourmet","twitter_misc":{"Escrito por":"Lais Trov\u00e3o","Est. tempo de leitura":"2 minutos"},"schema":{"@context":"https:\/\/schema.org","@graph":[{"@type":"Article","@id":"http:\/\/duplagourmet.com.br\/index.php\/2015\/05\/07\/dia-das-maes\/#article","isPartOf":{"@id":"http:\/\/duplagourmet.com.br\/index.php\/2015\/05\/07\/dia-das-maes\/"},"author":{"name":"Lais Trov\u00e3o","@id":"https:\/\/duplagourmet.com.br\/#\/schema\/person\/888065adf1bf32ae6ab307c7362db9b1"},"headline":"Dia das M\u00e3es","datePublished":"2015-05-07T17:20:29+00:00","dateModified":"2015-05-08T19:51:25+00:00","mainEntityOfPage":{"@id":"http:\/\/duplagourmet.com.br\/index.php\/2015\/05\/07\/dia-das-maes\/"},"wordCount":358,"commentCount":0,"publisher":{"@id":"https:\/\/duplagourmet.com.br\/#organization"},"articleSection":["Decora\u00e7\u00e3o"],"inLanguage":"pt-BR","potentialAction":[{"@type":"CommentAction","name":"Comment","target":["http:\/\/duplagourmet.com.br\/index.php\/2015\/05\/07\/dia-das-maes\/#respond"]}]},{"@type":"WebPage","@id":"http:\/\/duplagourmet.com.br\/index.php\/2015\/05\/07\/dia-das-maes\/","url":"http:\/\/duplagourmet.com.br\/index.php\/2015\/05\/07\/dia-das-maes\/","name":"Dia das M\u00e3es -","isPartOf":{"@id":"https:\/\/duplagourmet.com.br\/#website"},"datePublished":"2015-05-07T17:20:29+00:00","dateModified":"2015-05-08T19:51:25+00:00","breadcrumb":{"@id":"http:\/\/duplagourmet.com.br\/index.php\/2015\/05\/07\/dia-das-maes\/#breadcrumb"},"inLanguage":"pt-BR","potentialAction":[{"@type":"ReadAction","target":["http:\/\/duplagourmet.com.br\/index.php\/2015\/05\/07\/dia-das-maes\/"]}]},{"@type":"BreadcrumbList","@id":"http:\/\/duplagourmet.com.br\/index.php\/2015\/05\/07\/dia-das-maes\/#breadcrumb","itemListElement":[{"@type":"ListItem","position":1,"name":"In\u00edcio","item":"https:\/\/duplagourmet.com.br\/"},{"@type":"ListItem","position":2,"name":"Dia das M\u00e3es"}]},{"@type":"WebSite","@id":"https:\/\/duplagourmet.com.br\/#website","url":"https:\/\/duplagourmet.com.br\/","name":"","description":"Site de Gastronomia e Viagens","publisher":{"@id":"https:\/\/duplagourmet.com.br\/#organization"},"potentialAction":[{"@type":"SearchAction","target":{"@type":"EntryPoint","urlTemplate":"https:\/\/duplagourmet.com.br\/?s={search_term_string}"},"query-input":"required name=search_term_string"}],"inLanguage":"pt-BR"},{"@type":"Organization","@id":"https:\/\/duplagourmet.com.br\/#organization","name":"Dupla Gourmet","url":"https:\/\/duplagourmet.com.br\/","logo":{"@type":"ImageObject","inLanguage":"pt-BR","@id":"https:\/\/duplagourmet.com.br\/#\/schema\/logo\/image\/","url":"https:\/\/i0.wp.com\/duplagourmet.com.br\/wp-content\/uploads\/2015\/07\/LOGO.jpg?fit=2120%2C1193&ssl=1","contentUrl":"https:\/\/i0.wp.com\/duplagourmet.com.br\/wp-content\/uploads\/2015\/07\/LOGO.jpg?fit=2120%2C1193&ssl=1","width":2120,"height":1193,"caption":"Dupla Gourmet"},"image":{"@id":"https:\/\/duplagourmet.com.br\/#\/schema\/logo\/image\/"},"sameAs":["https:\/\/www.facebook.com\/duplagourmet","https:\/\/twitter.com\/DuplaGourmet","https:\/\/instagram.com\/duplagourmet\/"]},{"@type":"Person","@id":"https:\/\/duplagourmet.com.br\/#\/schema\/person\/888065adf1bf32ae6ab307c7362db9b1","name":"Lais Trov\u00e3o","image":{"@type":"ImageObject","inLanguage":"pt-BR","@id":"https:\/\/duplagourmet.com.br\/#\/schema\/person\/image\/","url":"http:\/\/2.gravatar.com\/avatar\/21dda7f6b6103bd096caaf547327b1d9?s=96&d=mm&r=g","contentUrl":"http:\/\/2.gravatar.com\/avatar\/21dda7f6b6103bd096caaf547327b1d9?s=96&d=mm&r=g","caption":"Lais Trov\u00e3o"},"sameAs":["http:\/\/duplagourmet.com.br\/"],"url":"http:\/\/duplagourmet.com.br\/index.php\/author\/lais_divinohotmail-com\/"}]}},"jetpack_sharing_enabled":true,"jetpack_featured_media_url":"","jetpack_shortlink":"https:\/\/wp.me\/p67KK6-3m","_links":{"self":[{"href":"http:\/\/duplagourmet.com.br\/index.php\/wp-json\/wp\/v2\/posts\/208"}],"collection":[{"href":"http:\/\/duplagourmet.com.br\/index.php\/wp-json\/wp\/v2\/posts"}],"about":[{"href":"http:\/\/duplagourmet.com.br\/index.php\/wp-json\/wp\/v2\/types\/post"}],"author":[{"embeddable":true,"href":"http:\/\/duplagourmet.com.br\/index.php\/wp-json\/wp\/v2\/users\/1"}],"replies":[{"embeddable":true,"href":"http:\/\/duplagourmet.com.br\/index.php\/wp-json\/wp\/v2\/comments?post=208"}],"version-history":[{"count":0,"href":"http:\/\/duplagourmet.com.br\/index.php\/wp-json\/wp\/v2\/posts\/208\/revisions"}],"wp:attachment":[{"href":"http:\/\/duplagourmet.com.br\/index.php\/wp-json\/wp\/v2\/media?parent=208"}],"wp:term":[{"taxonomy":"category","embeddable":true,"href":"http:\/\/duplagourmet.com.br\/index.php\/wp-json\/wp\/v2\/categories?post=208"},{"taxonomy":"post_tag","embeddable":true,"href":"http:\/\/duplagourmet.com.br\/index.php\/wp-json\/wp\/v2\/tags?post=208"}],"curies":[{"name":"wp","href":"https:\/\/api.w.org\/{rel}","templated":true}]}}