{"id":1894,"date":"2015-11-05T12:03:33","date_gmt":"2015-11-05T12:03:33","guid":{"rendered":"http:\/\/duplagourmet.com.br\/?p=1894"},"modified":"2016-11-09T16:33:06","modified_gmt":"2016-11-09T16:33:06","slug":"10-experiencias-gastronomicas-surpreendentes-em-sao-paulo-2","status":"publish","type":"post","link":"http:\/\/duplagourmet.com.br\/index.php\/2015\/11\/05\/10-experiencias-gastronomicas-surpreendentes-em-sao-paulo-2\/","title":{"rendered":"10 experi\u00eancias gastron\u00f4micas surpreendentes em S\u00e3o Paulo"},"content":{"rendered":"<div class=\"0d3c8bb807db4512cec61ce0ce609918\" data-index=\"1\" style=\"float: right; margin:10px 0 10px 10px;\">\n<script async src=\"\/\/pagead2.googlesyndication.com\/pagead\/js\/adsbygoogle.js\"><\/script>\r\n<!-- Dupla -->\r\n<ins class=\"adsbygoogle\"\r\n     style=\"display:inline-block;width:336px;height:280px\"\r\n     data-ad-client=\"ca-pub-5223135331964240\"\r\n     data-ad-slot=\"1820166419\"><\/ins>\r\n<script>\r\n(adsbygoogle = window.adsbygoogle || []).push({});\r\n<\/script>\n<\/div>\n<p style=\"text-align: left;\"><span style=\"color: #000000;\">J\u00e1 pensou comer em um col\u00e9gio, na casa de um Chef famoso ou jantar com os olhos vendados?<br \/>\n<\/span><span style=\"color: #000000;\">Hoje trouxemos uma lista para quem \u00e9 apaixonado por novas experi\u00eancias e quer fugir do tradicional.<br \/>\n<\/span><span style=\"color: #000000;\">Separamos 10 lugares incr\u00edveis que envolve muita comida boa, pessoas que amam receber, culturas diferente, pratos de perfeita qualidade e ambientes inusitados!<br \/>\nCada uma destas propostas tem um toque especial e com muito carinho nos detalhes! <\/span><\/p>\n<p style=\"text-align: left;\"><span style=\"color: #000000;\">Se voc\u00ea cansou da monotonia e quer uma nova experi\u00eancia nesse incr\u00edvel mundo da gastronomia, vem com a gente!<\/span><\/p>\n<h3 style=\"text-align: center;\"><strong>Brunch Cantareira<\/strong><\/h3>\n<h4 style=\"text-align: center;\"><img decoding=\"async\" loading=\"lazy\" class=\"alignnone wp-image-5683 size-full\" src=\"https:\/\/i0.wp.com\/duplagourmet.com.br\/wp-content\/uploads\/2016\/09\/IMG_0088.jpg?resize=800%2C533\" alt=\"img_0088\" width=\"800\" height=\"533\" srcset=\"https:\/\/i0.wp.com\/duplagourmet.com.br\/wp-content\/uploads\/2016\/09\/IMG_0088.jpg?w=900 900w, https:\/\/i0.wp.com\/duplagourmet.com.br\/wp-content\/uploads\/2016\/09\/IMG_0088.jpg?resize=650%2C433 650w\" sizes=\"(max-width: 800px) 100vw, 800px\" data-recalc-dims=\"1\" \/><\/h4>\n<p><img decoding=\"async\" loading=\"lazy\" class=\"alignnone wp-image-5680 \" src=\"https:\/\/i0.wp.com\/duplagourmet.com.br\/wp-content\/uploads\/2016\/09\/IMG_0060-2.jpg?resize=800%2C526\" alt=\"img_0060\" width=\"800\" height=\"526\" srcset=\"https:\/\/i0.wp.com\/duplagourmet.com.br\/wp-content\/uploads\/2016\/09\/IMG_0060-2.jpg?w=900 900w, https:\/\/i0.wp.com\/duplagourmet.com.br\/wp-content\/uploads\/2016\/09\/IMG_0060-2.jpg?resize=650%2C428 650w\" sizes=\"(max-width: 800px) 100vw, 800px\" data-recalc-dims=\"1\" \/><\/p>\n<p style=\"text-align: left;\">O Brunch Cantareira \u00e9 simplesmente um dos projetos mais encantadores que j\u00e1 conhecemos!<br \/>\nUm casal super querido que sempre amou receber seus convidados em casa, percebeu que poderiam distribuir todo este carinho para pessoas apaixonadas em boas experi\u00eancias.<br \/>\nA casa deles \u00e9 encantadora, no meio da Serra da Cantareira com aquele cheirinho de mato que tanto amamos!<br \/>\nEles abrem o pedacinho do para\u00edso para servir um brunch completo com p\u00e3es artesanais, quiches quentinhas, sucos naturais, gel\u00e9ias caseiras e entre outras delicias.<br \/>\nEnquanto voc\u00ea espera o almo\u00e7o, \u00e9 poss\u00edvel descansar nos diversos espa\u00e7os, redes e cadeiras de balan\u00e7o que a casa disp\u00f5e.<br \/>\nTodas as mesas s\u00e3o montadas da forma mais delicada poss\u00edvel, com pratos de \u00f3timas apresenta\u00e7\u00f5es e cheios de sabor!<br \/>\nEnfim&#8230; o Brunch Cantareira \u00e9 s\u00f3 amor!<\/p>\n<p style=\"text-align: left;\"><span style=\"color: #000000;\"><strong>Reservas: <\/strong>brunchcantareira@uol.com.br<strong><a style=\"color: #000000;\" href=\"http:\/\/duplagourmet.com.br\/wp-content\/uploads\/2015\/10\/Bel-Coelho_2_Cr\u00e9ditos-paulo_mercadante-1024x683.jpg\"><br \/>\n<\/a><b style=\"color: #000000;\">Pre\u00e7o m\u00e9dio<\/b>\u00a0do menu completo: <\/strong>R$: 79,00<\/span><\/p>\n<h3 style=\"text-align: center;\"><strong><span style=\"color: #000000;\">Jantares Clandestinos &#8211; Trailer 55\u00a0<\/span><\/strong><\/h3>\n<p><img decoding=\"async\" loading=\"lazy\" class=\"alignnone wp-image-2998 size-large\" src=\"https:\/\/i0.wp.com\/duplagourmet.com.br\/wp-content\/uploads\/2015\/11\/Jantares-clandestinos-Dupla-Gourmet-e-Trailler-55-2.jpg?resize=800%2C533\" alt=\"Jantares clandestinos - Dupla Gourmet e Trailler 55 -2\" width=\"800\" height=\"533\" srcset=\"https:\/\/i0.wp.com\/duplagourmet.com.br\/wp-content\/uploads\/2015\/11\/Jantares-clandestinos-Dupla-Gourmet-e-Trailler-55-2.jpg?resize=1020%2C680 1020w, https:\/\/i0.wp.com\/duplagourmet.com.br\/wp-content\/uploads\/2015\/11\/Jantares-clandestinos-Dupla-Gourmet-e-Trailler-55-2.jpg?resize=632%2C421 632w, https:\/\/i0.wp.com\/duplagourmet.com.br\/wp-content\/uploads\/2015\/11\/Jantares-clandestinos-Dupla-Gourmet-e-Trailler-55-2.jpg?resize=768%2C512 768w, https:\/\/i0.wp.com\/duplagourmet.com.br\/wp-content\/uploads\/2015\/11\/Jantares-clandestinos-Dupla-Gourmet-e-Trailler-55-2.jpg?resize=570%2C380 570w, https:\/\/i0.wp.com\/duplagourmet.com.br\/wp-content\/uploads\/2015\/11\/Jantares-clandestinos-Dupla-Gourmet-e-Trailler-55-2.jpg?w=1600 1600w, https:\/\/i0.wp.com\/duplagourmet.com.br\/wp-content\/uploads\/2015\/11\/Jantares-clandestinos-Dupla-Gourmet-e-Trailler-55-2.jpg?w=2400 2400w\" sizes=\"(max-width: 800px) 100vw, 800px\" data-recalc-dims=\"1\" \/><\/p>\n<p><img decoding=\"async\" loading=\"lazy\" class=\"alignnone wp-image-2999 size-large\" src=\"https:\/\/i0.wp.com\/duplagourmet.com.br\/wp-content\/uploads\/2015\/11\/Jantares-clandestinos-Dupla-Gourmet-e-Trailler-55.jpg?resize=800%2C533\" alt=\"Jantares clandestinos - Dupla Gourmet e Trailler 55\" width=\"800\" height=\"533\" srcset=\"https:\/\/i0.wp.com\/duplagourmet.com.br\/wp-content\/uploads\/2015\/11\/Jantares-clandestinos-Dupla-Gourmet-e-Trailler-55.jpg?resize=1020%2C680 1020w, https:\/\/i0.wp.com\/duplagourmet.com.br\/wp-content\/uploads\/2015\/11\/Jantares-clandestinos-Dupla-Gourmet-e-Trailler-55.jpg?resize=632%2C421 632w, https:\/\/i0.wp.com\/duplagourmet.com.br\/wp-content\/uploads\/2015\/11\/Jantares-clandestinos-Dupla-Gourmet-e-Trailler-55.jpg?resize=768%2C512 768w, https:\/\/i0.wp.com\/duplagourmet.com.br\/wp-content\/uploads\/2015\/11\/Jantares-clandestinos-Dupla-Gourmet-e-Trailler-55.jpg?resize=570%2C380 570w, https:\/\/i0.wp.com\/duplagourmet.com.br\/wp-content\/uploads\/2015\/11\/Jantares-clandestinos-Dupla-Gourmet-e-Trailler-55.jpg?w=1600 1600w, https:\/\/i0.wp.com\/duplagourmet.com.br\/wp-content\/uploads\/2015\/11\/Jantares-clandestinos-Dupla-Gourmet-e-Trailler-55.jpg?w=2400 2400w\" sizes=\"(max-width: 800px) 100vw, 800px\" data-recalc-dims=\"1\" \/><br \/>\n<span style=\"color: #000000;\"><br \/>\nOs Jantares Clandestinos juntamente com o Trailer 55 tem uma proposta incr\u00edvel e simplesmente inesquec\u00edvel!<br \/>\nUm dos melhores jantares da nossa vida foi preparado por eles!<br \/>\nA id\u00e9ia \u00e9 o seguinte, o endere\u00e7o, o lugar e o card\u00e1pio s\u00e3o totalmente secretos.<br \/>\nE um dos pratos \u00e9 servido com o cliente totalmente vendado, mas relaxa..pode confiar&#8230;O Chef Lucas Maule simplesmente arrasa na cozinha!<br \/>\nA decora\u00e7\u00e3o, o casal anfitri\u00e3o, os pratos, o Chef, o ambiente, o Dj s\u00e3o simplesmente apaixonantes!<br \/>\nQuer um experi\u00eancia gastron\u00f4mica surreal?! Aqui \u00e9 o lugar!<\/span><\/p>\n<p><strong>Reservas :<\/strong>\u00a0jantaresclandestinos@gmail.com<br \/>\n<b>Pre\u00e7o M\u00e9dio do Menu Completo:<\/b> R$: 150,00 ( exceto bebidas)<\/p>\n<h3 style=\"text-align: center;\"><span style=\"color: #000000;\"><strong>Fechado para Jantar<\/strong><\/span><\/h3>\n<p><a href=\"https:\/\/i0.wp.com\/duplagourmet.com.br\/wp-content\/uploads\/2015\/11\/397821_558691194151297_1091613577_n.jpg\"><img decoding=\"async\" loading=\"lazy\" class=\"alignnone wp-image-1868\" src=\"https:\/\/i0.wp.com\/duplagourmet.com.br\/wp-content\/uploads\/2015\/11\/397821_558691194151297_1091613577_n.jpg?resize=800%2C533\" alt=\"397821_558691194151297_1091613577_n\" width=\"800\" height=\"533\" srcset=\"https:\/\/i0.wp.com\/duplagourmet.com.br\/wp-content\/uploads\/2015\/11\/397821_558691194151297_1091613577_n.jpg?w=600 600w, https:\/\/i0.wp.com\/duplagourmet.com.br\/wp-content\/uploads\/2015\/11\/397821_558691194151297_1091613577_n.jpg?resize=570%2C380 570w\" sizes=\"(max-width: 800px) 100vw, 800px\" data-recalc-dims=\"1\" \/><\/a><\/p>\n<div id=\"attachment_1869\" style=\"width: 810px\" class=\"wp-caption alignnone\"><a href=\"https:\/\/i0.wp.com\/duplagourmet.com.br\/wp-content\/uploads\/2015\/11\/1098361_600538746633208_231624958_n.jpg\"><img aria-describedby=\"caption-attachment-1869\" decoding=\"async\" loading=\"lazy\" class=\"wp-image-1869\" src=\"https:\/\/i0.wp.com\/duplagourmet.com.br\/wp-content\/uploads\/2015\/11\/1098361_600538746633208_231624958_n.jpg?resize=800%2C1200\" alt=\"1098361_600538746633208_231624958_n\" width=\"800\" height=\"1200\" srcset=\"https:\/\/i0.wp.com\/duplagourmet.com.br\/wp-content\/uploads\/2015\/11\/1098361_600538746633208_231624958_n.jpg?w=500 500w, https:\/\/i0.wp.com\/duplagourmet.com.br\/wp-content\/uploads\/2015\/11\/1098361_600538746633208_231624958_n.jpg?resize=253%2C380 253w\" sizes=\"(max-width: 800px) 100vw, 800px\" data-recalc-dims=\"1\" \/><\/a><p id=\"caption-attachment-1869\" class=\"wp-caption-text\">Fotos: Facebook Fechado para Jantar<\/p><\/div>\n<p style=\"text-align: left;\"><span style=\"color: #000000;\">Fechado para Jantar \u00e9 umas das id\u00e9ias mais legais e bem realizadas que conhecemos.<\/span><br \/>\n<span style=\"color: #000000;\">O objetivo \u00e9 fechar um cen\u00e1rio inusitado e fazer uma verdadeira festa gastron\u00f4mica!<\/span><br \/>\n<span style=\"color: #000000;\">Biblioteca, mercado italiano, col\u00e9gio, por\u00f5es de um teatro, cobertura de um pr\u00e9dio em constru\u00e7\u00e3o&#8230;todos estes lugares j\u00e1 presenciaram a perfeita comida do Chef \u00a0Raphael Despirite .<\/span><br \/>\n<span style=\"color: #000000;\">Todos os pratos s\u00e3o realmente inovadores, cheio de sabores e com uma apresenta\u00e7\u00e3o impec\u00e1vel.<\/span><br \/>\n<span style=\"color: #000000;\">A decora\u00e7\u00e3o \u00e9 bem personalizada com a proposta do dia.\u00a0Muita m\u00fasica ao vivo, luz de velas, decora\u00e7\u00e3o e comida de primeira em um ambiente in\u00e9dito \u00e9 uma das propostas do Fechado para Jantar!<\/span><br \/>\n<span style=\"color: #000000;\">O jantares s\u00e3o comprados antecipadamente e a maioria das vezes s\u00e3o vendidos pelo site Foodpass (site que amamos, por sinal!), mas \u00e9 sempre bom ficar ligadinho no Facebook deles.<\/span><\/p>\n<p><span style=\"color: #000000;\"><strong>Reservas:\u00a0<\/strong>https:\/\/foodpass.com.br\/<\/span><br \/>\n<span style=\"color: #000000;\"><b>Pre\u00e7o M\u00e9dio do Menu Completo: <\/b>R$:180,00<\/span><\/p>\n<h3 style=\"text-align: center;\"><span style=\"color: #000000;\"><strong>Clandestino<\/strong><\/span><\/h3>\n<p><a href=\"https:\/\/i0.wp.com\/duplagourmet.com.br\/wp-content\/uploads\/2015\/11\/beco-do-batman.jpg\"><img decoding=\"async\" loading=\"lazy\" class=\"alignnone wp-image-1887\" src=\"https:\/\/i0.wp.com\/duplagourmet.com.br\/wp-content\/uploads\/2015\/11\/beco-do-batman.jpg?resize=800%2C546\" alt=\"beco-do-batman\" width=\"800\" height=\"546\" srcset=\"https:\/\/i0.wp.com\/duplagourmet.com.br\/wp-content\/uploads\/2015\/11\/beco-do-batman.jpg?resize=632%2C431 632w, https:\/\/i0.wp.com\/duplagourmet.com.br\/wp-content\/uploads\/2015\/11\/beco-do-batman.jpg?resize=557%2C380 557w, https:\/\/i0.wp.com\/duplagourmet.com.br\/wp-content\/uploads\/2015\/11\/beco-do-batman.jpg?w=959 959w\" sizes=\"(max-width: 800px) 100vw, 800px\" data-recalc-dims=\"1\" \/><\/a><\/p>\n<div id=\"attachment_1850\" style=\"width: 810px\" class=\"wp-caption alignnone\"><a style=\"color: #000000;\" href=\"https:\/\/i0.wp.com\/duplagourmet.com.br\/wp-content\/uploads\/2015\/10\/431252_310147499041013_672545652_n.jpg\"><img aria-describedby=\"caption-attachment-1850\" decoding=\"async\" loading=\"lazy\" class=\"wp-image-1850\" src=\"https:\/\/i0.wp.com\/duplagourmet.com.br\/wp-content\/uploads\/2015\/10\/431252_310147499041013_672545652_n.jpg?resize=800%2C571\" alt=\"431252_310147499041013_672545652_n\" width=\"800\" height=\"571\" srcset=\"https:\/\/i0.wp.com\/duplagourmet.com.br\/wp-content\/uploads\/2015\/10\/431252_310147499041013_672545652_n.jpg?resize=632%2C451 632w, https:\/\/i0.wp.com\/duplagourmet.com.br\/wp-content\/uploads\/2015\/10\/431252_310147499041013_672545652_n.jpg?resize=532%2C380 532w, https:\/\/i0.wp.com\/duplagourmet.com.br\/wp-content\/uploads\/2015\/10\/431252_310147499041013_672545652_n.jpg?w=640 640w\" sizes=\"(max-width: 800px) 100vw, 800px\" data-recalc-dims=\"1\" \/><\/a><p id=\"caption-attachment-1850\" class=\"wp-caption-text\">Foto: Facebook Clandestino<\/p><\/div>\n<p><span style=\"color: #000000;\">O projeto Clandestino tem uma edi\u00e7\u00e3o mensal que realmente impressiona.<br \/>\nO Clandestino \u00e9 dirigido pela famosa Chef Bel Coelho que simplesmente\u00a0arrasa\u00a0na cozinha!<br \/>\nA proposta \u00e9 realmente algo mais informal, como se a Chef estivesse cozinhando com toda ousadia e liberdade para amigos em sua resid\u00eancia.<br \/>\nO Clandestino, ao contr\u00e1rio de outras propostas, possui um lugar fixo. Ele fica no Beco do Batman, na Vila Madalena.<br \/>\nLugar super charmoso, clima\u00a0incr\u00edvel e um menu degusta\u00e7\u00e3o de tirar o\u00a0f\u00f4lego!<br \/>\n<\/span><span style=\"color: #000000;\"><br \/>\n<strong>Reservas:\u00a0<\/strong><span style=\"color: #000000;\">11- 96055-7700 \u00a0ou\u00a0fabiomoreira@fabiomoreira.com\u00a0<\/span><br \/>\n<b>Pre\u00e7o M\u00e9dio do Menu Completo: <\/b>R$: 235,00<b><br \/>\n<\/b><\/span><\/p>\n<h2 style=\"text-align: center;\"><\/h2>\n<h4 style=\"text-align: center;\"><span style=\"color: #000000;\">\u00a0<strong>Jantar Secreto<\/strong><\/span><\/h4>\n<p><span style=\"color: #000000;\"><strong><a style=\"color: #000000;\" href=\"https:\/\/i0.wp.com\/duplagourmet.com.br\/wp-content\/uploads\/2015\/10\/MG_0005.jpg\"><img decoding=\"async\" loading=\"lazy\" class=\"alignnone wp-image-1861 size-large\" src=\"https:\/\/i0.wp.com\/duplagourmet.com.br\/wp-content\/uploads\/2015\/10\/MG_0005.jpg?resize=800%2C533\" alt=\"_MG_0005\" width=\"800\" height=\"533\" srcset=\"https:\/\/i0.wp.com\/duplagourmet.com.br\/wp-content\/uploads\/2015\/10\/MG_0005.jpg?resize=1020%2C680 1020w, https:\/\/i0.wp.com\/duplagourmet.com.br\/wp-content\/uploads\/2015\/10\/MG_0005.jpg?resize=632%2C421 632w, https:\/\/i0.wp.com\/duplagourmet.com.br\/wp-content\/uploads\/2015\/10\/MG_0005.jpg?resize=570%2C380 570w, https:\/\/i0.wp.com\/duplagourmet.com.br\/wp-content\/uploads\/2015\/10\/MG_0005.jpg?w=1600 1600w, https:\/\/i0.wp.com\/duplagourmet.com.br\/wp-content\/uploads\/2015\/10\/MG_0005.jpg?w=2400 2400w\" sizes=\"(max-width: 800px) 100vw, 800px\" data-recalc-dims=\"1\" \/><\/a><\/strong><\/span><\/p>\n<p><a href=\"https:\/\/i0.wp.com\/duplagourmet.com.br\/wp-content\/uploads\/2015\/10\/bolinha_queijo_jantar_secreto_larissa_januario.jpg\"><img decoding=\"async\" loading=\"lazy\" class=\"alignnone wp-image-1860 size-large\" src=\"https:\/\/i0.wp.com\/duplagourmet.com.br\/wp-content\/uploads\/2015\/10\/bolinha_queijo_jantar_secreto_larissa_januario.jpg?resize=800%2C568\" alt=\"bolinha_queijo_jantar_secreto_larissa_januario\" width=\"800\" height=\"568\" srcset=\"https:\/\/i0.wp.com\/duplagourmet.com.br\/wp-content\/uploads\/2015\/10\/bolinha_queijo_jantar_secreto_larissa_januario.jpg?resize=1020%2C724 1020w, https:\/\/i0.wp.com\/duplagourmet.com.br\/wp-content\/uploads\/2015\/10\/bolinha_queijo_jantar_secreto_larissa_januario.jpg?resize=632%2C449 632w, https:\/\/i0.wp.com\/duplagourmet.com.br\/wp-content\/uploads\/2015\/10\/bolinha_queijo_jantar_secreto_larissa_januario.jpg?resize=535%2C380 535w, https:\/\/i0.wp.com\/duplagourmet.com.br\/wp-content\/uploads\/2015\/10\/bolinha_queijo_jantar_secreto_larissa_januario.jpg?w=1024 1024w\" sizes=\"(max-width: 800px) 100vw, 800px\" data-recalc-dims=\"1\" \/><\/a><\/p>\n<p><span style=\"color: #000000;\">O Jantar Secreto\u00a0<span data-reactid=\".1.1.0.0.2.1.0.0.1\"><span data-reactid=\".1.1.0.0.2.1.0.0.1.$text2:0:$end:0\">possui uma proposta apaixonante!<br \/>\nVoc\u00ea fecha o jantar antecipadamente, e eles s\u00f3 te avisam o lugar algumas horas antes do evento!<br \/>\nPode ser em um est\u00fadio de fotografia, uma casa, \u00a0um jardim ou em qualquer lugar que sua imagina\u00e7\u00e3o deixar!<br \/>\nO jantar\u00a0<\/span><\/span>\u00e9 idealizado pelo casal de Chefs\u00a0Gustavo Rigueiral e Larissa Janu\u00e1rio que s\u00e3o para l\u00e1 de simp\u00e1ticos e talentosos!<\/span><br \/>\n<span style=\"color: #000000;\">O menu \u00e9 maravilhoso. \u00a0Se por acaso voc\u00ea for vegetariano, ou n\u00e3o curtir tanto algum alimento, \u00e9 s\u00f3 avisar na reserva ..eles v\u00e3o preparar algo, para te deixar flutuando de felicidade!<\/span><br \/>\n<span style=\"color: #000000;\"><strong><br \/>\nReservas:\u00a0<\/strong>https:\/\/foodpass.com.br\/ \u00a0ou\u00a0 jantares.secretos@gmail.com<strong><a style=\"color: #000000;\" href=\"http:\/\/duplagourmet.com.br\/wp-content\/uploads\/2015\/10\/Bel-Coelho_2_Cr\u00e9ditos-paulo_mercadante-1024x683.jpg\"><br \/>\n<\/a><b style=\"color: #000000;\">Pre\u00e7o m\u00e9dio<\/b>\u00a0do menu completo: <\/strong>R$:120,00<\/span><\/p>\n<h4 style=\"text-align: center;\"><span style=\"color: #000000;\"><strong>Ateli\u00ea no escuro<\/strong><\/span><\/h4>\n<p><a style=\"color: #000000;\" href=\"https:\/\/i0.wp.com\/duplagourmet.com.br\/wp-content\/uploads\/2015\/10\/EMI_2088.jpg\"><img decoding=\"async\" loading=\"lazy\" class=\"alignnone wp-image-1857\" src=\"https:\/\/i0.wp.com\/duplagourmet.com.br\/wp-content\/uploads\/2015\/10\/EMI_2088.jpg?resize=800%2C1198\" alt=\"Photo: Emiliano Capozoli www.emilianocapozoli.com emiliano.capozoli@gmail.com +55 11 9942 18 365, S. Paulo, Brazil *******PICTURE MUST BE CREDITED******\" width=\"800\" height=\"1198\" srcset=\"https:\/\/i0.wp.com\/duplagourmet.com.br\/wp-content\/uploads\/2015\/10\/EMI_2088.jpg?w=500 500w, https:\/\/i0.wp.com\/duplagourmet.com.br\/wp-content\/uploads\/2015\/10\/EMI_2088.jpg?resize=254%2C380 254w\" sizes=\"(max-width: 800px) 100vw, 800px\" data-recalc-dims=\"1\" \/><\/a><\/p>\n<p>J\u00e1 pensou comer com os olhos vendados? O Atelie no Escuro oferece essa proposta\u00a0incr\u00edvel.<br \/>\n<span style=\"color: #000000; line-height: 1.5;\">A id\u00e9ia \u00e9 realmente ter uma nova experi\u00eancia e conhecer a gastronomia com um &#8220;novo olhar&#8221;.<br \/>\n<\/span>Eles organizam jantares lindos e tem\u00e1ticos para que sua experi\u00eancia seja \u00fanica!<br \/>\nAhh algo muito importante&#8230; os pratos s\u00e3o simplesmente\u00a0incr\u00edveis e inovadores, o que dificultar\u00e1 de uma forma positiva a sua percep\u00e7\u00e3o de sabores.<br \/>\n<strong><a style=\"color: #000000;\" href=\"http:\/\/duplagourmet.com.br\/wp-content\/uploads\/2015\/10\/Bel-Coelho_2_Cr\u00e9ditos-paulo_mercadante-1024x683.jpg\"><br \/>\n<\/a>Reservas:\u00a0<\/strong><span style=\"color: #000000;\">contato@atelienoescuro.com.br\u00a0ou \u00a0www.atelienoescuro.com.br\u00a0ou\u00a0https:\/\/foodpass.com.br\/<\/span><strong><br \/>\n<b style=\"color: #000000;\">Pre\u00e7o m\u00e9dio<\/b><span style=\"color: #000000;\">\u00a0do menu completo: <\/span><\/strong><span style=\"color: #000000;\">R$: 180,00<\/span><\/p>\n<h3 style=\"text-align: center;\"><span style=\"color: #000000;\"><strong>\u00a0Casa do Araujo<\/strong><\/span><\/h3>\n<p style=\"text-align: left;\"><strong><a style=\"color: #000000;\" href=\"https:\/\/i0.wp.com\/duplagourmet.com.br\/wp-content\/uploads\/2015\/10\/12017450_1078767662133313_881557148939105221_o.jpg\"><img decoding=\"async\" loading=\"lazy\" class=\"alignnone wp-image-1864\" src=\"https:\/\/i0.wp.com\/duplagourmet.com.br\/wp-content\/uploads\/2015\/10\/12017450_1078767662133313_881557148939105221_o.jpg?resize=800%2C1200\" alt=\"12017450_1078767662133313_881557148939105221_o\" width=\"800\" height=\"1200\" srcset=\"https:\/\/i0.wp.com\/duplagourmet.com.br\/wp-content\/uploads\/2015\/10\/12017450_1078767662133313_881557148939105221_o.jpg?resize=632%2C948 632w, https:\/\/i0.wp.com\/duplagourmet.com.br\/wp-content\/uploads\/2015\/10\/12017450_1078767662133313_881557148939105221_o.jpg?resize=253%2C380 253w, https:\/\/i0.wp.com\/duplagourmet.com.br\/wp-content\/uploads\/2015\/10\/12017450_1078767662133313_881557148939105221_o.jpg?w=640 640w\" sizes=\"(max-width: 800px) 100vw, 800px\" data-recalc-dims=\"1\" \/><\/a><\/strong><\/p>\n<div id=\"attachment_1865\" style=\"width: 810px\" class=\"wp-caption alignnone\"><a href=\"https:\/\/i0.wp.com\/duplagourmet.com.br\/wp-content\/uploads\/2015\/10\/11059648_1058629534147126_2411465264435920508_n.jpg\"><img aria-describedby=\"caption-attachment-1865\" decoding=\"async\" loading=\"lazy\" class=\"wp-image-1865\" src=\"https:\/\/i0.wp.com\/duplagourmet.com.br\/wp-content\/uploads\/2015\/10\/11059648_1058629534147126_2411465264435920508_n.jpg?resize=800%2C1200\" alt=\"11059648_1058629534147126_2411465264435920508_n\" width=\"800\" height=\"1200\" srcset=\"https:\/\/i0.wp.com\/duplagourmet.com.br\/wp-content\/uploads\/2015\/10\/11059648_1058629534147126_2411465264435920508_n.jpg?resize=632%2C948 632w, https:\/\/i0.wp.com\/duplagourmet.com.br\/wp-content\/uploads\/2015\/10\/11059648_1058629534147126_2411465264435920508_n.jpg?resize=253%2C380 253w, https:\/\/i0.wp.com\/duplagourmet.com.br\/wp-content\/uploads\/2015\/10\/11059648_1058629534147126_2411465264435920508_n.jpg?w=640 640w\" sizes=\"(max-width: 800px) 100vw, 800px\" data-recalc-dims=\"1\" \/><\/a><p id=\"caption-attachment-1865\" class=\"wp-caption-text\">Fotos: Facebook Casa do Araujo<\/p><\/div>\n<p>T<span style=\"color: #000000;\">oda sexta-feira rola muita comida boa, m\u00fasica\u00a0agrad\u00e1vel\u00a0e\u00a0anfitri\u00f5es cheios de amor por este trabalho.<br \/>\nA Casa do Araujo \u00e9 um projeto desenvolvido por\u00a0Gustavo Araujo, autodidata e extremamente apaixonado pela gastronomia. Transmite isso para os pratos servidos aos seus convidados.<br \/>\n<\/span><span style=\"color: #000000;\">A casinha \u00e9 super charmosa e fica localizada no cora\u00e7\u00e3o da vila mariana.<\/span><\/p>\n<p><span style=\"color: #000000;\"><strong>Reservas:\u00a0<\/strong>gustavo@casadoaraujo.com.br<\/span><span style=\"color: #000000;\"><br \/>\n<\/span><\/p>\n<h3 style=\"text-align: center;\"><span style=\"color: #000000;\"><strong>Bia Goll<\/strong><\/span><a href=\"http:\/\/duplagourmet.com.br\/wp-content\/uploads\/2015\/11\/1098303_568757696499763_985001395_n.jpg\"><br \/>\n<\/a><br \/>\n<a href=\"https:\/\/i0.wp.com\/duplagourmet.com.br\/wp-content\/uploads\/2015\/11\/lo3d5598-jpg.jpeg\"><img decoding=\"async\" loading=\"lazy\" class=\"alignnone wp-image-1874\" src=\"https:\/\/i0.wp.com\/duplagourmet.com.br\/wp-content\/uploads\/2015\/11\/lo3d5598-jpg.jpeg?resize=800%2C541\" alt=\"lo3d5598-jpg\" width=\"800\" height=\"541\" srcset=\"https:\/\/i0.wp.com\/duplagourmet.com.br\/wp-content\/uploads\/2015\/11\/lo3d5598-jpg.jpeg?w=620 620w, https:\/\/i0.wp.com\/duplagourmet.com.br\/wp-content\/uploads\/2015\/11\/lo3d5598-jpg.jpeg?resize=360%2C242 360w, https:\/\/i0.wp.com\/duplagourmet.com.br\/wp-content\/uploads\/2015\/11\/lo3d5598-jpg.jpeg?resize=562%2C380 562w\" sizes=\"(max-width: 800px) 100vw, 800px\" data-recalc-dims=\"1\" \/><\/a><\/h3>\n<div id=\"attachment_1876\" style=\"width: 810px\" class=\"wp-caption alignnone\"><a href=\"https:\/\/i0.wp.com\/duplagourmet.com.br\/wp-content\/uploads\/2015\/11\/1098303_568757696499763_985001395_n.jpg\"><img aria-describedby=\"caption-attachment-1876\" decoding=\"async\" loading=\"lazy\" class=\"wp-image-1876\" src=\"https:\/\/i0.wp.com\/duplagourmet.com.br\/wp-content\/uploads\/2015\/11\/1098303_568757696499763_985001395_n.jpg?resize=800%2C536\" alt=\"1098303_568757696499763_985001395_n\" width=\"800\" height=\"536\" srcset=\"https:\/\/i0.wp.com\/duplagourmet.com.br\/wp-content\/uploads\/2015\/11\/1098303_568757696499763_985001395_n.jpg?resize=632%2C423 632w, https:\/\/i0.wp.com\/duplagourmet.com.br\/wp-content\/uploads\/2015\/11\/1098303_568757696499763_985001395_n.jpg?resize=360%2C242 360w, https:\/\/i0.wp.com\/duplagourmet.com.br\/wp-content\/uploads\/2015\/11\/1098303_568757696499763_985001395_n.jpg?resize=567%2C380 567w, https:\/\/i0.wp.com\/duplagourmet.com.br\/wp-content\/uploads\/2015\/11\/1098303_568757696499763_985001395_n.jpg?w=960 960w\" sizes=\"(max-width: 800px) 100vw, 800px\" data-recalc-dims=\"1\" \/><\/a><p id=\"caption-attachment-1876\" class=\"wp-caption-text\">Fotos: EatWith \/ Mario Rodrigues<\/p><\/div>\n<p>A Chef Bia Goll, juntamente com a sua parceira Lu\u00edza, realizam diversos eventos personalizados, brunch&#8217;s incr\u00edveis, mas o que mais amamos s\u00e3o os almo\u00e7os e jantares realizados na pr\u00f3pria casa da Bia.\u00a0Uma casa super charmosa, no cora\u00e7\u00e3o do bairro Consola\u00e7\u00e3o.<br \/>\nBia participa de uma rede, onde s\u00e3o marcadas por dia e hor\u00e1rio jantares na casa de grandes chefs como ela. A rede EatWith une cozinheiros e visitantes de v\u00e1rios pa\u00edses.<br \/>\nO que torna normal comer na parceria de turistas do mundo inteiro. Afinal..todos amam essa cozinheira de verdade!<\/p>\n<p><span style=\"color: #000000;\"><strong>R<\/strong><strong>eservas:<\/strong>\u00a0<strong style=\"color: #000000;\">\u00a0<\/strong>www.eatwith.com<\/span><span style=\"color: #000000;\"><br \/>\n<\/span><span style=\"color: #000000;\"><strong><strong><b style=\"color: #000000;\">Pre\u00e7o m\u00e9dio<\/b><span style=\"color: #000000;\">\u00a0do menu completo: <\/span><\/strong><\/strong><span style=\"color: #000000;\">R$: 140,00<\/span><\/span><\/p>\n<h3 style=\"text-align: center;\"><span style=\"color: #000000;\"><strong>Patu\u00e1 da Baiana\u00a0<\/strong><\/span><\/h3>\n<p><a href=\"https:\/\/i0.wp.com\/duplagourmet.com.br\/wp-content\/uploads\/2015\/10\/patuaba1.jpg\"><img decoding=\"async\" loading=\"lazy\" class=\"alignnone wp-image-1856\" src=\"https:\/\/i0.wp.com\/duplagourmet.com.br\/wp-content\/uploads\/2015\/10\/patuaba1.jpg?resize=800%2C1391\" alt=\"patuaba1\" width=\"800\" height=\"1391\" srcset=\"https:\/\/i0.wp.com\/duplagourmet.com.br\/wp-content\/uploads\/2015\/10\/patuaba1.jpg?w=340 340w, https:\/\/i0.wp.com\/duplagourmet.com.br\/wp-content\/uploads\/2015\/10\/patuaba1.jpg?resize=219%2C380 219w\" sizes=\"(max-width: 800px) 100vw, 800px\" data-recalc-dims=\"1\" \/><\/a><\/p>\n<div id=\"attachment_1855\" style=\"width: 810px\" class=\"wp-caption alignnone\"><a href=\"https:\/\/i0.wp.com\/duplagourmet.com.br\/wp-content\/uploads\/2015\/10\/12143150_1051684111522591_1070389032562598482_n.jpg\"><img aria-describedby=\"caption-attachment-1855\" decoding=\"async\" loading=\"lazy\" class=\"wp-image-1855\" src=\"https:\/\/i0.wp.com\/duplagourmet.com.br\/wp-content\/uploads\/2015\/10\/12143150_1051684111522591_1070389032562598482_n.jpg?resize=800%2C533\" alt=\"12143150_1051684111522591_1070389032562598482_n\" width=\"800\" height=\"533\" data-recalc-dims=\"1\" \/><\/a><p id=\"caption-attachment-1855\" class=\"wp-caption-text\">Fotos: Marisa Cauduro\/ Facebook Patu\u00e1 da Baiana<\/p><\/div>\n<p><span style=\"color: #000000;\">Pensa em uma baiana simp\u00e1tica?!<\/span><br \/>\n<span style=\"color: #000000;\">Essa sem sombra de d\u00favidas \u00e9 a\u00a0H\u00e9lia Bispo S\u00e1, conhecida como &#8220;B\u00e1&#8221;!<\/span><br \/>\n<span style=\"color: #000000;\">Ela recebe seus convidados em um casa super\u00a0charmosa, cheio de mimos, simpatia e comida impressionante!<\/span><br \/>\n<span style=\"color: #000000;\">O menu sempre inclui o Acaraj\u00e9, que diga-se de passagem \u00e9 o melhor que j\u00e1 comemos!<\/span><br \/>\n<span style=\"color: #000000;\">Isso sem falar nos deliciosos pratos tradicionais da culin\u00e1ria baiana, como bob\u00f3 de camar\u00e3o e moqueca de peixe.<\/span><br \/>\n<span style=\"color: #000000;\">Ela recebe sempre amigos, amigos de amigos ou qualquer pessoa que conquiste o seu cora\u00e7\u00e3o na hora da reserva.<\/span><\/p>\n<p style=\"text-align: left;\"><span style=\"color: #000000;\"><strong>Reservas: \u00a0<\/strong>Patuadabaiana@bol.com.br ou\u00a011 3115-0513 ou\u00a0www.homebistro.com.br<strong><br \/>\n<\/strong><b>Pre\u00e7o M\u00e9dio do menu completo: \u00a0<\/b>R$:120,00<\/span><\/p>\n<h4 style=\"text-align: center;\"><strong><span style=\"color: #000000;\">\u00a0Sabores no Copan<\/span><\/strong><\/h4>\n<p><a style=\"color: #000000;\" href=\"https:\/\/i0.wp.com\/duplagourmet.com.br\/wp-content\/uploads\/2015\/11\/restaurant_20_600x600_MXPVTxq.jpg\"><img decoding=\"async\" loading=\"lazy\" class=\"alignnone wp-image-1889\" src=\"https:\/\/i0.wp.com\/duplagourmet.com.br\/wp-content\/uploads\/2015\/11\/restaurant_20_600x600_MXPVTxq.jpg?resize=800%2C800\" alt=\"restaurant_20_600x600_MXPVTxq\" width=\"800\" height=\"800\" srcset=\"https:\/\/i0.wp.com\/duplagourmet.com.br\/wp-content\/uploads\/2015\/11\/restaurant_20_600x600_MXPVTxq.jpg?w=600 600w, https:\/\/i0.wp.com\/duplagourmet.com.br\/wp-content\/uploads\/2015\/11\/restaurant_20_600x600_MXPVTxq.jpg?resize=90%2C90 90w, https:\/\/i0.wp.com\/duplagourmet.com.br\/wp-content\/uploads\/2015\/11\/restaurant_20_600x600_MXPVTxq.jpg?resize=380%2C380 380w\" sizes=\"(max-width: 800px) 100vw, 800px\" data-recalc-dims=\"1\" \/><\/a><\/p>\n<div id=\"attachment_1888\" style=\"width: 810px\" class=\"wp-caption alignnone\"><img aria-describedby=\"caption-attachment-1888\" decoding=\"async\" loading=\"lazy\" class=\"wp-image-1888\" src=\"https:\/\/i0.wp.com\/duplagourmet.com.br\/wp-content\/uploads\/2015\/11\/restaurant_20_600x600_91zMjL6.jpg?resize=800%2C800\" alt=\"restaurant_20_600x600_91zMjL6\" width=\"800\" height=\"800\" srcset=\"https:\/\/i0.wp.com\/duplagourmet.com.br\/wp-content\/uploads\/2015\/11\/restaurant_20_600x600_91zMjL6.jpg?w=600 600w, https:\/\/i0.wp.com\/duplagourmet.com.br\/wp-content\/uploads\/2015\/11\/restaurant_20_600x600_91zMjL6.jpg?resize=90%2C90 90w, https:\/\/i0.wp.com\/duplagourmet.com.br\/wp-content\/uploads\/2015\/11\/restaurant_20_600x600_91zMjL6.jpg?resize=380%2C380 380w\" sizes=\"(max-width: 800px) 100vw, 800px\" data-recalc-dims=\"1\" \/><p id=\"caption-attachment-1888\" class=\"wp-caption-text\">Fotos: Angelo DalB\u00f3<\/p><\/div>\n<p><span style=\"color: #000000;\"><span style=\"color: #000000;\">A Chef Candida Balensiefer tamb\u00e9m trabalha com este conceito\u00a0<\/span>incr\u00edvel<span style=\"color: #000000;\">\u00a0de abrir as portas da sua casa para\u00a0mostrar todo o seu talento na cozinha!<\/span><br \/>\n<span style=\"color: #000000;\">Uma anfitri\u00e3 excelente que se preocupa com os\u00a0m\u00ednimos\u00a0detalhes.<\/span><br \/>\n<span style=\"color: #000000;\">O jantar \u00e9 servido no\u00a0 29\u00b0 andar do famoso Edif\u00edcio Copan, uma vista\u00a0incr\u00edvel\u00a0em um lugar\u00a0apaixonante!<\/span><br \/>\nCandida fez gastronomia<span style=\"color: #000000;\">\u00a0em Barcelona, e traz tudo que aprendeu em seus deliciosos pratos.<\/span><\/span><\/p>\n<p><span style=\"color: #000000;\"><strong>Reservas:<\/strong> \u00a0http:\/\/www.homebistro.com.br\/evento\/sabores-no-copan<br \/>\n<strong>Pre\u00e7o M\u00e9dio do menu completo: \u00a0<\/strong>R$:90,00<\/span><\/p>\n<p>&nbsp;<\/p>\n<h2 style=\"text-align: center;\"><span style=\"color: #000000;\"><b>Siga-nos no instagram &#8211; @duplagourmet<\/b><\/span><\/h2>\n\n<div style=\"font-size: 0px; height: 0px; line-height: 0px; margin: 0; padding: 0; clear: both;\"><\/div>","protected":false},"excerpt":{"rendered":"<p>J\u00e1 pensou comer em um col\u00e9gio, na casa de um Chef famoso ou jantar com os olhos vendados? Hoje trouxemos uma lista para quem \u00e9 apaixonado por novas experi\u00eancias e quer fugir do tradicional. Separamos 10 lugares incr\u00edveis que envolve muita comida boa, pessoas que amam receber, culturas diferente, pratos de perfeita qualidade e ambientes [&hellip;]<\/p>\n","protected":false},"author":1,"featured_media":3504,"comment_status":"open","ping_status":"open","sticky":false,"template":"","format":"standard","meta":{"jetpack_post_was_ever_published":false,"_jetpack_newsletter_access":"","_jetpack_newsletter_tier_id":0},"categories":[8],"tags":[],"yoast_head":"<!-- This site is optimized with the Yoast SEO plugin v20.2.1 - https:\/\/yoast.com\/wordpress\/plugins\/seo\/ -->\n<title>10 experi\u00eancias gastron\u00f4micas surpreendentes em S\u00e3o Paulo -<\/title>\n<meta name=\"description\" content=\"J\u00e1 pensou comer em um col\u00e9gio, na casa de um chef famoso ou jantar com os olhos vendados? Hoje trouxemos uma lista para quem est\u00e1 cansado do tradicional\" \/>\n<meta name=\"robots\" content=\"index, follow, max-snippet:-1, max-image-preview:large, max-video-preview:-1\" \/>\n<link rel=\"canonical\" href=\"http:\/\/duplagourmet.com.br\/index.php\/2015\/11\/05\/10-experiencias-gastronomicas-surpreendentes-em-sao-paulo-2\/\" \/>\n<meta property=\"og:locale\" content=\"pt_BR\" \/>\n<meta property=\"og:type\" content=\"article\" \/>\n<meta property=\"og:title\" content=\"10 experi\u00eancias gastron\u00f4micas surpreendentes em S\u00e3o Paulo -\" \/>\n<meta property=\"og:description\" content=\"J\u00e1 pensou comer em um col\u00e9gio, na casa de um chef famoso ou jantar com os olhos vendados? Hoje trouxemos uma lista para quem est\u00e1 cansado do tradicional\" \/>\n<meta property=\"og:url\" content=\"http:\/\/duplagourmet.com.br\/index.php\/2015\/11\/05\/10-experiencias-gastronomicas-surpreendentes-em-sao-paulo-2\/\" \/>\n<meta property=\"article:publisher\" content=\"https:\/\/www.facebook.com\/duplagourmet\" \/>\n<meta property=\"article:published_time\" content=\"2015-11-05T12:03:33+00:00\" \/>\n<meta property=\"article:modified_time\" content=\"2016-11-09T16:33:06+00:00\" \/>\n<meta property=\"og:image\" content=\"https:\/\/i0.wp.com\/duplagourmet.com.br\/wp-content\/uploads\/2015\/11\/Experiencias-gastronomicas-dupla-gourmet.jpg?fit=600%2C400\" \/>\n\t<meta property=\"og:image:width\" content=\"600\" \/>\n\t<meta property=\"og:image:height\" content=\"400\" \/>\n\t<meta property=\"og:image:type\" content=\"image\/jpeg\" \/>\n<meta name=\"author\" content=\"Lais Trov\u00e3o\" \/>\n<meta name=\"twitter:card\" content=\"summary_large_image\" \/>\n<meta name=\"twitter:creator\" content=\"@DuplaGourmet\" \/>\n<meta name=\"twitter:site\" content=\"@DuplaGourmet\" \/>\n<meta name=\"twitter:label1\" content=\"Escrito por\" \/>\n\t<meta name=\"twitter:data1\" content=\"Lais Trov\u00e3o\" \/>\n\t<meta name=\"twitter:label2\" content=\"Est. tempo de leitura\" \/>\n\t<meta name=\"twitter:data2\" content=\"6 minutos\" \/>\n<script type=\"application\/ld+json\" class=\"yoast-schema-graph\">{\"@context\":\"https:\/\/schema.org\",\"@graph\":[{\"@type\":\"Article\",\"@id\":\"http:\/\/duplagourmet.com.br\/index.php\/2015\/11\/05\/10-experiencias-gastronomicas-surpreendentes-em-sao-paulo-2\/#article\",\"isPartOf\":{\"@id\":\"http:\/\/duplagourmet.com.br\/index.php\/2015\/11\/05\/10-experiencias-gastronomicas-surpreendentes-em-sao-paulo-2\/\"},\"author\":{\"name\":\"Lais Trov\u00e3o\",\"@id\":\"https:\/\/duplagourmet.com.br\/#\/schema\/person\/888065adf1bf32ae6ab307c7362db9b1\"},\"headline\":\"10 experi\u00eancias gastron\u00f4micas surpreendentes em S\u00e3o Paulo\",\"datePublished\":\"2015-11-05T12:03:33+00:00\",\"dateModified\":\"2016-11-09T16:33:06+00:00\",\"mainEntityOfPage\":{\"@id\":\"http:\/\/duplagourmet.com.br\/index.php\/2015\/11\/05\/10-experiencias-gastronomicas-surpreendentes-em-sao-paulo-2\/\"},\"wordCount\":1299,\"commentCount\":25,\"publisher\":{\"@id\":\"https:\/\/duplagourmet.com.br\/#organization\"},\"articleSection\":[\"Comendo Fora\"],\"inLanguage\":\"pt-BR\",\"potentialAction\":[{\"@type\":\"CommentAction\",\"name\":\"Comment\",\"target\":[\"http:\/\/duplagourmet.com.br\/index.php\/2015\/11\/05\/10-experiencias-gastronomicas-surpreendentes-em-sao-paulo-2\/#respond\"]}]},{\"@type\":\"WebPage\",\"@id\":\"http:\/\/duplagourmet.com.br\/index.php\/2015\/11\/05\/10-experiencias-gastronomicas-surpreendentes-em-sao-paulo-2\/\",\"url\":\"http:\/\/duplagourmet.com.br\/index.php\/2015\/11\/05\/10-experiencias-gastronomicas-surpreendentes-em-sao-paulo-2\/\",\"name\":\"10 experi\u00eancias gastron\u00f4micas surpreendentes em S\u00e3o Paulo -\",\"isPartOf\":{\"@id\":\"https:\/\/duplagourmet.com.br\/#website\"},\"datePublished\":\"2015-11-05T12:03:33+00:00\",\"dateModified\":\"2016-11-09T16:33:06+00:00\",\"description\":\"J\u00e1 pensou comer em um col\u00e9gio, na casa de um chef famoso ou jantar com os olhos vendados? Hoje trouxemos uma lista para quem est\u00e1 cansado do tradicional\",\"breadcrumb\":{\"@id\":\"http:\/\/duplagourmet.com.br\/index.php\/2015\/11\/05\/10-experiencias-gastronomicas-surpreendentes-em-sao-paulo-2\/#breadcrumb\"},\"inLanguage\":\"pt-BR\",\"potentialAction\":[{\"@type\":\"ReadAction\",\"target\":[\"http:\/\/duplagourmet.com.br\/index.php\/2015\/11\/05\/10-experiencias-gastronomicas-surpreendentes-em-sao-paulo-2\/\"]}]},{\"@type\":\"BreadcrumbList\",\"@id\":\"http:\/\/duplagourmet.com.br\/index.php\/2015\/11\/05\/10-experiencias-gastronomicas-surpreendentes-em-sao-paulo-2\/#breadcrumb\",\"itemListElement\":[{\"@type\":\"ListItem\",\"position\":1,\"name\":\"In\u00edcio\",\"item\":\"https:\/\/duplagourmet.com.br\/\"},{\"@type\":\"ListItem\",\"position\":2,\"name\":\"10 experi\u00eancias gastron\u00f4micas surpreendentes em S\u00e3o Paulo\"}]},{\"@type\":\"WebSite\",\"@id\":\"https:\/\/duplagourmet.com.br\/#website\",\"url\":\"https:\/\/duplagourmet.com.br\/\",\"name\":\"\",\"description\":\"Site de Gastronomia e Viagens\",\"publisher\":{\"@id\":\"https:\/\/duplagourmet.com.br\/#organization\"},\"potentialAction\":[{\"@type\":\"SearchAction\",\"target\":{\"@type\":\"EntryPoint\",\"urlTemplate\":\"https:\/\/duplagourmet.com.br\/?s={search_term_string}\"},\"query-input\":\"required name=search_term_string\"}],\"inLanguage\":\"pt-BR\"},{\"@type\":\"Organization\",\"@id\":\"https:\/\/duplagourmet.com.br\/#organization\",\"name\":\"Dupla Gourmet\",\"url\":\"https:\/\/duplagourmet.com.br\/\",\"logo\":{\"@type\":\"ImageObject\",\"inLanguage\":\"pt-BR\",\"@id\":\"https:\/\/duplagourmet.com.br\/#\/schema\/logo\/image\/\",\"url\":\"https:\/\/i0.wp.com\/duplagourmet.com.br\/wp-content\/uploads\/2015\/07\/LOGO.jpg?fit=2120%2C1193&ssl=1\",\"contentUrl\":\"https:\/\/i0.wp.com\/duplagourmet.com.br\/wp-content\/uploads\/2015\/07\/LOGO.jpg?fit=2120%2C1193&ssl=1\",\"width\":2120,\"height\":1193,\"caption\":\"Dupla Gourmet\"},\"image\":{\"@id\":\"https:\/\/duplagourmet.com.br\/#\/schema\/logo\/image\/\"},\"sameAs\":[\"https:\/\/www.facebook.com\/duplagourmet\",\"https:\/\/twitter.com\/DuplaGourmet\",\"https:\/\/instagram.com\/duplagourmet\/\"]},{\"@type\":\"Person\",\"@id\":\"https:\/\/duplagourmet.com.br\/#\/schema\/person\/888065adf1bf32ae6ab307c7362db9b1\",\"name\":\"Lais Trov\u00e3o\",\"image\":{\"@type\":\"ImageObject\",\"inLanguage\":\"pt-BR\",\"@id\":\"https:\/\/duplagourmet.com.br\/#\/schema\/person\/image\/\",\"url\":\"http:\/\/2.gravatar.com\/avatar\/21dda7f6b6103bd096caaf547327b1d9?s=96&d=mm&r=g\",\"contentUrl\":\"http:\/\/2.gravatar.com\/avatar\/21dda7f6b6103bd096caaf547327b1d9?s=96&d=mm&r=g\",\"caption\":\"Lais Trov\u00e3o\"},\"sameAs\":[\"http:\/\/duplagourmet.com.br\/\"],\"url\":\"http:\/\/duplagourmet.com.br\/index.php\/author\/lais_divinohotmail-com\/\"}]}<\/script>\n<!-- \/ Yoast SEO plugin. -->","yoast_head_json":{"title":"10 experi\u00eancias gastron\u00f4micas surpreendentes em S\u00e3o Paulo -","description":"J\u00e1 pensou comer em um col\u00e9gio, na casa de um chef famoso ou jantar com os olhos vendados? Hoje trouxemos uma lista para quem est\u00e1 cansado do tradicional","robots":{"index":"index","follow":"follow","max-snippet":"max-snippet:-1","max-image-preview":"max-image-preview:large","max-video-preview":"max-video-preview:-1"},"canonical":"http:\/\/duplagourmet.com.br\/index.php\/2015\/11\/05\/10-experiencias-gastronomicas-surpreendentes-em-sao-paulo-2\/","og_locale":"pt_BR","og_type":"article","og_title":"10 experi\u00eancias gastron\u00f4micas surpreendentes em S\u00e3o Paulo -","og_description":"J\u00e1 pensou comer em um col\u00e9gio, na casa de um chef famoso ou jantar com os olhos vendados? Hoje trouxemos uma lista para quem est\u00e1 cansado do tradicional","og_url":"http:\/\/duplagourmet.com.br\/index.php\/2015\/11\/05\/10-experiencias-gastronomicas-surpreendentes-em-sao-paulo-2\/","article_publisher":"https:\/\/www.facebook.com\/duplagourmet","article_published_time":"2015-11-05T12:03:33+00:00","article_modified_time":"2016-11-09T16:33:06+00:00","og_image":[{"width":600,"height":400,"url":"https:\/\/i0.wp.com\/duplagourmet.com.br\/wp-content\/uploads\/2015\/11\/Experiencias-gastronomicas-dupla-gourmet.jpg?fit=600%2C400","type":"image\/jpeg"}],"author":"Lais Trov\u00e3o","twitter_card":"summary_large_image","twitter_creator":"@DuplaGourmet","twitter_site":"@DuplaGourmet","twitter_misc":{"Escrito por":"Lais Trov\u00e3o","Est. tempo de leitura":"6 minutos"},"schema":{"@context":"https:\/\/schema.org","@graph":[{"@type":"Article","@id":"http:\/\/duplagourmet.com.br\/index.php\/2015\/11\/05\/10-experiencias-gastronomicas-surpreendentes-em-sao-paulo-2\/#article","isPartOf":{"@id":"http:\/\/duplagourmet.com.br\/index.php\/2015\/11\/05\/10-experiencias-gastronomicas-surpreendentes-em-sao-paulo-2\/"},"author":{"name":"Lais Trov\u00e3o","@id":"https:\/\/duplagourmet.com.br\/#\/schema\/person\/888065adf1bf32ae6ab307c7362db9b1"},"headline":"10 experi\u00eancias gastron\u00f4micas surpreendentes em S\u00e3o Paulo","datePublished":"2015-11-05T12:03:33+00:00","dateModified":"2016-11-09T16:33:06+00:00","mainEntityOfPage":{"@id":"http:\/\/duplagourmet.com.br\/index.php\/2015\/11\/05\/10-experiencias-gastronomicas-surpreendentes-em-sao-paulo-2\/"},"wordCount":1299,"commentCount":25,"publisher":{"@id":"https:\/\/duplagourmet.com.br\/#organization"},"articleSection":["Comendo Fora"],"inLanguage":"pt-BR","potentialAction":[{"@type":"CommentAction","name":"Comment","target":["http:\/\/duplagourmet.com.br\/index.php\/2015\/11\/05\/10-experiencias-gastronomicas-surpreendentes-em-sao-paulo-2\/#respond"]}]},{"@type":"WebPage","@id":"http:\/\/duplagourmet.com.br\/index.php\/2015\/11\/05\/10-experiencias-gastronomicas-surpreendentes-em-sao-paulo-2\/","url":"http:\/\/duplagourmet.com.br\/index.php\/2015\/11\/05\/10-experiencias-gastronomicas-surpreendentes-em-sao-paulo-2\/","name":"10 experi\u00eancias gastron\u00f4micas surpreendentes em S\u00e3o Paulo -","isPartOf":{"@id":"https:\/\/duplagourmet.com.br\/#website"},"datePublished":"2015-11-05T12:03:33+00:00","dateModified":"2016-11-09T16:33:06+00:00","description":"J\u00e1 pensou comer em um col\u00e9gio, na casa de um chef famoso ou jantar com os olhos vendados? Hoje trouxemos uma lista para quem est\u00e1 cansado do tradicional","breadcrumb":{"@id":"http:\/\/duplagourmet.com.br\/index.php\/2015\/11\/05\/10-experiencias-gastronomicas-surpreendentes-em-sao-paulo-2\/#breadcrumb"},"inLanguage":"pt-BR","potentialAction":[{"@type":"ReadAction","target":["http:\/\/duplagourmet.com.br\/index.php\/2015\/11\/05\/10-experiencias-gastronomicas-surpreendentes-em-sao-paulo-2\/"]}]},{"@type":"BreadcrumbList","@id":"http:\/\/duplagourmet.com.br\/index.php\/2015\/11\/05\/10-experiencias-gastronomicas-surpreendentes-em-sao-paulo-2\/#breadcrumb","itemListElement":[{"@type":"ListItem","position":1,"name":"In\u00edcio","item":"https:\/\/duplagourmet.com.br\/"},{"@type":"ListItem","position":2,"name":"10 experi\u00eancias gastron\u00f4micas surpreendentes em S\u00e3o Paulo"}]},{"@type":"WebSite","@id":"https:\/\/duplagourmet.com.br\/#website","url":"https:\/\/duplagourmet.com.br\/","name":"","description":"Site de Gastronomia e Viagens","publisher":{"@id":"https:\/\/duplagourmet.com.br\/#organization"},"potentialAction":[{"@type":"SearchAction","target":{"@type":"EntryPoint","urlTemplate":"https:\/\/duplagourmet.com.br\/?s={search_term_string}"},"query-input":"required name=search_term_string"}],"inLanguage":"pt-BR"},{"@type":"Organization","@id":"https:\/\/duplagourmet.com.br\/#organization","name":"Dupla Gourmet","url":"https:\/\/duplagourmet.com.br\/","logo":{"@type":"ImageObject","inLanguage":"pt-BR","@id":"https:\/\/duplagourmet.com.br\/#\/schema\/logo\/image\/","url":"https:\/\/i0.wp.com\/duplagourmet.com.br\/wp-content\/uploads\/2015\/07\/LOGO.jpg?fit=2120%2C1193&ssl=1","contentUrl":"https:\/\/i0.wp.com\/duplagourmet.com.br\/wp-content\/uploads\/2015\/07\/LOGO.jpg?fit=2120%2C1193&ssl=1","width":2120,"height":1193,"caption":"Dupla Gourmet"},"image":{"@id":"https:\/\/duplagourmet.com.br\/#\/schema\/logo\/image\/"},"sameAs":["https:\/\/www.facebook.com\/duplagourmet","https:\/\/twitter.com\/DuplaGourmet","https:\/\/instagram.com\/duplagourmet\/"]},{"@type":"Person","@id":"https:\/\/duplagourmet.com.br\/#\/schema\/person\/888065adf1bf32ae6ab307c7362db9b1","name":"Lais Trov\u00e3o","image":{"@type":"ImageObject","inLanguage":"pt-BR","@id":"https:\/\/duplagourmet.com.br\/#\/schema\/person\/image\/","url":"http:\/\/2.gravatar.com\/avatar\/21dda7f6b6103bd096caaf547327b1d9?s=96&d=mm&r=g","contentUrl":"http:\/\/2.gravatar.com\/avatar\/21dda7f6b6103bd096caaf547327b1d9?s=96&d=mm&r=g","caption":"Lais Trov\u00e3o"},"sameAs":["http:\/\/duplagourmet.com.br\/"],"url":"http:\/\/duplagourmet.com.br\/index.php\/author\/lais_divinohotmail-com\/"}]}},"jetpack_sharing_enabled":true,"jetpack_featured_media_url":"https:\/\/i0.wp.com\/duplagourmet.com.br\/wp-content\/uploads\/2015\/11\/Experiencias-gastronomicas-dupla-gourmet.jpg?fit=600%2C400","jetpack_shortlink":"https:\/\/wp.me\/p67KK6-uy","_links":{"self":[{"href":"http:\/\/duplagourmet.com.br\/index.php\/wp-json\/wp\/v2\/posts\/1894"}],"collection":[{"href":"http:\/\/duplagourmet.com.br\/index.php\/wp-json\/wp\/v2\/posts"}],"about":[{"href":"http:\/\/duplagourmet.com.br\/index.php\/wp-json\/wp\/v2\/types\/post"}],"author":[{"embeddable":true,"href":"http:\/\/duplagourmet.com.br\/index.php\/wp-json\/wp\/v2\/users\/1"}],"replies":[{"embeddable":true,"href":"http:\/\/duplagourmet.com.br\/index.php\/wp-json\/wp\/v2\/comments?post=1894"}],"version-history":[{"count":3,"href":"http:\/\/duplagourmet.com.br\/index.php\/wp-json\/wp\/v2\/posts\/1894\/revisions"}],"predecessor-version":[{"id":6126,"href":"http:\/\/duplagourmet.com.br\/index.php\/wp-json\/wp\/v2\/posts\/1894\/revisions\/6126"}],"wp:featuredmedia":[{"embeddable":true,"href":"http:\/\/duplagourmet.com.br\/index.php\/wp-json\/wp\/v2\/media\/3504"}],"wp:attachment":[{"href":"http:\/\/duplagourmet.com.br\/index.php\/wp-json\/wp\/v2\/media?parent=1894"}],"wp:term":[{"taxonomy":"category","embeddable":true,"href":"http:\/\/duplagourmet.com.br\/index.php\/wp-json\/wp\/v2\/categories?post=1894"},{"taxonomy":"post_tag","embeddable":true,"href":"http:\/\/duplagourmet.com.br\/index.php\/wp-json\/wp\/v2\/tags?post=1894"}],"curies":[{"name":"wp","href":"https:\/\/api.w.org\/{rel}","templated":true}]}}