{"id":1677,"date":"2015-10-17T13:23:49","date_gmt":"2015-10-17T13:23:49","guid":{"rendered":"http:\/\/duplagourmet.com.br\/?p=1677"},"modified":"2018-11-27T14:35:19","modified_gmt":"2018-11-27T14:35:19","slug":"10-restaurantes-incriveis-com-cara-de-viagem-perto-de-sao-paulo","status":"publish","type":"post","link":"http:\/\/duplagourmet.com.br\/index.php\/2015\/10\/17\/10-restaurantes-incriveis-com-cara-de-viagem-perto-de-sao-paulo\/","title":{"rendered":"10 restaurantes incr\u00edveis com cara de viagem perto de S\u00e3o Paulo"},"content":{"rendered":"<div class=\"0d3c8bb807db4512cec61ce0ce609918\" data-index=\"1\" style=\"float: right; margin:10px 0 10px 10px;\">\n<script async src=\"\/\/pagead2.googlesyndication.com\/pagead\/js\/adsbygoogle.js\"><\/script>\r\n<!-- Dupla -->\r\n<ins class=\"adsbygoogle\"\r\n     style=\"display:inline-block;width:336px;height:280px\"\r\n     data-ad-client=\"ca-pub-5223135331964240\"\r\n     data-ad-slot=\"1820166419\"><\/ins>\r\n<script>\r\n(adsbygoogle = window.adsbygoogle || []).push({});\r\n<\/script>\n<\/div>\n<p style=\"text-align: left;\">Final de semana \u00e9 sempre um tempo delicioso para curtir os dias com a fam\u00edlia e amigos.<br \/>\nHoje trouxemos 10 restaurantes incr\u00edveis, todo\u00a0pertinhos de S\u00e3o Paulo e o principal \u00a0de tudo: COM CARA DE VIAGEM!<br \/>\nAmamos ver o verde da estrada, sentir a natureza, comer uma \u00f3tima comida e ter um dia longe da correria da cidade.<br \/>\nQuase todos os restaurantes tem uma m\u00e9dia de 1 hora de\u00a0dist\u00e2ncia da nossa louca,\u00a0por\u00e9m amada Capital.<br \/>\nO mais legal \u00e9 que alguns dos restaurantes abaixo tem lojinhas de artesanato, doces de compota, adega \u00a0e queijos caseiros deliciosos.<br \/>\nEnt\u00e3o se voc\u00ea esta sem tempo para fazer uma viagem longa, mas quer curtir o seu final de semana de um modo diferente, vem com a gente!<\/p>\n<h2 style=\"text-align: center;\"><\/h2>\n<h4 style=\"text-align: center;\"><strong>Quinta do Olivardo<\/strong><\/h4>\n<p>&nbsp;<\/p>\n<h4 style=\"text-align: center;\"><img decoding=\"async\" loading=\"lazy\" class=\"alignnone wp-image-3600 size-full\" src=\"https:\/\/i0.wp.com\/duplagourmet.com.br\/wp-content\/uploads\/2015\/10\/DUPLAGOURMET-1.jpg?resize=800%2C532\" alt=\"DUPLAGOURMET\" width=\"800\" height=\"532\" srcset=\"https:\/\/i0.wp.com\/duplagourmet.com.br\/wp-content\/uploads\/2015\/10\/DUPLAGOURMET-1.jpg?w=800 800w, https:\/\/i0.wp.com\/duplagourmet.com.br\/wp-content\/uploads\/2015\/10\/DUPLAGOURMET-1.jpg?resize=650%2C432 650w\" sizes=\"(max-width: 800px) 100vw, 800px\" data-recalc-dims=\"1\" \/><\/h4>\n<p><a href=\"https:\/\/i0.wp.com\/duplagourmet.com.br\/wp-content\/uploads\/2015\/10\/IMG_4692.jpg\"><img decoding=\"async\" loading=\"lazy\" class=\"alignnone wp-image-1722\" src=\"https:\/\/i0.wp.com\/duplagourmet.com.br\/wp-content\/uploads\/2015\/10\/IMG_4692.jpg?resize=800%2C1200\" alt=\"IMG_4692\" width=\"800\" height=\"1200\" srcset=\"https:\/\/i0.wp.com\/duplagourmet.com.br\/wp-content\/uploads\/2015\/10\/IMG_4692.jpg?resize=632%2C948 632w, https:\/\/i0.wp.com\/duplagourmet.com.br\/wp-content\/uploads\/2015\/10\/IMG_4692.jpg?resize=253%2C380 253w, https:\/\/i0.wp.com\/duplagourmet.com.br\/wp-content\/uploads\/2015\/10\/IMG_4692.jpg?w=1000 1000w\" sizes=\"(max-width: 800px) 100vw, 800px\" data-recalc-dims=\"1\" \/><\/a><\/p>\n<div id=\"attachment_1720\" style=\"width: 810px\" class=\"wp-caption alignnone\"><a href=\"https:\/\/i0.wp.com\/duplagourmet.com.br\/wp-content\/uploads\/2015\/10\/IMG_4289.jpg\"><img aria-describedby=\"caption-attachment-1720\" decoding=\"async\" loading=\"lazy\" class=\"wp-image-1720\" src=\"https:\/\/i0.wp.com\/duplagourmet.com.br\/wp-content\/uploads\/2015\/10\/IMG_4289.jpg?resize=800%2C1198\" alt=\"IMG_4289\" width=\"800\" height=\"1198\" srcset=\"https:\/\/i0.wp.com\/duplagourmet.com.br\/wp-content\/uploads\/2015\/10\/IMG_4289.jpg?resize=632%2C946 632w, https:\/\/i0.wp.com\/duplagourmet.com.br\/wp-content\/uploads\/2015\/10\/IMG_4289.jpg?resize=254%2C380 254w, https:\/\/i0.wp.com\/duplagourmet.com.br\/wp-content\/uploads\/2015\/10\/IMG_4289.jpg?w=1000 1000w\" sizes=\"(max-width: 800px) 100vw, 800px\" data-recalc-dims=\"1\" \/><\/a><p id=\"caption-attachment-1720\" class=\"wp-caption-text\">Fotos: Site Quinta do Olivardo<\/p><\/div>\n<p><span style=\"color: #000000;\">S\u00e3o Roque \u00e9 uma cidade deliciosa e muito conhecida pelos seus vinhedos.<\/span><br \/>\n<span style=\"color: #000000;\">A Quinta do Olivardo com certeza \u00e9 um dos nossos restaurantes favoritos.<br \/>\nNo come\u00e7o do ano os clientes podem participar da colheita da uva e ainda fazer a tradicional festa da pisa da uva!<br \/>\nNas demais \u00e9pocas a experi\u00eancia continua deliciosa!<br \/>\nO restaurante conta com pratos incr\u00edveis \u00a0feitos no fog\u00e3o a lenha.<br \/>\nVoc\u00ea jamais pode ir embora sem provar o pastel de bel\u00e9m. Eles preparam na sua frente e tocam o sino a cada 15 minutos para avisar que est\u00e1 pronto.<br \/>\nNa hora de ir embora, eles contam com uma adega gigantesca com \u00f3timos vinhos, queijos, balas artesanais e tudo mais!<br \/>\n<\/span><br \/>\n<span style=\"color: #000000;\"><strong>Dist\u00e2ncia da Cidade de S\u00e3o Paulo:<\/strong> 59 km<\/span><br \/>\n<span style=\"color: #000000;\"><span class=\"_xdb\"><strong>Endere\u00e7o:<\/strong> <\/span><span class=\"_Xbe\">Estrada do Vinho, km 04 &#8211; Sorocamirim, S\u00e3o Roque &#8211; SP<\/span><\/span><\/p>\n<p>&nbsp;<\/p>\n<h4 style=\"text-align: center;\"><strong>Velh\u00e3o<br \/>\n<\/strong><br \/>\n<a href=\"https:\/\/i0.wp.com\/duplagourmet.com.br\/wp-content\/uploads\/2015\/10\/Velh\u00e3o.jpg\"><img decoding=\"async\" loading=\"lazy\" class=\"alignnone wp-image-1679\" src=\"https:\/\/i0.wp.com\/duplagourmet.com.br\/wp-content\/uploads\/2015\/10\/Velh\u00e3o.jpg?resize=800%2C453\" alt=\"Velh\u00e3o\" width=\"800\" height=\"453\" srcset=\"https:\/\/i0.wp.com\/duplagourmet.com.br\/wp-content\/uploads\/2015\/10\/Velh\u00e3o.jpg?resize=632%2C358 632w, https:\/\/i0.wp.com\/duplagourmet.com.br\/wp-content\/uploads\/2015\/10\/Velh\u00e3o.jpg?resize=671%2C380 671w, https:\/\/i0.wp.com\/duplagourmet.com.br\/wp-content\/uploads\/2015\/10\/Velh\u00e3o.jpg?w=680 680w\" sizes=\"(max-width: 800px) 100vw, 800px\" data-recalc-dims=\"1\" \/><\/a> \u00a0<a href=\"https:\/\/i0.wp.com\/duplagourmet.com.br\/wp-content\/uploads\/2015\/10\/Velhao6.jpg\"><img decoding=\"async\" loading=\"lazy\" class=\"alignnone wp-image-1678 size-large\" src=\"https:\/\/i0.wp.com\/duplagourmet.com.br\/wp-content\/uploads\/2015\/10\/Velhao6.jpg?resize=800%2C529\" alt=\"Velhao6\" width=\"800\" height=\"529\" srcset=\"https:\/\/i0.wp.com\/duplagourmet.com.br\/wp-content\/uploads\/2015\/10\/Velhao6.jpg?resize=1020%2C675 1020w, https:\/\/i0.wp.com\/duplagourmet.com.br\/wp-content\/uploads\/2015\/10\/Velhao6.jpg?resize=632%2C418 632w, https:\/\/i0.wp.com\/duplagourmet.com.br\/wp-content\/uploads\/2015\/10\/Velhao6.jpg?resize=574%2C380 574w, https:\/\/i0.wp.com\/duplagourmet.com.br\/wp-content\/uploads\/2015\/10\/Velhao6.jpg?w=1024 1024w\" sizes=\"(max-width: 800px) 100vw, 800px\" data-recalc-dims=\"1\" \/><\/a><\/h4>\n<div id=\"attachment_1697\" style=\"width: 810px\" class=\"wp-caption alignnone\"><a href=\"https:\/\/i0.wp.com\/duplagourmet.com.br\/wp-content\/uploads\/2015\/10\/restaurante3.jpg\"><img aria-describedby=\"caption-attachment-1697\" decoding=\"async\" loading=\"lazy\" class=\"wp-image-1697\" src=\"https:\/\/i0.wp.com\/duplagourmet.com.br\/wp-content\/uploads\/2015\/10\/restaurante3.jpg?resize=800%2C453\" alt=\"restaurante3\" width=\"800\" height=\"453\" srcset=\"https:\/\/i0.wp.com\/duplagourmet.com.br\/wp-content\/uploads\/2015\/10\/restaurante3.jpg?resize=632%2C358 632w, https:\/\/i0.wp.com\/duplagourmet.com.br\/wp-content\/uploads\/2015\/10\/restaurante3.jpg?resize=671%2C380 671w, https:\/\/i0.wp.com\/duplagourmet.com.br\/wp-content\/uploads\/2015\/10\/restaurante3.jpg?w=680 680w\" sizes=\"(max-width: 800px) 100vw, 800px\" data-recalc-dims=\"1\" \/><\/a><p id=\"caption-attachment-1697\" class=\"wp-caption-text\">Fotos: Site O Velh\u00e3o<\/p><\/div>\n<p>O Velh\u00e3o para n\u00f3s \u00e9 um verdadeiro complexo de divers\u00f5es e \u00f3timos pratos!<br \/>\nSomos apaixonados por cada cantinho desse lugar.<br \/>\nO restaurante \u00a0dentro dele tem o nome de &#8221; As V\u00e9ias&#8221;, um restaurante lindo, com v\u00e1rios espa\u00e7os bem r\u00fasticos e com uma decora\u00e7\u00e3o pra l\u00e1 de bacana.<br \/>\nCada espa\u00e7o serve um tipo de comida como \u00a0saladas, antepastos, massas, comida mineira, carnes e sobremesas.<br \/>\nAl\u00e9m do espa\u00e7o de cacha\u00e7as, que, para quem gosta tem dezenas de op\u00e7\u00f5es.<br \/>\nO mais legal \u00e9 que voc\u00ea paga um pre\u00e7o \u00fanico e come o quanto quiser, de tudo um pouco,\u00a0exceto sobremesa e bebidas.<br \/>\nO Velh\u00e3o tamb\u00e9m conta com lojinhas de roupa, artesanato, sebo, floricultura, biju, pedrarias e bordados.<br \/>\nEnfim&#8230; \u00a0O Velh\u00e3o \u00e9 s\u00f3 amor!<\/p>\n<p><span style=\"color: #000000;\"><strong>Dist\u00e2ncia da Cidade de S\u00e3o Paulo: <\/strong>15 km\u00a0<strong><br \/>\n<span class=\"_xdb\">Endere\u00e7o: <\/span><\/strong><\/span><span class=\"_Xbe\">Estrada Santa In\u00eas, 3000 &#8211; Jardim Samambaia, Mairipor\u00e3 &#8211; SP<\/span><\/p>\n<p>&nbsp;<\/p>\n<h4 style=\"text-align: center;\"><strong>O Garimpo<br \/>\n<a href=\"http:\/\/duplagourmet.com.br\/wp-content\/uploads\/2015\/10\/ogarimpo.jpg\"><br \/>\n<\/a><a href=\"https:\/\/i0.wp.com\/duplagourmet.com.br\/wp-content\/uploads\/2015\/10\/ogarimpo1.jpg\"><img decoding=\"async\" loading=\"lazy\" class=\"alignnone wp-image-1688\" src=\"https:\/\/i0.wp.com\/duplagourmet.com.br\/wp-content\/uploads\/2015\/10\/ogarimpo1.jpg?resize=800%2C533\" alt=\"ogarimpo1\" width=\"800\" height=\"533\" srcset=\"https:\/\/i0.wp.com\/duplagourmet.com.br\/wp-content\/uploads\/2015\/10\/ogarimpo1.jpg?resize=632%2C421 632w, https:\/\/i0.wp.com\/duplagourmet.com.br\/wp-content\/uploads\/2015\/10\/ogarimpo1.jpg?resize=571%2C380 571w, https:\/\/i0.wp.com\/duplagourmet.com.br\/wp-content\/uploads\/2015\/10\/ogarimpo1.jpg?w=640 640w\" sizes=\"(max-width: 800px) 100vw, 800px\" data-recalc-dims=\"1\" \/><\/a><\/strong><\/h4>\n<h3 style=\"text-align: center;\"><img decoding=\"async\" loading=\"lazy\" class=\"alignnone wp-image-3604 size-full\" src=\"https:\/\/i0.wp.com\/duplagourmet.com.br\/wp-content\/uploads\/2015\/10\/mudar45.jpg?resize=800%2C421\" alt=\"mudar45\" width=\"800\" height=\"421\" srcset=\"https:\/\/i0.wp.com\/duplagourmet.com.br\/wp-content\/uploads\/2015\/10\/mudar45.jpg?w=800 800w, https:\/\/i0.wp.com\/duplagourmet.com.br\/wp-content\/uploads\/2015\/10\/mudar45.jpg?resize=650%2C342 650w\" sizes=\"(max-width: 800px) 100vw, 800px\" data-recalc-dims=\"1\" \/><\/h3>\n<div id=\"attachment_1700\" style=\"width: 810px\" class=\"wp-caption alignnone\"><a href=\"https:\/\/i0.wp.com\/duplagourmet.com.br\/wp-content\/uploads\/2015\/10\/unnamed.png\"><img aria-describedby=\"caption-attachment-1700\" decoding=\"async\" loading=\"lazy\" class=\"wp-image-1700\" src=\"https:\/\/i0.wp.com\/duplagourmet.com.br\/wp-content\/uploads\/2015\/10\/unnamed.png?resize=800%2C537\" alt=\"unnamed\" width=\"800\" height=\"537\" srcset=\"https:\/\/i0.wp.com\/duplagourmet.com.br\/wp-content\/uploads\/2015\/10\/unnamed.png?w=480 480w, https:\/\/i0.wp.com\/duplagourmet.com.br\/wp-content\/uploads\/2015\/10\/unnamed.png?resize=360%2C242 360w\" sizes=\"(max-width: 800px) 100vw, 800px\" data-recalc-dims=\"1\" \/><\/a><p id=\"caption-attachment-1700\" class=\"wp-caption-text\">Fotos: Site O Garimpo<\/p><\/div>\n<p><a href=\"http:\/\/duplagourmet.com.br\/wp-content\/uploads\/2015\/10\/unnamed.png\"><span style=\"color: #000000;\">A<\/span><\/a><span style=\"color: #000000;\">ntes de falar do Garimpo, preciso falar de Embu das Artes&#8230;.que delicia de cidade!<\/span><br \/>\n<span style=\"color: #000000;\"> O Garimpo \u00e9 um restaurante bem pertinho da famosa feirinha de fim de semana.<\/span><br \/>\n<span style=\"color: #000000;\"> O atendimento \u00e9 \u00f3timo, ambiente incr\u00edvel com v\u00e1rios espa\u00e7os deliciosos. O sal\u00e3o inicial \u00e9 o nosso favorito&#8230;bem arborizado e com aquele clima de viagem que n\u00f3s amamos!<\/span><br \/>\n<span style=\"color: #000000;\"> Depois de comer muito \u00e9 s\u00f3 descer a rua e curtir umas das feirinhas mais legais que eu conhe\u00e7o.. cheia de artesanatos, m\u00f3veis r\u00fasticos, flores, decora\u00e7\u00e3o, churros e tudo mais!<\/span><\/p>\n<p><span style=\"color: #000000;\"><strong><span class=\"_xdb\">Dist\u00e2ncia da Cidade de S\u00e3o Paulo: <\/span><\/strong><span class=\"_xdb\">28 km<\/span><strong><span class=\"_xdb\"><br \/>\nEndere\u00e7o: <\/span><\/strong><span class=\"_Xbe\">Rua da Matriz, 136 &#8211; Centro, Embu das Artes &#8211; SP<\/span><\/span><\/p>\n<h3 style=\"text-align: center;\"><strong>\u00a0<\/strong><\/h3>\n<h4 style=\"text-align: center;\"><strong>Restaurante Cascudo<\/strong><\/h4>\n<p><a href=\"https:\/\/i0.wp.com\/duplagourmet.com.br\/wp-content\/uploads\/2015\/10\/649_5128.jpg\"><img decoding=\"async\" loading=\"lazy\" class=\"alignnone wp-image-1696\" src=\"https:\/\/i0.wp.com\/duplagourmet.com.br\/wp-content\/uploads\/2015\/10\/649_5128.jpg?resize=800%2C1199\" alt=\"649_5128\" width=\"800\" height=\"1199\" srcset=\"https:\/\/i0.wp.com\/duplagourmet.com.br\/wp-content\/uploads\/2015\/10\/649_5128.jpg?w=600 600w, https:\/\/i0.wp.com\/duplagourmet.com.br\/wp-content\/uploads\/2015\/10\/649_5128.jpg?resize=254%2C380 254w\" sizes=\"(max-width: 800px) 100vw, 800px\" data-recalc-dims=\"1\" \/><\/a><\/p>\n<p><a href=\"https:\/\/i0.wp.com\/duplagourmet.com.br\/wp-content\/uploads\/2015\/10\/Cascudo17.jpg\"><img decoding=\"async\" loading=\"lazy\" class=\"alignnone wp-image-1693\" src=\"https:\/\/i0.wp.com\/duplagourmet.com.br\/wp-content\/uploads\/2015\/10\/Cascudo17.jpg?resize=800%2C530\" alt=\"Cascudo17\" width=\"800\" height=\"530\" srcset=\"https:\/\/i0.wp.com\/duplagourmet.com.br\/wp-content\/uploads\/2015\/10\/Cascudo17.jpg?resize=632%2C419 632w, https:\/\/i0.wp.com\/duplagourmet.com.br\/wp-content\/uploads\/2015\/10\/Cascudo17.jpg?resize=574%2C380 574w, https:\/\/i0.wp.com\/duplagourmet.com.br\/wp-content\/uploads\/2015\/10\/Cascudo17.jpg?w=640 640w\" sizes=\"(max-width: 800px) 100vw, 800px\" data-recalc-dims=\"1\" \/><\/a><\/p>\n<div id=\"attachment_1694\" style=\"width: 810px\" class=\"wp-caption alignnone\"><a href=\"https:\/\/i0.wp.com\/duplagourmet.com.br\/wp-content\/uploads\/2015\/10\/Cascudo33.jpg\"><img aria-describedby=\"caption-attachment-1694\" decoding=\"async\" loading=\"lazy\" class=\"wp-image-1694\" src=\"https:\/\/i0.wp.com\/duplagourmet.com.br\/wp-content\/uploads\/2015\/10\/Cascudo33.jpg?resize=800%2C530\" alt=\"Cascudo33\" width=\"800\" height=\"530\" srcset=\"https:\/\/i0.wp.com\/duplagourmet.com.br\/wp-content\/uploads\/2015\/10\/Cascudo33.jpg?resize=632%2C419 632w, https:\/\/i0.wp.com\/duplagourmet.com.br\/wp-content\/uploads\/2015\/10\/Cascudo33.jpg?resize=574%2C380 574w, https:\/\/i0.wp.com\/duplagourmet.com.br\/wp-content\/uploads\/2015\/10\/Cascudo33.jpg?w=640 640w\" sizes=\"(max-width: 800px) 100vw, 800px\" data-recalc-dims=\"1\" \/><\/a><p id=\"caption-attachment-1694\" class=\"wp-caption-text\">Fotos: Fabio Pastorello<\/p><\/div>\n<p><span style=\"color: #000000;\">Sabe quando voc\u00ea se pergunta &#8221; como eu morando t\u00e3o perto n\u00e3o conhecia esse lugar?&#8221;<br \/>\n<\/span>O Restaurante Cascudo \u00e9 um dos lugares mais relaxantes que eu j\u00e1 fui&#8230;que clima delicioso!<br \/>\nO atendimento \u00e9 impec\u00e1vel!<br \/>\n\u00c9 poss\u00edvel comer ouvindo os passarinhos e de presente uma vista para jardins e montanhas.<br \/>\nO Pernil de cordeiro ao molho de vinho \u00e9 simplesmente surreal!<\/p>\n<p><a href=\"http:\/\/duplagourmet.com.br\/wp-content\/uploads\/2015\/10\/IMG_4289.jpg\"><span style=\"color: #000000;\"><strong>Dist\u00e2ncia da Cidade de S\u00e3o Paulo:<\/strong> 59 km<br \/>\n<\/span><\/a><strong>Endere\u00e7o:\u00a0<\/strong>Rua Luis da C\u00e2mara Cascudo, 3301.\u00a0Vila Darcy Penteado \u2013 S\u00e3o Roque \/ SP<\/p>\n<h4 style=\"text-align: center;\"><b>Fazenda Para\u00edso<\/b><\/h4>\n<p><img decoding=\"async\" loading=\"lazy\" class=\"alignnone wp-image-3606 size-full\" src=\"https:\/\/i0.wp.com\/duplagourmet.com.br\/wp-content\/uploads\/2015\/10\/mudar959.jpg?resize=800%2C363\" alt=\"mudar959\" width=\"800\" height=\"363\" srcset=\"https:\/\/i0.wp.com\/duplagourmet.com.br\/wp-content\/uploads\/2015\/10\/mudar959.jpg?w=800 800w, https:\/\/i0.wp.com\/duplagourmet.com.br\/wp-content\/uploads\/2015\/10\/mudar959.jpg?resize=650%2C295 650w\" sizes=\"(max-width: 800px) 100vw, 800px\" data-recalc-dims=\"1\" \/><\/p>\n<p><a href=\"https:\/\/i0.wp.com\/duplagourmet.com.br\/wp-content\/uploads\/2015\/10\/Fazenda-Para-C3-ADso.jpg\"><img decoding=\"async\" loading=\"lazy\" class=\"alignnone wp-image-1733\" src=\"https:\/\/i0.wp.com\/duplagourmet.com.br\/wp-content\/uploads\/2015\/10\/Fazenda-Para-C3-ADso.jpg?resize=800%2C490\" alt=\"Fazenda-Para-C3-ADso\" width=\"800\" height=\"490\" srcset=\"https:\/\/i0.wp.com\/duplagourmet.com.br\/wp-content\/uploads\/2015\/10\/Fazenda-Para-C3-ADso.jpg?resize=632%2C387 632w, https:\/\/i0.wp.com\/duplagourmet.com.br\/wp-content\/uploads\/2015\/10\/Fazenda-Para-C3-ADso.jpg?resize=1020%2C625 1020w, https:\/\/i0.wp.com\/duplagourmet.com.br\/wp-content\/uploads\/2015\/10\/Fazenda-Para-C3-ADso.jpg?resize=621%2C380 621w, https:\/\/i0.wp.com\/duplagourmet.com.br\/wp-content\/uploads\/2015\/10\/Fazenda-Para-C3-ADso.jpg?w=1024 1024w\" sizes=\"(max-width: 800px) 100vw, 800px\" data-recalc-dims=\"1\" \/><\/a><\/p>\n<div id=\"attachment_1731\" style=\"width: 810px\" class=\"wp-caption alignnone\"><a href=\"https:\/\/i0.wp.com\/duplagourmet.com.br\/wp-content\/uploads\/2015\/10\/fazenda-paraiso-377.jpg\"><img aria-describedby=\"caption-attachment-1731\" decoding=\"async\" loading=\"lazy\" class=\"wp-image-1731\" src=\"https:\/\/i0.wp.com\/duplagourmet.com.br\/wp-content\/uploads\/2015\/10\/fazenda-paraiso-377.jpg?resize=800%2C1199\" alt=\"fazenda-paraiso-377\" width=\"800\" height=\"1199\" srcset=\"https:\/\/i0.wp.com\/duplagourmet.com.br\/wp-content\/uploads\/2015\/10\/fazenda-paraiso-377.jpg?w=427 427w, https:\/\/i0.wp.com\/duplagourmet.com.br\/wp-content\/uploads\/2015\/10\/fazenda-paraiso-377.jpg?resize=254%2C380 254w\" sizes=\"(max-width: 800px) 100vw, 800px\" data-recalc-dims=\"1\" \/><\/a><p id=\"caption-attachment-1731\" class=\"wp-caption-text\">Foto: Site Atibaia e Regi\u00e3o \/ Site oficial Fazenda Paraiso<\/p><\/div>\n<p><a href=\"http:\/\/duplagourmet.com.br\/wp-content\/uploads\/2015\/10\/fazenda-paraiso-377.jpg\"><span style=\"color: #000000;\">U<\/span><\/a><span style=\"color: #000000;\">m dos lugares mais fofos que conhecemos!<\/span><br \/>\n<span style=\"color: #000000;\"> Amamos \u00a0a constru\u00e7\u00e3o antiga, r\u00fastica, mas ainda assim super aconchegante da Fazenda Para\u00edso.<\/span><br \/>\n<span style=\"color: #000000;\"> Comida mineira extremamente saborosa, feita no fog\u00e3o a lenha.<\/span><br \/>\n<span style=\"color: #000000;\"> Almo\u00e7ar com a vista para esse lago \u00e9 simplesmente espetacular!<\/span><br \/>\n<span style=\"color: #000000;\"> Amamos muito a Fazenda Para\u00edso.<br \/>\nAhh uma dica importante, eles atendem somente com reserva contato@fazendaparaisoatibaia.com.br<\/span><\/p>\n<p><a href=\"http:\/\/duplagourmet.com.br\/wp-content\/uploads\/2015\/10\/IMG_4289.jpg\"><span style=\"color: #000000;\"><strong>Dist\u00e2ncia da Cidade de S\u00e3o Paulo:<\/strong>\u00a049 km<\/span><\/a><br \/>\nEndere\u00e7o:\u00a0Rod. Fern\u00e3o Dias, Sa\u00edda 52 &#8211; Pista Sul .\u00a0Bairro do Port\u00e3o &#8211; Atibaia &#8211; SP<\/p>\n<h4 style=\"text-align: center;\"><strong>Maria Zabb\u00e9<\/strong><\/h4>\n<p><a href=\"https:\/\/i0.wp.com\/duplagourmet.com.br\/wp-content\/uploads\/2015\/10\/maria-zabbe.jpg\"><img decoding=\"async\" loading=\"lazy\" class=\"alignnone wp-image-1726\" src=\"https:\/\/i0.wp.com\/duplagourmet.com.br\/wp-content\/uploads\/2015\/10\/maria-zabbe.jpg?resize=800%2C601\" alt=\"maria-zabbe\" width=\"800\" height=\"601\" srcset=\"https:\/\/i0.wp.com\/duplagourmet.com.br\/wp-content\/uploads\/2015\/10\/maria-zabbe.jpg?w=550 550w, https:\/\/i0.wp.com\/duplagourmet.com.br\/wp-content\/uploads\/2015\/10\/maria-zabbe.jpg?resize=506%2C380 506w\" sizes=\"(max-width: 800px) 100vw, 800px\" data-recalc-dims=\"1\" \/><\/a><\/p>\n<p><img decoding=\"async\" loading=\"lazy\" class=\"alignnone wp-image-3608 size-full\" src=\"https:\/\/i0.wp.com\/duplagourmet.com.br\/wp-content\/uploads\/2015\/10\/mdudd.jpg?resize=800%2C368\" alt=\"mdudd\" width=\"800\" height=\"368\" srcset=\"https:\/\/i0.wp.com\/duplagourmet.com.br\/wp-content\/uploads\/2015\/10\/mdudd.jpg?w=800 800w, https:\/\/i0.wp.com\/duplagourmet.com.br\/wp-content\/uploads\/2015\/10\/mdudd.jpg?resize=650%2C299 650w\" sizes=\"(max-width: 800px) 100vw, 800px\" data-recalc-dims=\"1\" \/><\/p>\n<div id=\"attachment_1728\" style=\"width: 810px\" class=\"wp-caption alignnone\"><a href=\"https:\/\/i0.wp.com\/duplagourmet.com.br\/wp-content\/uploads\/2015\/10\/outdoor_maria_zabbe_01.jpg\"><img aria-describedby=\"caption-attachment-1728\" decoding=\"async\" loading=\"lazy\" class=\"wp-image-1728\" src=\"https:\/\/i0.wp.com\/duplagourmet.com.br\/wp-content\/uploads\/2015\/10\/outdoor_maria_zabbe_01.jpg?resize=800%2C463\" alt=\"outdoor_maria_zabbe_01\" width=\"800\" height=\"463\" data-recalc-dims=\"1\" \/><\/a><p id=\"caption-attachment-1728\" class=\"wp-caption-text\">Foto: Site oficial Maria Zabb\u00e9 \/ Tripadvisor \/Trivella Publicidade<\/p><\/div>\n<p><a href=\"http:\/\/duplagourmet.com.br\/wp-content\/uploads\/2015\/10\/outdoor_maria_zabbe_01.jpg\"><span style=\"color: #000000;\">S<\/span><\/a><span style=\"color: #000000;\">abe aquela comida de m\u00e3e?!<\/span><br \/>\n<span style=\"color: #000000;\"> O restaurante Maria Zabb\u00e9 \u00e9 o lugar mais relaxante e delicioso da vida!<\/span><br \/>\n<span style=\"color: #000000;\"> \u00d3timo ambiente, m\u00fasica tranquila de fundo e o melhor de tudo&#8230; comida impec\u00e1vel!<\/span><br \/>\n<span style=\"color: #000000;\"> Tudo \u00e9 feito com muito carinho, para voc\u00ea sair com aquela sensa\u00e7\u00e3o que amamos!<\/span><\/p>\n<p><span style=\"color: #000000;\"><span class=\"_xdb\"><strong><span style=\"color: #000000;\"><a style=\"color: #000000;\" href=\"http:\/\/duplagourmet.com.br\/wp-content\/uploads\/2015\/10\/IMG_4289.jpg\">Dist\u00e2ncia da Cidade de S\u00e3o Paulo:<\/a><\/span><\/strong><span style=\"color: #000000;\">\u00a067 km<\/span><strong><br \/>\nEndere\u00e7o:<\/strong> <\/span><span class=\"_Xbe\">Rua das Andorinhas, 297 &#8211; Jardim Junco, Vinhedo &#8211; SP<\/span><\/span><\/p>\n<h2 style=\"text-align: center;\"><\/h2>\n<h4 class=\"_58gi\" style=\"text-align: center;\"><strong>Casa\u00a0It\u00e1lia Quiririm<\/strong><\/h4>\n<p><a href=\"https:\/\/i0.wp.com\/duplagourmet.com.br\/wp-content\/uploads\/2015\/10\/img_3002.jpg\"><img decoding=\"async\" loading=\"lazy\" class=\"alignnone wp-image-1743\" src=\"https:\/\/i0.wp.com\/duplagourmet.com.br\/wp-content\/uploads\/2015\/10\/img_3002.jpg?resize=800%2C598\" alt=\"img_3002\" width=\"800\" height=\"598\" srcset=\"https:\/\/i0.wp.com\/duplagourmet.com.br\/wp-content\/uploads\/2015\/10\/img_3002.jpg?resize=632%2C472 632w, https:\/\/i0.wp.com\/duplagourmet.com.br\/wp-content\/uploads\/2015\/10\/img_3002.jpg?resize=1020%2C762 1020w, https:\/\/i0.wp.com\/duplagourmet.com.br\/wp-content\/uploads\/2015\/10\/img_3002.jpg?resize=509%2C380 509w, https:\/\/i0.wp.com\/duplagourmet.com.br\/wp-content\/uploads\/2015\/10\/img_3002.jpg?w=1600 1600w, https:\/\/i0.wp.com\/duplagourmet.com.br\/wp-content\/uploads\/2015\/10\/img_3002.jpg?w=2400 2400w\" sizes=\"(max-width: 800px) 100vw, 800px\" data-recalc-dims=\"1\" \/><\/a><\/p>\n<div id=\"attachment_1789\" style=\"width: 810px\" class=\"wp-caption alignnone\"><a href=\"https:\/\/i0.wp.com\/duplagourmet.com.br\/wp-content\/uploads\/2015\/10\/11046859_358811574321699_6852188540480759511_n.jpg\"><img aria-describedby=\"caption-attachment-1789\" decoding=\"async\" loading=\"lazy\" class=\"wp-image-1789\" src=\"https:\/\/i0.wp.com\/duplagourmet.com.br\/wp-content\/uploads\/2015\/10\/11046859_358811574321699_6852188540480759511_n.jpg?resize=800%2C534\" alt=\"11046859_358811574321699_6852188540480759511_n\" width=\"800\" height=\"534\" srcset=\"https:\/\/i0.wp.com\/duplagourmet.com.br\/wp-content\/uploads\/2015\/10\/11046859_358811574321699_6852188540480759511_n.jpg?resize=632%2C422 632w, https:\/\/i0.wp.com\/duplagourmet.com.br\/wp-content\/uploads\/2015\/10\/11046859_358811574321699_6852188540480759511_n.jpg?resize=569%2C380 569w, https:\/\/i0.wp.com\/duplagourmet.com.br\/wp-content\/uploads\/2015\/10\/11046859_358811574321699_6852188540480759511_n.jpg?w=960 960w\" sizes=\"(max-width: 800px) 100vw, 800px\" data-recalc-dims=\"1\" \/><\/a><p id=\"caption-attachment-1789\" class=\"wp-caption-text\">Foto: Camale\u00e3o Pic &#8211; Facebook Casa Italia<\/p><\/div>\n<p><span style=\"color: #000000;\">A<\/span><span style=\"color: #000000;\">\u00a0Casa It\u00e1lia Quiririm<\/span>\u00a0realmente te transporta para outro pa\u00eds.<br \/>\nComida deliciosa, ambientes lindos e clima impag\u00e1vel.<br \/>\nAos fins de semana normalmente tem sempre um m\u00fasico tocando piano na varanda, uma delicia!<br \/>\nO card\u00e1pio \u00e9 excelente, por\u00e9m como bons paulistanos que somos, experimentamos as pizzas e adoramos.<\/p>\n<p style=\"text-align: left;\"><strong><span style=\"color: #000000;\"><a style=\"color: #000000;\" href=\"http:\/\/duplagourmet.com.br\/wp-content\/uploads\/2015\/10\/IMG_4289.jpg\">Dist\u00e2ncia da Cidade de S\u00e3o Paulo:<\/a><\/span><span style=\"color: #000000;\">\u00a0\u00a0<\/span><\/strong><span style=\"color: #000000;\">125 km<\/span><br \/>\n<strong>Endere\u00e7o:<\/strong> Rua Coronel Jos\u00e9 Benedito Marcondes de Mattos, 680 &#8211; Quiririm, Taubat\u00e9 &#8211; SP<\/p>\n<h4 style=\"text-align: center;\"><strong>Vila Don Patto<\/strong><br \/>\n<a href=\"https:\/\/i0.wp.com\/duplagourmet.com.br\/wp-content\/uploads\/2015\/10\/MG_0278.jpg\"><img decoding=\"async\" loading=\"lazy\" class=\"alignnone wp-image-1814\" src=\"https:\/\/i0.wp.com\/duplagourmet.com.br\/wp-content\/uploads\/2015\/10\/MG_0278.jpg?resize=800%2C500\" alt=\"_MG_0278\" width=\"800\" height=\"500\" srcset=\"https:\/\/i0.wp.com\/duplagourmet.com.br\/wp-content\/uploads\/2015\/10\/MG_0278.jpg?resize=632%2C395 632w, https:\/\/i0.wp.com\/duplagourmet.com.br\/wp-content\/uploads\/2015\/10\/MG_0278.jpg?resize=1020%2C637 1020w, https:\/\/i0.wp.com\/duplagourmet.com.br\/wp-content\/uploads\/2015\/10\/MG_0278.jpg?resize=608%2C380 608w, https:\/\/i0.wp.com\/duplagourmet.com.br\/wp-content\/uploads\/2015\/10\/MG_0278.jpg?w=1600 1600w, https:\/\/i0.wp.com\/duplagourmet.com.br\/wp-content\/uploads\/2015\/10\/MG_0278.jpg?w=2400 2400w\" sizes=\"(max-width: 800px) 100vw, 800px\" data-recalc-dims=\"1\" \/><\/a><\/h4>\n<p><a href=\"https:\/\/i0.wp.com\/duplagourmet.com.br\/wp-content\/uploads\/2015\/10\/vila-don-patto.jpg\"><img decoding=\"async\" loading=\"lazy\" class=\"alignnone wp-image-1813\" src=\"https:\/\/i0.wp.com\/duplagourmet.com.br\/wp-content\/uploads\/2015\/10\/vila-don-patto.jpg?resize=800%2C601\" alt=\"vila-don-patto\" width=\"800\" height=\"601\" srcset=\"https:\/\/i0.wp.com\/duplagourmet.com.br\/wp-content\/uploads\/2015\/10\/vila-don-patto.jpg?w=550 550w, https:\/\/i0.wp.com\/duplagourmet.com.br\/wp-content\/uploads\/2015\/10\/vila-don-patto.jpg?resize=506%2C380 506w\" sizes=\"(max-width: 800px) 100vw, 800px\" data-recalc-dims=\"1\" \/><\/a><\/p>\n<div id=\"attachment_1816\" style=\"width: 810px\" class=\"wp-caption alignnone\"><a href=\"https:\/\/i0.wp.com\/duplagourmet.com.br\/wp-content\/uploads\/2015\/10\/tp9tkq38cwgc8wkkw4.png\"><img aria-describedby=\"caption-attachment-1816\" decoding=\"async\" loading=\"lazy\" class=\"wp-image-1816\" src=\"https:\/\/i0.wp.com\/duplagourmet.com.br\/wp-content\/uploads\/2015\/10\/tp9tkq38cwgc8wkkw4.png?resize=800%2C800\" width=\"800\" height=\"800\" srcset=\"https:\/\/i0.wp.com\/duplagourmet.com.br\/wp-content\/uploads\/2015\/10\/tp9tkq38cwgc8wkkw4.png?w=600 600w, https:\/\/i0.wp.com\/duplagourmet.com.br\/wp-content\/uploads\/2015\/10\/tp9tkq38cwgc8wkkw4.png?resize=90%2C90 90w, https:\/\/i0.wp.com\/duplagourmet.com.br\/wp-content\/uploads\/2015\/10\/tp9tkq38cwgc8wkkw4.png?resize=380%2C380 380w\" sizes=\"(max-width: 800px) 100vw, 800px\" data-recalc-dims=\"1\" \/><\/a><p id=\"caption-attachment-1816\" class=\"wp-caption-text\">Fotos: Tripadvisor \/ Site Oficial Vila Don Patto<\/p><\/div>\n<p style=\"text-align: left;\">A Vila Don Patto \u00e9 \u00a0simplesmente o para\u00edso para o seu final de semana!<br \/>\nUm restaurante delicioso no meio da estrada do vinho!<br \/>\nA Villa Don Patto conta com um restaurante incr\u00edvel de comida portuguesa, adega, emp\u00f3rio, caf\u00e9, sorveteria, heliponto, \u00a0artesanato, fazendinha e playground.<br \/>\nTudo com muito espa\u00e7o para as crian\u00e7as brincarem, enquanto os adultos passeiam pela adega ou compram lembrancinhas de artesanato.<br \/>\nE se todos quiserem apenas comer e relaxar.. a Vila disponibiliza deliciosas redes com vista para a montanha.\u00a0<a href=\"http:\/\/duplagourmet.com.br\/wp-content\/uploads\/2015\/10\/MG_0278.jpg\"><br \/>\n<\/a><a href=\"http:\/\/duplagourmet.com.br\/wp-content\/uploads\/2015\/10\/tp9tkq38cwgc8wkkw4.png\"><br \/>\n<\/a><a style=\"color: #000000;\" href=\"http:\/\/duplagourmet.com.br\/wp-content\/uploads\/2015\/10\/IMG_4289.jpg\"><strong>Dist\u00e2ncia da Cidade de S\u00e3o Paulo:<\/strong> 59 km<\/a><br \/>\n<strong>Endere\u00e7o:<\/strong> <span class=\"_Xbe\">Estrada do Vinho (Spv-077), S\u00e3o Roque &#8211; SP<\/span><\/p>\n<p>&nbsp;<\/p>\n<h4 style=\"text-align: center;\"><strong>Oh, P\u00e1!<\/strong><\/h4>\n<p><img decoding=\"async\" loading=\"lazy\" class=\"alignnone wp-image-3607 size-full\" src=\"https:\/\/i0.wp.com\/duplagourmet.com.br\/wp-content\/uploads\/2015\/10\/mudart534.jpg?resize=800%2C398\" alt=\"mudart534\" width=\"800\" height=\"398\" srcset=\"https:\/\/i0.wp.com\/duplagourmet.com.br\/wp-content\/uploads\/2015\/10\/mudart534.jpg?w=800 800w, https:\/\/i0.wp.com\/duplagourmet.com.br\/wp-content\/uploads\/2015\/10\/mudart534.jpg?resize=650%2C323 650w\" sizes=\"(max-width: 800px) 100vw, 800px\" data-recalc-dims=\"1\" \/><\/p>\n<p><img decoding=\"async\" loading=\"lazy\" class=\"alignnone wp-image-3605 size-full\" src=\"https:\/\/i0.wp.com\/duplagourmet.com.br\/wp-content\/uploads\/2015\/10\/mudar244.jpg?resize=800%2C472\" alt=\"mudar244\" width=\"800\" height=\"472\" srcset=\"https:\/\/i0.wp.com\/duplagourmet.com.br\/wp-content\/uploads\/2015\/10\/mudar244.jpg?w=800 800w, https:\/\/i0.wp.com\/duplagourmet.com.br\/wp-content\/uploads\/2015\/10\/mudar244.jpg?resize=650%2C384 650w\" sizes=\"(max-width: 800px) 100vw, 800px\" data-recalc-dims=\"1\" \/><\/p>\n<div id=\"attachment_1761\" style=\"width: 810px\" class=\"wp-caption alignnone\"><a href=\"https:\/\/i0.wp.com\/duplagourmet.com.br\/wp-content\/uploads\/2015\/10\/1-92.jpg\"><img aria-describedby=\"caption-attachment-1761\" decoding=\"async\" loading=\"lazy\" class=\"wp-image-1761\" src=\"https:\/\/i0.wp.com\/duplagourmet.com.br\/wp-content\/uploads\/2015\/10\/1-92.jpg?resize=800%2C487\" alt=\"1-92\" width=\"800\" height=\"487\" srcset=\"https:\/\/i0.wp.com\/duplagourmet.com.br\/wp-content\/uploads\/2015\/10\/1-92.jpg?resize=632%2C385 632w, https:\/\/i0.wp.com\/duplagourmet.com.br\/wp-content\/uploads\/2015\/10\/1-92.jpg?resize=625%2C380 625w, https:\/\/i0.wp.com\/duplagourmet.com.br\/wp-content\/uploads\/2015\/10\/1-92.jpg?w=950 950w\" sizes=\"(max-width: 800px) 100vw, 800px\" data-recalc-dims=\"1\" \/><\/a><p id=\"caption-attachment-1761\" class=\"wp-caption-text\">Fotos: Site oficial Oh P\u00e1!<\/p><\/div>\n<p>O restaurante Oh, P\u00e1! \u00e9 simplesmente encantador.<br \/>\nUm restaurante dentro de um casar\u00e3o, com\u00a0uma\u00a0comida portuguesa inesquec\u00edvel!<br \/>\nOs pratos mais queridinhos da casa s\u00e3o compostos por bacalhau e o nosso favorito \u00e9 o Bacalhau a Lagareiro, que \u00e9 \u00a0servido com batatas ao murro.<br \/>\nA decora\u00e7\u00e3o \u00e9 de encher os olhos, cheio de carinho em cada detalhe.<br \/>\nUm casar\u00e3o estilo fazenda, que nos oferece aquela sensa\u00e7\u00e3o de paz e alegria que s\u00f3 encontramos quando estamos no meio do mato.<\/p>\n<p><strong><span style=\"color: #000000;\"><a style=\"color: #000000;\" href=\"http:\/\/duplagourmet.com.br\/wp-content\/uploads\/2015\/10\/IMG_4289.jpg\">Dist\u00e2ncia da Cidade de S\u00e3o Paulo:<\/a><\/span><span style=\"color: #000000;\">\u00a0 <\/span><\/strong><span style=\"color: #000000;\">49KM<\/span><br \/>\n<span class=\"_xdb\"><strong>Endere\u00e7o:<\/strong> <\/span><span class=\"_Xbe\">R. Carmela Memolo, 81 &#8211; Vila Thais, Atibaia -SP<\/span><\/p>\n<h2 style=\"text-align: center;\"><strong>Siga-nos no instagram &#8211; @duplagourmet<\/strong><\/h2>\n\n<div style=\"font-size: 0px; height: 0px; line-height: 0px; margin: 0; padding: 0; clear: both;\"><\/div>","protected":false},"excerpt":{"rendered":"<p>Final de semana \u00e9 sempre um tempo delicioso para curtir os dias com a fam\u00edlia e amigos. Hoje trouxemos 10 restaurantes incr\u00edveis, todo\u00a0pertinhos de S\u00e3o Paulo e o principal \u00a0de tudo: COM CARA DE VIAGEM! Amamos ver o verde da estrada, sentir a natureza, comer uma \u00f3tima comida e ter um dia longe da correria [&hellip;]<\/p>\n","protected":false},"author":1,"featured_media":3460,"comment_status":"open","ping_status":"open","sticky":false,"template":"","format":"standard","meta":{"jetpack_post_was_ever_published":false,"_jetpack_newsletter_access":"","_jetpack_newsletter_tier_id":0},"categories":[270,8,231,225],"tags":[],"yoast_head":"<!-- This site is optimized with the Yoast SEO plugin v20.2.1 - https:\/\/yoast.com\/wordpress\/plugins\/seo\/ -->\n<title>10 restaurantes incr\u00edveis com cara de viagem perto de S\u00e3o Paulo -<\/title>\n<meta name=\"description\" content=\"10 Restaurantes Incr\u00edveis com CARA DE VIAGEM perto de S\u00e3o Paulo\" \/>\n<meta name=\"robots\" content=\"index, follow, max-snippet:-1, max-image-preview:large, max-video-preview:-1\" \/>\n<link rel=\"canonical\" href=\"https:\/\/duplagourmet.com.br\/index.php\/2015\/10\/17\/10-restaurantes-incriveis-com-cara-de-viagem-perto-de-sao-paulo\/\" \/>\n<meta property=\"og:locale\" content=\"pt_BR\" \/>\n<meta property=\"og:type\" content=\"article\" \/>\n<meta property=\"og:title\" content=\"10 restaurantes incr\u00edveis com cara de viagem perto de S\u00e3o Paulo -\" \/>\n<meta property=\"og:description\" content=\"10 Restaurantes Incr\u00edveis com CARA DE VIAGEM perto de S\u00e3o Paulo\" \/>\n<meta property=\"og:url\" content=\"https:\/\/duplagourmet.com.br\/index.php\/2015\/10\/17\/10-restaurantes-incriveis-com-cara-de-viagem-perto-de-sao-paulo\/\" \/>\n<meta property=\"article:publisher\" content=\"https:\/\/www.facebook.com\/duplagourmet\" \/>\n<meta property=\"article:published_time\" content=\"2015-10-17T13:23:49+00:00\" \/>\n<meta property=\"article:modified_time\" content=\"2018-11-27T14:35:19+00:00\" \/>\n<meta property=\"og:image\" content=\"https:\/\/i0.wp.com\/duplagourmet.com.br\/wp-content\/uploads\/2015\/10\/DUPLAGOURMET.jpg?fit=520%2C346&ssl=1\" \/>\n\t<meta property=\"og:image:width\" content=\"520\" \/>\n\t<meta property=\"og:image:height\" content=\"346\" \/>\n\t<meta property=\"og:image:type\" content=\"image\/jpeg\" \/>\n<meta name=\"author\" content=\"Lais Trov\u00e3o\" \/>\n<meta name=\"twitter:card\" content=\"summary_large_image\" \/>\n<meta name=\"twitter:creator\" content=\"@DuplaGourmet\" \/>\n<meta name=\"twitter:site\" content=\"@DuplaGourmet\" \/>\n<meta name=\"twitter:label1\" content=\"Escrito por\" \/>\n\t<meta name=\"twitter:data1\" content=\"Lais Trov\u00e3o\" \/>\n\t<meta name=\"twitter:label2\" content=\"Est. tempo de leitura\" \/>\n\t<meta name=\"twitter:data2\" content=\"6 minutos\" \/>\n<script type=\"application\/ld+json\" class=\"yoast-schema-graph\">{\"@context\":\"https:\/\/schema.org\",\"@graph\":[{\"@type\":\"Article\",\"@id\":\"https:\/\/duplagourmet.com.br\/index.php\/2015\/10\/17\/10-restaurantes-incriveis-com-cara-de-viagem-perto-de-sao-paulo\/#article\",\"isPartOf\":{\"@id\":\"https:\/\/duplagourmet.com.br\/index.php\/2015\/10\/17\/10-restaurantes-incriveis-com-cara-de-viagem-perto-de-sao-paulo\/\"},\"author\":{\"name\":\"Lais Trov\u00e3o\",\"@id\":\"https:\/\/duplagourmet.com.br\/#\/schema\/person\/888065adf1bf32ae6ab307c7362db9b1\"},\"headline\":\"10 restaurantes incr\u00edveis com cara de viagem perto de S\u00e3o Paulo\",\"datePublished\":\"2015-10-17T13:23:49+00:00\",\"dateModified\":\"2018-11-27T14:35:19+00:00\",\"mainEntityOfPage\":{\"@id\":\"https:\/\/duplagourmet.com.br\/index.php\/2015\/10\/17\/10-restaurantes-incriveis-com-cara-de-viagem-perto-de-sao-paulo\/\"},\"wordCount\":1218,\"commentCount\":126,\"publisher\":{\"@id\":\"https:\/\/duplagourmet.com.br\/#organization\"},\"articleSection\":[\"Brasil\",\"Comendo Fora\",\"Interior de S\u00e3o Paulo\",\"Viagens\"],\"inLanguage\":\"pt-BR\",\"potentialAction\":[{\"@type\":\"CommentAction\",\"name\":\"Comment\",\"target\":[\"https:\/\/duplagourmet.com.br\/index.php\/2015\/10\/17\/10-restaurantes-incriveis-com-cara-de-viagem-perto-de-sao-paulo\/#respond\"]}]},{\"@type\":\"WebPage\",\"@id\":\"https:\/\/duplagourmet.com.br\/index.php\/2015\/10\/17\/10-restaurantes-incriveis-com-cara-de-viagem-perto-de-sao-paulo\/\",\"url\":\"https:\/\/duplagourmet.com.br\/index.php\/2015\/10\/17\/10-restaurantes-incriveis-com-cara-de-viagem-perto-de-sao-paulo\/\",\"name\":\"10 restaurantes incr\u00edveis com cara de viagem perto de S\u00e3o Paulo -\",\"isPartOf\":{\"@id\":\"https:\/\/duplagourmet.com.br\/#website\"},\"datePublished\":\"2015-10-17T13:23:49+00:00\",\"dateModified\":\"2018-11-27T14:35:19+00:00\",\"description\":\"10 Restaurantes Incr\u00edveis com CARA DE VIAGEM perto de S\u00e3o Paulo\",\"breadcrumb\":{\"@id\":\"https:\/\/duplagourmet.com.br\/index.php\/2015\/10\/17\/10-restaurantes-incriveis-com-cara-de-viagem-perto-de-sao-paulo\/#breadcrumb\"},\"inLanguage\":\"pt-BR\",\"potentialAction\":[{\"@type\":\"ReadAction\",\"target\":[\"https:\/\/duplagourmet.com.br\/index.php\/2015\/10\/17\/10-restaurantes-incriveis-com-cara-de-viagem-perto-de-sao-paulo\/\"]}]},{\"@type\":\"BreadcrumbList\",\"@id\":\"https:\/\/duplagourmet.com.br\/index.php\/2015\/10\/17\/10-restaurantes-incriveis-com-cara-de-viagem-perto-de-sao-paulo\/#breadcrumb\",\"itemListElement\":[{\"@type\":\"ListItem\",\"position\":1,\"name\":\"In\u00edcio\",\"item\":\"https:\/\/duplagourmet.com.br\/\"},{\"@type\":\"ListItem\",\"position\":2,\"name\":\"10 restaurantes incr\u00edveis com cara de viagem perto de S\u00e3o Paulo\"}]},{\"@type\":\"WebSite\",\"@id\":\"https:\/\/duplagourmet.com.br\/#website\",\"url\":\"https:\/\/duplagourmet.com.br\/\",\"name\":\"\",\"description\":\"Site de Gastronomia e Viagens\",\"publisher\":{\"@id\":\"https:\/\/duplagourmet.com.br\/#organization\"},\"potentialAction\":[{\"@type\":\"SearchAction\",\"target\":{\"@type\":\"EntryPoint\",\"urlTemplate\":\"https:\/\/duplagourmet.com.br\/?s={search_term_string}\"},\"query-input\":\"required name=search_term_string\"}],\"inLanguage\":\"pt-BR\"},{\"@type\":\"Organization\",\"@id\":\"https:\/\/duplagourmet.com.br\/#organization\",\"name\":\"Dupla Gourmet\",\"url\":\"https:\/\/duplagourmet.com.br\/\",\"logo\":{\"@type\":\"ImageObject\",\"inLanguage\":\"pt-BR\",\"@id\":\"https:\/\/duplagourmet.com.br\/#\/schema\/logo\/image\/\",\"url\":\"https:\/\/i0.wp.com\/duplagourmet.com.br\/wp-content\/uploads\/2015\/07\/LOGO.jpg?fit=2120%2C1193&ssl=1\",\"contentUrl\":\"https:\/\/i0.wp.com\/duplagourmet.com.br\/wp-content\/uploads\/2015\/07\/LOGO.jpg?fit=2120%2C1193&ssl=1\",\"width\":2120,\"height\":1193,\"caption\":\"Dupla Gourmet\"},\"image\":{\"@id\":\"https:\/\/duplagourmet.com.br\/#\/schema\/logo\/image\/\"},\"sameAs\":[\"https:\/\/www.facebook.com\/duplagourmet\",\"https:\/\/twitter.com\/DuplaGourmet\",\"https:\/\/instagram.com\/duplagourmet\/\"]},{\"@type\":\"Person\",\"@id\":\"https:\/\/duplagourmet.com.br\/#\/schema\/person\/888065adf1bf32ae6ab307c7362db9b1\",\"name\":\"Lais Trov\u00e3o\",\"image\":{\"@type\":\"ImageObject\",\"inLanguage\":\"pt-BR\",\"@id\":\"https:\/\/duplagourmet.com.br\/#\/schema\/person\/image\/\",\"url\":\"http:\/\/2.gravatar.com\/avatar\/21dda7f6b6103bd096caaf547327b1d9?s=96&d=mm&r=g\",\"contentUrl\":\"http:\/\/2.gravatar.com\/avatar\/21dda7f6b6103bd096caaf547327b1d9?s=96&d=mm&r=g\",\"caption\":\"Lais Trov\u00e3o\"},\"sameAs\":[\"http:\/\/duplagourmet.com.br\/\"],\"url\":\"http:\/\/duplagourmet.com.br\/index.php\/author\/lais_divinohotmail-com\/\"}]}<\/script>\n<!-- \/ Yoast SEO plugin. -->","yoast_head_json":{"title":"10 restaurantes incr\u00edveis com cara de viagem perto de S\u00e3o Paulo -","description":"10 Restaurantes Incr\u00edveis com CARA DE VIAGEM perto de S\u00e3o Paulo","robots":{"index":"index","follow":"follow","max-snippet":"max-snippet:-1","max-image-preview":"max-image-preview:large","max-video-preview":"max-video-preview:-1"},"canonical":"https:\/\/duplagourmet.com.br\/index.php\/2015\/10\/17\/10-restaurantes-incriveis-com-cara-de-viagem-perto-de-sao-paulo\/","og_locale":"pt_BR","og_type":"article","og_title":"10 restaurantes incr\u00edveis com cara de viagem perto de S\u00e3o Paulo -","og_description":"10 Restaurantes Incr\u00edveis com CARA DE VIAGEM perto de S\u00e3o Paulo","og_url":"https:\/\/duplagourmet.com.br\/index.php\/2015\/10\/17\/10-restaurantes-incriveis-com-cara-de-viagem-perto-de-sao-paulo\/","article_publisher":"https:\/\/www.facebook.com\/duplagourmet","article_published_time":"2015-10-17T13:23:49+00:00","article_modified_time":"2018-11-27T14:35:19+00:00","og_image":[{"width":520,"height":346,"url":"https:\/\/i0.wp.com\/duplagourmet.com.br\/wp-content\/uploads\/2015\/10\/DUPLAGOURMET.jpg?fit=520%2C346&ssl=1","type":"image\/jpeg"}],"author":"Lais Trov\u00e3o","twitter_card":"summary_large_image","twitter_creator":"@DuplaGourmet","twitter_site":"@DuplaGourmet","twitter_misc":{"Escrito por":"Lais Trov\u00e3o","Est. tempo de leitura":"6 minutos"},"schema":{"@context":"https:\/\/schema.org","@graph":[{"@type":"Article","@id":"https:\/\/duplagourmet.com.br\/index.php\/2015\/10\/17\/10-restaurantes-incriveis-com-cara-de-viagem-perto-de-sao-paulo\/#article","isPartOf":{"@id":"https:\/\/duplagourmet.com.br\/index.php\/2015\/10\/17\/10-restaurantes-incriveis-com-cara-de-viagem-perto-de-sao-paulo\/"},"author":{"name":"Lais Trov\u00e3o","@id":"https:\/\/duplagourmet.com.br\/#\/schema\/person\/888065adf1bf32ae6ab307c7362db9b1"},"headline":"10 restaurantes incr\u00edveis com cara de viagem perto de S\u00e3o Paulo","datePublished":"2015-10-17T13:23:49+00:00","dateModified":"2018-11-27T14:35:19+00:00","mainEntityOfPage":{"@id":"https:\/\/duplagourmet.com.br\/index.php\/2015\/10\/17\/10-restaurantes-incriveis-com-cara-de-viagem-perto-de-sao-paulo\/"},"wordCount":1218,"commentCount":126,"publisher":{"@id":"https:\/\/duplagourmet.com.br\/#organization"},"articleSection":["Brasil","Comendo Fora","Interior de S\u00e3o Paulo","Viagens"],"inLanguage":"pt-BR","potentialAction":[{"@type":"CommentAction","name":"Comment","target":["https:\/\/duplagourmet.com.br\/index.php\/2015\/10\/17\/10-restaurantes-incriveis-com-cara-de-viagem-perto-de-sao-paulo\/#respond"]}]},{"@type":"WebPage","@id":"https:\/\/duplagourmet.com.br\/index.php\/2015\/10\/17\/10-restaurantes-incriveis-com-cara-de-viagem-perto-de-sao-paulo\/","url":"https:\/\/duplagourmet.com.br\/index.php\/2015\/10\/17\/10-restaurantes-incriveis-com-cara-de-viagem-perto-de-sao-paulo\/","name":"10 restaurantes incr\u00edveis com cara de viagem perto de S\u00e3o Paulo -","isPartOf":{"@id":"https:\/\/duplagourmet.com.br\/#website"},"datePublished":"2015-10-17T13:23:49+00:00","dateModified":"2018-11-27T14:35:19+00:00","description":"10 Restaurantes Incr\u00edveis com CARA DE VIAGEM perto de S\u00e3o Paulo","breadcrumb":{"@id":"https:\/\/duplagourmet.com.br\/index.php\/2015\/10\/17\/10-restaurantes-incriveis-com-cara-de-viagem-perto-de-sao-paulo\/#breadcrumb"},"inLanguage":"pt-BR","potentialAction":[{"@type":"ReadAction","target":["https:\/\/duplagourmet.com.br\/index.php\/2015\/10\/17\/10-restaurantes-incriveis-com-cara-de-viagem-perto-de-sao-paulo\/"]}]},{"@type":"BreadcrumbList","@id":"https:\/\/duplagourmet.com.br\/index.php\/2015\/10\/17\/10-restaurantes-incriveis-com-cara-de-viagem-perto-de-sao-paulo\/#breadcrumb","itemListElement":[{"@type":"ListItem","position":1,"name":"In\u00edcio","item":"https:\/\/duplagourmet.com.br\/"},{"@type":"ListItem","position":2,"name":"10 restaurantes incr\u00edveis com cara de viagem perto de S\u00e3o Paulo"}]},{"@type":"WebSite","@id":"https:\/\/duplagourmet.com.br\/#website","url":"https:\/\/duplagourmet.com.br\/","name":"","description":"Site de Gastronomia e Viagens","publisher":{"@id":"https:\/\/duplagourmet.com.br\/#organization"},"potentialAction":[{"@type":"SearchAction","target":{"@type":"EntryPoint","urlTemplate":"https:\/\/duplagourmet.com.br\/?s={search_term_string}"},"query-input":"required name=search_term_string"}],"inLanguage":"pt-BR"},{"@type":"Organization","@id":"https:\/\/duplagourmet.com.br\/#organization","name":"Dupla Gourmet","url":"https:\/\/duplagourmet.com.br\/","logo":{"@type":"ImageObject","inLanguage":"pt-BR","@id":"https:\/\/duplagourmet.com.br\/#\/schema\/logo\/image\/","url":"https:\/\/i0.wp.com\/duplagourmet.com.br\/wp-content\/uploads\/2015\/07\/LOGO.jpg?fit=2120%2C1193&ssl=1","contentUrl":"https:\/\/i0.wp.com\/duplagourmet.com.br\/wp-content\/uploads\/2015\/07\/LOGO.jpg?fit=2120%2C1193&ssl=1","width":2120,"height":1193,"caption":"Dupla Gourmet"},"image":{"@id":"https:\/\/duplagourmet.com.br\/#\/schema\/logo\/image\/"},"sameAs":["https:\/\/www.facebook.com\/duplagourmet","https:\/\/twitter.com\/DuplaGourmet","https:\/\/instagram.com\/duplagourmet\/"]},{"@type":"Person","@id":"https:\/\/duplagourmet.com.br\/#\/schema\/person\/888065adf1bf32ae6ab307c7362db9b1","name":"Lais Trov\u00e3o","image":{"@type":"ImageObject","inLanguage":"pt-BR","@id":"https:\/\/duplagourmet.com.br\/#\/schema\/person\/image\/","url":"http:\/\/2.gravatar.com\/avatar\/21dda7f6b6103bd096caaf547327b1d9?s=96&d=mm&r=g","contentUrl":"http:\/\/2.gravatar.com\/avatar\/21dda7f6b6103bd096caaf547327b1d9?s=96&d=mm&r=g","caption":"Lais Trov\u00e3o"},"sameAs":["http:\/\/duplagourmet.com.br\/"],"url":"http:\/\/duplagourmet.com.br\/index.php\/author\/lais_divinohotmail-com\/"}]}},"jetpack_sharing_enabled":true,"jetpack_featured_media_url":"https:\/\/i0.wp.com\/duplagourmet.com.br\/wp-content\/uploads\/2015\/10\/DUPLAGOURMET.jpg?fit=520%2C346","jetpack_shortlink":"https:\/\/wp.me\/p67KK6-r3","_links":{"self":[{"href":"http:\/\/duplagourmet.com.br\/index.php\/wp-json\/wp\/v2\/posts\/1677"}],"collection":[{"href":"http:\/\/duplagourmet.com.br\/index.php\/wp-json\/wp\/v2\/posts"}],"about":[{"href":"http:\/\/duplagourmet.com.br\/index.php\/wp-json\/wp\/v2\/types\/post"}],"author":[{"embeddable":true,"href":"http:\/\/duplagourmet.com.br\/index.php\/wp-json\/wp\/v2\/users\/1"}],"replies":[{"embeddable":true,"href":"http:\/\/duplagourmet.com.br\/index.php\/wp-json\/wp\/v2\/comments?post=1677"}],"version-history":[{"count":3,"href":"http:\/\/duplagourmet.com.br\/index.php\/wp-json\/wp\/v2\/posts\/1677\/revisions"}],"predecessor-version":[{"id":12109,"href":"http:\/\/duplagourmet.com.br\/index.php\/wp-json\/wp\/v2\/posts\/1677\/revisions\/12109"}],"wp:featuredmedia":[{"embeddable":true,"href":"http:\/\/duplagourmet.com.br\/index.php\/wp-json\/wp\/v2\/media\/3460"}],"wp:attachment":[{"href":"http:\/\/duplagourmet.com.br\/index.php\/wp-json\/wp\/v2\/media?parent=1677"}],"wp:term":[{"taxonomy":"category","embeddable":true,"href":"http:\/\/duplagourmet.com.br\/index.php\/wp-json\/wp\/v2\/categories?post=1677"},{"taxonomy":"post_tag","embeddable":true,"href":"http:\/\/duplagourmet.com.br\/index.php\/wp-json\/wp\/v2\/tags?post=1677"}],"curies":[{"name":"wp","href":"https:\/\/api.w.org\/{rel}","templated":true}]}}