{"id":13150,"date":"2019-03-15T21:06:05","date_gmt":"2019-03-15T21:06:05","guid":{"rendered":"http:\/\/duplagourmet.com.br\/?p=13150"},"modified":"2019-04-18T23:35:53","modified_gmt":"2019-04-18T23:35:53","slug":"a-cafeteria-mais-aconchegante-de-sao-paulo-fica-na-zona-norte","status":"publish","type":"post","link":"http:\/\/duplagourmet.com.br\/index.php\/2019\/03\/15\/a-cafeteria-mais-aconchegante-de-sao-paulo-fica-na-zona-norte\/","title":{"rendered":"A cafeteria mais aconchegante de S\u00e3o Paulo fica na Zona Norte"},"content":{"rendered":"<div class=\"0d3c8bb807db4512cec61ce0ce609918\" data-index=\"1\" style=\"float: right; margin:10px 0 10px 10px;\">\n<script async src=\"\/\/pagead2.googlesyndication.com\/pagead\/js\/adsbygoogle.js\"><\/script>\r\n<!-- Dupla -->\r\n<ins class=\"adsbygoogle\"\r\n     style=\"display:inline-block;width:336px;height:280px\"\r\n     data-ad-client=\"ca-pub-5223135331964240\"\r\n     data-ad-slot=\"1820166419\"><\/ins>\r\n<script>\r\n(adsbygoogle = window.adsbygoogle || []).push({});\r\n<\/script>\n<\/div>\n<p>N\u00f3s somos suspeitos para falar da Zona Norte de S\u00e3o Paulo!<br \/>\nN\u00e3o sabemos explicar o motivo, mas n\u00f3s amamos cada pedacinho dessa \u00e1rea e n\u00e3o saber\u00edamos viver em outro lugar. Somos apaixonados pela regi\u00e3o e pelo nosso Bairro, que \u00e9 Santana.<br \/>\nPor esse motivo visitamos cada novo restaurante, caf\u00e9 ou padaria que abre por aqui.<br \/>\nE \u00e9 com muita alegria que falamos desse lugar (recentemente reformado e com novos donos) que nos encheu de orgulho!<br \/>\nO Blends Caf\u00e9 &amp; Cultura funciona assim: Voc\u00ea chega e na entrada tem um espa\u00e7o que funciona como uma banca de jornal. Quando a porta abre, j\u00e1 vem aquele cheiro de caf\u00e9 misturado com revista que invade a sua alma de t\u00e3o bom rsrs.<br \/>\nVoc\u00ea anda mais um pouco e encontra uma prateleira repleta de caf\u00e9s especiais.<br \/>\nOs &#8220;doidos do caf\u00e9&#8221; choram quando entram rsrs.\u00a0Logo no fundo fica o espa\u00e7o fisico do caf\u00e9 com mesas e cadeiras e\u00a0quando voc\u00ea senta, o show come\u00e7a!<br \/>\nSe voc\u00ea \u00e9 da ZN (ou n\u00e3o rsrs) simplesmente pegue suas coisas e v\u00e1 agora.<\/p>\n<p><img decoding=\"async\" loading=\"lazy\" class=\"alignnone wp-image-13299 size-large\" src=\"https:\/\/i0.wp.com\/duplagourmet.com.br\/wp-content\/uploads\/2019\/03\/IMG_8200.jpg?resize=800%2C533\" alt=\"\" width=\"800\" height=\"533\" srcset=\"https:\/\/i0.wp.com\/duplagourmet.com.br\/wp-content\/uploads\/2019\/03\/IMG_8200.jpg?resize=1140%2C760 1140w, https:\/\/i0.wp.com\/duplagourmet.com.br\/wp-content\/uploads\/2019\/03\/IMG_8200.jpg?resize=650%2C433 650w, https:\/\/i0.wp.com\/duplagourmet.com.br\/wp-content\/uploads\/2019\/03\/IMG_8200.jpg?w=1280 1280w\" sizes=\"(max-width: 800px) 100vw, 800px\" data-recalc-dims=\"1\" \/><\/p>\n<p><img decoding=\"async\" loading=\"lazy\" class=\"alignnone wp-image-13300 size-full\" src=\"https:\/\/i0.wp.com\/duplagourmet.com.br\/wp-content\/uploads\/2019\/03\/IMG_8212-1.jpg?resize=800%2C533\" alt=\"\" width=\"800\" height=\"533\" srcset=\"https:\/\/i0.wp.com\/duplagourmet.com.br\/wp-content\/uploads\/2019\/03\/IMG_8212-1.jpg?w=1280 1280w, https:\/\/i0.wp.com\/duplagourmet.com.br\/wp-content\/uploads\/2019\/03\/IMG_8212-1.jpg?resize=650%2C433 650w, https:\/\/i0.wp.com\/duplagourmet.com.br\/wp-content\/uploads\/2019\/03\/IMG_8212-1.jpg?resize=1140%2C760 1140w\" sizes=\"(max-width: 800px) 100vw, 800px\" data-recalc-dims=\"1\" \/><\/p>\n<p><img decoding=\"async\" loading=\"lazy\" class=\"alignnone wp-image-13172 size-large\" src=\"https:\/\/i0.wp.com\/duplagourmet.com.br\/wp-content\/uploads\/2019\/03\/IMG_8254.jpg?resize=800%2C533\" alt=\"\" width=\"800\" height=\"533\" srcset=\"https:\/\/i0.wp.com\/duplagourmet.com.br\/wp-content\/uploads\/2019\/03\/IMG_8254.jpg?resize=1140%2C760 1140w, https:\/\/i0.wp.com\/duplagourmet.com.br\/wp-content\/uploads\/2019\/03\/IMG_8254.jpg?resize=650%2C433 650w, https:\/\/i0.wp.com\/duplagourmet.com.br\/wp-content\/uploads\/2019\/03\/IMG_8254.jpg?w=1600 1600w, https:\/\/i0.wp.com\/duplagourmet.com.br\/wp-content\/uploads\/2019\/03\/IMG_8254.jpg?w=2400 2400w\" sizes=\"(max-width: 800px) 100vw, 800px\" data-recalc-dims=\"1\" \/><\/p>\n<p><img decoding=\"async\" loading=\"lazy\" class=\"alignnone wp-image-13315 size-full\" src=\"https:\/\/i0.wp.com\/duplagourmet.com.br\/wp-content\/uploads\/2019\/03\/IMG_9593-1.jpg?resize=800%2C533\" alt=\"\" width=\"800\" height=\"533\" srcset=\"https:\/\/i0.wp.com\/duplagourmet.com.br\/wp-content\/uploads\/2019\/03\/IMG_9593-1.jpg?w=800 800w, https:\/\/i0.wp.com\/duplagourmet.com.br\/wp-content\/uploads\/2019\/03\/IMG_9593-1.jpg?resize=650%2C433 650w\" sizes=\"(max-width: 800px) 100vw, 800px\" data-recalc-dims=\"1\" \/><\/p>\n<p><img decoding=\"async\" loading=\"lazy\" class=\"alignnone wp-image-13316 size-full\" src=\"https:\/\/i0.wp.com\/duplagourmet.com.br\/wp-content\/uploads\/2019\/03\/IMG_8224-1.jpg?resize=800%2C533\" alt=\"\" width=\"800\" height=\"533\" srcset=\"https:\/\/i0.wp.com\/duplagourmet.com.br\/wp-content\/uploads\/2019\/03\/IMG_8224-1.jpg?w=800 800w, https:\/\/i0.wp.com\/duplagourmet.com.br\/wp-content\/uploads\/2019\/03\/IMG_8224-1.jpg?resize=650%2C433 650w\" sizes=\"(max-width: 800px) 100vw, 800px\" data-recalc-dims=\"1\" \/><\/p>\n<p><img decoding=\"async\" loading=\"lazy\" class=\"alignnone wp-image-13205 size-large\" src=\"https:\/\/i0.wp.com\/duplagourmet.com.br\/wp-content\/uploads\/2019\/03\/IMG_8247.jpg?resize=800%2C533\" alt=\"\" width=\"800\" height=\"533\" srcset=\"https:\/\/i0.wp.com\/duplagourmet.com.br\/wp-content\/uploads\/2019\/03\/IMG_8247.jpg?resize=1140%2C760 1140w, https:\/\/i0.wp.com\/duplagourmet.com.br\/wp-content\/uploads\/2019\/03\/IMG_8247.jpg?resize=650%2C433 650w, https:\/\/i0.wp.com\/duplagourmet.com.br\/wp-content\/uploads\/2019\/03\/IMG_8247.jpg?w=1600 1600w, https:\/\/i0.wp.com\/duplagourmet.com.br\/wp-content\/uploads\/2019\/03\/IMG_8247.jpg?w=2400 2400w\" sizes=\"(max-width: 800px) 100vw, 800px\" data-recalc-dims=\"1\" \/><\/p>\n<p><img decoding=\"async\" loading=\"lazy\" class=\"alignnone wp-image-13301 size-full\" src=\"https:\/\/i0.wp.com\/duplagourmet.com.br\/wp-content\/uploads\/2019\/03\/IMG_9755-1.jpg?resize=800%2C533\" alt=\"\" width=\"800\" height=\"533\" srcset=\"https:\/\/i0.wp.com\/duplagourmet.com.br\/wp-content\/uploads\/2019\/03\/IMG_9755-1.jpg?w=1280 1280w, https:\/\/i0.wp.com\/duplagourmet.com.br\/wp-content\/uploads\/2019\/03\/IMG_9755-1.jpg?resize=650%2C433 650w, https:\/\/i0.wp.com\/duplagourmet.com.br\/wp-content\/uploads\/2019\/03\/IMG_9755-1.jpg?resize=1140%2C760 1140w\" sizes=\"(max-width: 800px) 100vw, 800px\" data-recalc-dims=\"1\" \/><\/p>\n<p>Como o pr\u00f3prio nome diz, o Blends \u00e9 uma mistura de boa gastronomia, caf\u00e9s especiais e muita cultura.<br \/>\nO espa\u00e7o \u00e9 uma gra\u00e7a e tem mesas espalhadas por todos os cantos.<br \/>\nVoc\u00ea pode sentar no sal\u00e3o da revistaria, no cantinho do caf\u00e9 ou at\u00e9 mesmo na varanda com vista para a pra\u00e7a, onde voc\u00ea pode levar o seu animalzinho de estima\u00e7\u00e3o. N\u00e3o \u00e9 demais?! J\u00e1 queremos levar o Billy l\u00e1 rsrs.<br \/>\nAl\u00e9m disso, na varanda voc\u00ea sempre vai encontrar pessoas trocando figurinhas e curtindo uma manh\u00e3 especial.<br \/>\nVale dizer tamb\u00e9m que o Blends tem Wi-Fi gratuito e muitas tomadas perto das mesas, ideal para passar uma tarde da semana trabalhando com seu notebook, enquanto desfruta de um bom caf\u00e9zinho.<br \/>\nMas vamos falar um pouquinho da gastronomia que nos deixou completamente encantados.<br \/>\nO Blends tem um card\u00e1pio bem amplo de comidinhas para o caf\u00e9 da manh\u00e3, doces impec\u00e1veis, diversos tipos de bebidas e at\u00e9 pratos especiais para uma refei\u00e7\u00e3o completa!<\/p>\n<p><img decoding=\"async\" loading=\"lazy\" class=\"alignnone wp-image-13318 size-full\" src=\"https:\/\/i0.wp.com\/duplagourmet.com.br\/wp-content\/uploads\/2019\/03\/blends-cafe.jpg?resize=800%2C533\" alt=\"\" width=\"800\" height=\"533\" srcset=\"https:\/\/i0.wp.com\/duplagourmet.com.br\/wp-content\/uploads\/2019\/03\/blends-cafe.jpg?w=800 800w, https:\/\/i0.wp.com\/duplagourmet.com.br\/wp-content\/uploads\/2019\/03\/blends-cafe.jpg?resize=650%2C433 650w\" sizes=\"(max-width: 800px) 100vw, 800px\" data-recalc-dims=\"1\" \/><\/p>\n<p><img decoding=\"async\" loading=\"lazy\" class=\"alignnone wp-image-13311 size-full\" src=\"https:\/\/i0.wp.com\/duplagourmet.com.br\/wp-content\/uploads\/2019\/03\/IMG_9823-1.jpg?resize=800%2C533\" alt=\"\" width=\"800\" height=\"533\" srcset=\"https:\/\/i0.wp.com\/duplagourmet.com.br\/wp-content\/uploads\/2019\/03\/IMG_9823-1.jpg?w=800 800w, https:\/\/i0.wp.com\/duplagourmet.com.br\/wp-content\/uploads\/2019\/03\/IMG_9823-1.jpg?resize=650%2C433 650w\" sizes=\"(max-width: 800px) 100vw, 800px\" data-recalc-dims=\"1\" \/><\/p>\n<p><img decoding=\"async\" loading=\"lazy\" class=\"alignnone wp-image-13271 size-full\" src=\"https:\/\/i0.wp.com\/duplagourmet.com.br\/wp-content\/uploads\/2019\/03\/IMG_9829.jpg?resize=800%2C533\" alt=\"\" width=\"800\" height=\"533\" srcset=\"https:\/\/i0.wp.com\/duplagourmet.com.br\/wp-content\/uploads\/2019\/03\/IMG_9829.jpg?w=800 800w, https:\/\/i0.wp.com\/duplagourmet.com.br\/wp-content\/uploads\/2019\/03\/IMG_9829.jpg?resize=650%2C433 650w\" sizes=\"(max-width: 800px) 100vw, 800px\" data-recalc-dims=\"1\" \/><\/p>\n<p><img decoding=\"async\" loading=\"lazy\" class=\"alignnone wp-image-13264 size-full\" src=\"https:\/\/i0.wp.com\/duplagourmet.com.br\/wp-content\/uploads\/2019\/03\/IMG_9758.jpg?resize=800%2C533\" alt=\"\" width=\"800\" height=\"533\" srcset=\"https:\/\/i0.wp.com\/duplagourmet.com.br\/wp-content\/uploads\/2019\/03\/IMG_9758.jpg?w=800 800w, https:\/\/i0.wp.com\/duplagourmet.com.br\/wp-content\/uploads\/2019\/03\/IMG_9758.jpg?resize=650%2C433 650w\" sizes=\"(max-width: 800px) 100vw, 800px\" data-recalc-dims=\"1\" \/><\/p>\n<p>Resolvemos come\u00e7ar pelos itens de caf\u00e9 da manh\u00e3.<br \/>\nEu pedi um bauru feito na casa (R$12), ele \u00e9 feito no forno o que deixa uma casquinha extremamente saborosa. Incr\u00edvel de bom!<br \/>\nJ\u00e1 o Ale optou por provar o famoso Omelete Tradi\u00e7\u00e3o (R$18,90). O omelete \u00e9 feito com queijo, presunto, tomate cereja e acompanha torradas bem crocantes. Tudo quentinho e suculento!<br \/>\nN\u00e3o poder\u00edamos ignorar os famosos caf\u00e9s, pedimos praticamente todos do card\u00e1pio rsrs.<br \/>\nO caf\u00e9 na prensa francesa (R$16), o capuccino na casquinha (R$4.50), o Mocha (R$12,90) e o Afogatto (R$9) feito com uma dose de expresso com gelatto de flor de latte.<\/p>\n<p><img decoding=\"async\" loading=\"lazy\" class=\"alignnone wp-image-13289 size-full\" src=\"https:\/\/i0.wp.com\/duplagourmet.com.br\/wp-content\/uploads\/2019\/03\/IMG_9963.jpg?resize=800%2C533\" alt=\"\" width=\"800\" height=\"533\" srcset=\"https:\/\/i0.wp.com\/duplagourmet.com.br\/wp-content\/uploads\/2019\/03\/IMG_9963.jpg?w=800 800w, https:\/\/i0.wp.com\/duplagourmet.com.br\/wp-content\/uploads\/2019\/03\/IMG_9963.jpg?resize=650%2C433 650w\" sizes=\"(max-width: 800px) 100vw, 800px\" data-recalc-dims=\"1\" \/><\/p>\n<p><img decoding=\"async\" loading=\"lazy\" class=\"alignnone wp-image-13305 size-full\" src=\"https:\/\/i0.wp.com\/duplagourmet.com.br\/wp-content\/uploads\/2019\/03\/IMG_0025.jpg?resize=800%2C533\" alt=\"\" width=\"800\" height=\"533\" srcset=\"https:\/\/i0.wp.com\/duplagourmet.com.br\/wp-content\/uploads\/2019\/03\/IMG_0025.jpg?w=1280 1280w, https:\/\/i0.wp.com\/duplagourmet.com.br\/wp-content\/uploads\/2019\/03\/IMG_0025.jpg?resize=650%2C433 650w, https:\/\/i0.wp.com\/duplagourmet.com.br\/wp-content\/uploads\/2019\/03\/IMG_0025.jpg?resize=1140%2C760 1140w\" sizes=\"(max-width: 800px) 100vw, 800px\" data-recalc-dims=\"1\" \/><\/p>\n<p><img decoding=\"async\" loading=\"lazy\" class=\"alignnone wp-image-13310 size-full\" src=\"https:\/\/i0.wp.com\/duplagourmet.com.br\/wp-content\/uploads\/2019\/03\/IMG_9925-1.jpg?resize=800%2C533\" alt=\"\" width=\"800\" height=\"533\" srcset=\"https:\/\/i0.wp.com\/duplagourmet.com.br\/wp-content\/uploads\/2019\/03\/IMG_9925-1.jpg?w=1280 1280w, https:\/\/i0.wp.com\/duplagourmet.com.br\/wp-content\/uploads\/2019\/03\/IMG_9925-1.jpg?resize=650%2C433 650w, https:\/\/i0.wp.com\/duplagourmet.com.br\/wp-content\/uploads\/2019\/03\/IMG_9925-1.jpg?resize=1140%2C760 1140w\" sizes=\"(max-width: 800px) 100vw, 800px\" data-recalc-dims=\"1\" \/><\/p>\n<p><img decoding=\"async\" loading=\"lazy\" class=\"alignnone wp-image-13313 size-full\" src=\"https:\/\/i0.wp.com\/duplagourmet.com.br\/wp-content\/uploads\/2019\/03\/IMG_0019-1.jpg?resize=800%2C533\" alt=\"\" width=\"800\" height=\"533\" srcset=\"https:\/\/i0.wp.com\/duplagourmet.com.br\/wp-content\/uploads\/2019\/03\/IMG_0019-1.jpg?w=800 800w, https:\/\/i0.wp.com\/duplagourmet.com.br\/wp-content\/uploads\/2019\/03\/IMG_0019-1.jpg?resize=650%2C433 650w\" sizes=\"(max-width: 800px) 100vw, 800px\" data-recalc-dims=\"1\" \/><\/p>\n<p><img decoding=\"async\" loading=\"lazy\" class=\"alignnone wp-image-13314 size-full\" src=\"https:\/\/i0.wp.com\/duplagourmet.com.br\/wp-content\/uploads\/2019\/03\/IMG_8289-1.jpg?resize=800%2C533\" alt=\"\" width=\"800\" height=\"533\" srcset=\"https:\/\/i0.wp.com\/duplagourmet.com.br\/wp-content\/uploads\/2019\/03\/IMG_8289-1.jpg?w=800 800w, https:\/\/i0.wp.com\/duplagourmet.com.br\/wp-content\/uploads\/2019\/03\/IMG_8289-1.jpg?resize=650%2C433 650w\" sizes=\"(max-width: 800px) 100vw, 800px\" data-recalc-dims=\"1\" \/><\/p>\n<p><img decoding=\"async\" loading=\"lazy\" class=\"alignnone wp-image-13210 size-full\" src=\"https:\/\/i0.wp.com\/duplagourmet.com.br\/wp-content\/uploads\/2019\/03\/IMG_8267.jpg?resize=800%2C533\" alt=\"\" width=\"800\" height=\"533\" srcset=\"https:\/\/i0.wp.com\/duplagourmet.com.br\/wp-content\/uploads\/2019\/03\/IMG_8267.jpg?w=800 800w, https:\/\/i0.wp.com\/duplagourmet.com.br\/wp-content\/uploads\/2019\/03\/IMG_8267.jpg?resize=650%2C433 650w\" sizes=\"(max-width: 800px) 100vw, 800px\" data-recalc-dims=\"1\" \/><\/p>\n<p><img decoding=\"async\" loading=\"lazy\" class=\"alignnone wp-image-13254 size-full\" src=\"https:\/\/i0.wp.com\/duplagourmet.com.br\/wp-content\/uploads\/2019\/03\/IMG_9701.jpg?resize=800%2C533\" alt=\"\" width=\"800\" height=\"533\" srcset=\"https:\/\/i0.wp.com\/duplagourmet.com.br\/wp-content\/uploads\/2019\/03\/IMG_9701.jpg?w=800 800w, https:\/\/i0.wp.com\/duplagourmet.com.br\/wp-content\/uploads\/2019\/03\/IMG_9701.jpg?resize=650%2C433 650w\" sizes=\"(max-width: 800px) 100vw, 800px\" data-recalc-dims=\"1\" \/><\/p>\n<p>Os doces realmente s\u00e3o os destaques da casa na nossa opini\u00e3o. Quanta coisa boa, meu PAI! rsrs.<br \/>\nO Blends tem op\u00e7\u00f5es fant\u00e1sticas e completamente apaixonantes.<br \/>\nDestaque especial para a cheesecake de doce de leite (R$9,90). Ela tem um toque de lim\u00e3o e n\u00e3o fica nada enjoativa. Simplesmente uma das melhores que j\u00e1 provamos! S\u00f3 de escrever e ver a fotinho dela aqui, j\u00e1 d\u00e1 \u00e1gua na boca.<br \/>\nO Bolo Red Velvelt (R$14) tamb\u00e9m \u00e9 super macio e saboroso.<br \/>\nVale a pena dar uma parada de 30 segundos na vitrine de sobremesas, porque l\u00e1 tem uns doces incr\u00edveis e bem legais como\u00a0palha italiana, canequinhas de brigadeiro cremoso, tortas especiais, bolos simples, p\u00e3o de mel, cookies e outros sabores de bolos gigantes e recheadissimos.<\/p>\n<p><img decoding=\"async\" loading=\"lazy\" class=\"alignnone wp-image-13194 size-large\" src=\"https:\/\/i0.wp.com\/duplagourmet.com.br\/wp-content\/uploads\/2019\/03\/IMG_0168.jpg?resize=800%2C533\" alt=\"\" width=\"800\" height=\"533\" srcset=\"https:\/\/i0.wp.com\/duplagourmet.com.br\/wp-content\/uploads\/2019\/03\/IMG_0168.jpg?resize=1140%2C760 1140w, https:\/\/i0.wp.com\/duplagourmet.com.br\/wp-content\/uploads\/2019\/03\/IMG_0168.jpg?resize=650%2C433 650w, https:\/\/i0.wp.com\/duplagourmet.com.br\/wp-content\/uploads\/2019\/03\/IMG_0168.jpg?w=1600 1600w, https:\/\/i0.wp.com\/duplagourmet.com.br\/wp-content\/uploads\/2019\/03\/IMG_0168.jpg?w=2400 2400w\" sizes=\"(max-width: 800px) 100vw, 800px\" data-recalc-dims=\"1\" \/><\/p>\n<p><img decoding=\"async\" loading=\"lazy\" class=\"alignnone wp-image-13191 size-large\" src=\"https:\/\/i0.wp.com\/duplagourmet.com.br\/wp-content\/uploads\/2019\/03\/IMG_0156.jpg?resize=800%2C533\" alt=\"\" width=\"800\" height=\"533\" srcset=\"https:\/\/i0.wp.com\/duplagourmet.com.br\/wp-content\/uploads\/2019\/03\/IMG_0156.jpg?resize=1140%2C760 1140w, https:\/\/i0.wp.com\/duplagourmet.com.br\/wp-content\/uploads\/2019\/03\/IMG_0156.jpg?resize=650%2C433 650w, https:\/\/i0.wp.com\/duplagourmet.com.br\/wp-content\/uploads\/2019\/03\/IMG_0156.jpg?w=1600 1600w, https:\/\/i0.wp.com\/duplagourmet.com.br\/wp-content\/uploads\/2019\/03\/IMG_0156.jpg?w=2400 2400w\" sizes=\"(max-width: 800px) 100vw, 800px\" data-recalc-dims=\"1\" \/><\/p>\n<p><img decoding=\"async\" loading=\"lazy\" class=\"alignnone wp-image-13223 size-full\" src=\"https:\/\/i0.wp.com\/duplagourmet.com.br\/wp-content\/uploads\/2019\/03\/IMG_8391.jpg?resize=800%2C533\" alt=\"\" width=\"800\" height=\"533\" srcset=\"https:\/\/i0.wp.com\/duplagourmet.com.br\/wp-content\/uploads\/2019\/03\/IMG_8391.jpg?w=800 800w, https:\/\/i0.wp.com\/duplagourmet.com.br\/wp-content\/uploads\/2019\/03\/IMG_8391.jpg?resize=650%2C433 650w\" sizes=\"(max-width: 800px) 100vw, 800px\" data-recalc-dims=\"1\" \/><\/p>\n<p><img decoding=\"async\" loading=\"lazy\" class=\"alignnone wp-image-13312 size-full\" src=\"https:\/\/i0.wp.com\/duplagourmet.com.br\/wp-content\/uploads\/2019\/03\/IMG_8395.jpg?resize=800%2C533\" alt=\"\" width=\"800\" height=\"533\" srcset=\"https:\/\/i0.wp.com\/duplagourmet.com.br\/wp-content\/uploads\/2019\/03\/IMG_8395.jpg?w=800 800w, https:\/\/i0.wp.com\/duplagourmet.com.br\/wp-content\/uploads\/2019\/03\/IMG_8395.jpg?resize=650%2C433 650w\" sizes=\"(max-width: 800px) 100vw, 800px\" data-recalc-dims=\"1\" \/><\/p>\n<p>PARA TUDO! Olhe essas fotos acima e chore de emo\u00e7\u00e3o com a gente rsrs.<br \/>\nSomos choc\u00f3latras assumidos e provar essas sobremesas de chocolates valeu mais que um \u201ceu te amo\u201d.<br \/>\nA Ta\u00e7a Blends (R$22) tem 3 bolas de sorvete, chantilly, peda\u00e7os de brownie e calda de chocolate.<br \/>\nOutra loucura \u00e9 o bolo de brigadeiro (R$14) e o brownie cremoso com sorvete (R$18,90). O brownie \u00e9 caseiro e servido bem quentinho com uma bola de sorvete em cima.<br \/>\n<img decoding=\"async\" loading=\"lazy\" class=\"alignnone wp-image-13274 size-full\" src=\"https:\/\/i0.wp.com\/duplagourmet.com.br\/wp-content\/uploads\/2019\/03\/IMG_9859.jpg?resize=800%2C1200\" alt=\"\" width=\"800\" height=\"1200\" srcset=\"https:\/\/i0.wp.com\/duplagourmet.com.br\/wp-content\/uploads\/2019\/03\/IMG_9859.jpg?w=2656 2656w, https:\/\/i0.wp.com\/duplagourmet.com.br\/wp-content\/uploads\/2019\/03\/IMG_9859.jpg?resize=650%2C975 650w, https:\/\/i0.wp.com\/duplagourmet.com.br\/wp-content\/uploads\/2019\/03\/IMG_9859.jpg?resize=1140%2C1710 1140w, https:\/\/i0.wp.com\/duplagourmet.com.br\/wp-content\/uploads\/2019\/03\/IMG_9859.jpg?w=1600 1600w, https:\/\/i0.wp.com\/duplagourmet.com.br\/wp-content\/uploads\/2019\/03\/IMG_9859.jpg?w=2400 2400w\" sizes=\"(max-width: 800px) 100vw, 800px\" data-recalc-dims=\"1\" \/><\/p>\n<p><img decoding=\"async\" loading=\"lazy\" class=\"alignnone wp-image-13273 size-large\" src=\"https:\/\/i0.wp.com\/duplagourmet.com.br\/wp-content\/uploads\/2019\/03\/IMG_9844.jpg?resize=800%2C533\" alt=\"\" width=\"800\" height=\"533\" srcset=\"https:\/\/i0.wp.com\/duplagourmet.com.br\/wp-content\/uploads\/2019\/03\/IMG_9844.jpg?resize=1140%2C760 1140w, https:\/\/i0.wp.com\/duplagourmet.com.br\/wp-content\/uploads\/2019\/03\/IMG_9844.jpg?resize=650%2C433 650w, https:\/\/i0.wp.com\/duplagourmet.com.br\/wp-content\/uploads\/2019\/03\/IMG_9844.jpg?w=1600 1600w, https:\/\/i0.wp.com\/duplagourmet.com.br\/wp-content\/uploads\/2019\/03\/IMG_9844.jpg?w=2400 2400w\" sizes=\"(max-width: 800px) 100vw, 800px\" data-recalc-dims=\"1\" \/><\/p>\n<p><img decoding=\"async\" loading=\"lazy\" class=\"alignnone wp-image-13275 size-large\" src=\"https:\/\/i0.wp.com\/duplagourmet.com.br\/wp-content\/uploads\/2019\/03\/IMG_9862.jpg?resize=800%2C548\" alt=\"\" width=\"800\" height=\"548\" srcset=\"https:\/\/i0.wp.com\/duplagourmet.com.br\/wp-content\/uploads\/2019\/03\/IMG_9862.jpg?resize=1140%2C781 1140w, https:\/\/i0.wp.com\/duplagourmet.com.br\/wp-content\/uploads\/2019\/03\/IMG_9862.jpg?resize=650%2C445 650w, https:\/\/i0.wp.com\/duplagourmet.com.br\/wp-content\/uploads\/2019\/03\/IMG_9862.jpg?w=1600 1600w, https:\/\/i0.wp.com\/duplagourmet.com.br\/wp-content\/uploads\/2019\/03\/IMG_9862.jpg?w=2400 2400w\" sizes=\"(max-width: 800px) 100vw, 800px\" data-recalc-dims=\"1\" \/><\/p>\n<p><img decoding=\"async\" loading=\"lazy\" class=\"alignnone wp-image-13284 size-full\" src=\"https:\/\/i0.wp.com\/duplagourmet.com.br\/wp-content\/uploads\/2019\/03\/IMG_9937.jpg?resize=800%2C533\" alt=\"\" width=\"800\" height=\"533\" srcset=\"https:\/\/i0.wp.com\/duplagourmet.com.br\/wp-content\/uploads\/2019\/03\/IMG_9937.jpg?w=800 800w, https:\/\/i0.wp.com\/duplagourmet.com.br\/wp-content\/uploads\/2019\/03\/IMG_9937.jpg?resize=650%2C433 650w\" sizes=\"(max-width: 800px) 100vw, 800px\" data-recalc-dims=\"1\" \/><\/p>\n<p><img decoding=\"async\" loading=\"lazy\" class=\"alignnone wp-image-13216 size-full\" src=\"https:\/\/i0.wp.com\/duplagourmet.com.br\/wp-content\/uploads\/2019\/03\/IMG_8306.jpg?resize=800%2C533\" alt=\"\" width=\"800\" height=\"533\" srcset=\"https:\/\/i0.wp.com\/duplagourmet.com.br\/wp-content\/uploads\/2019\/03\/IMG_8306.jpg?w=800 800w, https:\/\/i0.wp.com\/duplagourmet.com.br\/wp-content\/uploads\/2019\/03\/IMG_8306.jpg?resize=650%2C433 650w\" sizes=\"(max-width: 800px) 100vw, 800px\" data-recalc-dims=\"1\" \/><\/p>\n<p>O Blends possu\u00ed uma sele\u00e7\u00e3o especial de caf\u00e9s para venda, em gr\u00e3o, c\u00e1psula e caf\u00e9 mo\u00eddo.<br \/>\nTodos os caf\u00e9s vendidos na casa s\u00e3o cuidadosamente selecionados e muito deles s\u00e3o premiados.<br \/>\nTodos meses os especialistas escolhem um famoso caf\u00e9 para ser servido. No m\u00eas passado quando visitamos o Blends pela primeira vez, o caf\u00e9 servido era o Orfeu, dessa vez j\u00e1 foi o Prima Qualit\u00e0. Ambos maravilhosos!<br \/>\nS\u00e3o mais de 34 op\u00e7\u00f5es de bebidas especiais e personalizadas no card\u00e1pio, e a maioria delas s\u00e3o feitas com caf\u00e9.<br \/>\nIsso sem contar os sucos naturais, ch\u00e1s caseiros e bebidas como soda italiana e pink lemonade.<br \/>\nFalando de ch\u00e1 caseiro, n\u00e3o deixe de provar o ch\u00e1 de hibisco (R$9).<\/p>\n<p><img decoding=\"async\" loading=\"lazy\" class=\"alignnone wp-image-13303 size-full\" src=\"https:\/\/i0.wp.com\/duplagourmet.com.br\/wp-content\/uploads\/2019\/03\/IMG_0060.jpg?resize=800%2C533\" alt=\"\" width=\"800\" height=\"533\" srcset=\"https:\/\/i0.wp.com\/duplagourmet.com.br\/wp-content\/uploads\/2019\/03\/IMG_0060.jpg?w=800 800w, https:\/\/i0.wp.com\/duplagourmet.com.br\/wp-content\/uploads\/2019\/03\/IMG_0060.jpg?resize=650%2C433 650w\" sizes=\"(max-width: 800px) 100vw, 800px\" data-recalc-dims=\"1\" \/><\/p>\n<p><img decoding=\"async\" loading=\"lazy\" class=\"alignnone wp-image-13302 size-full\" src=\"https:\/\/i0.wp.com\/duplagourmet.com.br\/wp-content\/uploads\/2019\/03\/IMG_0057.jpg?resize=800%2C533\" alt=\"\" width=\"800\" height=\"533\" srcset=\"https:\/\/i0.wp.com\/duplagourmet.com.br\/wp-content\/uploads\/2019\/03\/IMG_0057.jpg?w=800 800w, https:\/\/i0.wp.com\/duplagourmet.com.br\/wp-content\/uploads\/2019\/03\/IMG_0057.jpg?resize=650%2C433 650w\" sizes=\"(max-width: 800px) 100vw, 800px\" data-recalc-dims=\"1\" \/><\/p>\n<p><img decoding=\"async\" loading=\"lazy\" class=\"alignnone wp-image-13304 size-full\" src=\"https:\/\/i0.wp.com\/duplagourmet.com.br\/wp-content\/uploads\/2019\/03\/IMG_0101.jpg?resize=800%2C533\" alt=\"\" width=\"800\" height=\"533\" srcset=\"https:\/\/i0.wp.com\/duplagourmet.com.br\/wp-content\/uploads\/2019\/03\/IMG_0101.jpg?w=800 800w, https:\/\/i0.wp.com\/duplagourmet.com.br\/wp-content\/uploads\/2019\/03\/IMG_0101.jpg?resize=650%2C433 650w\" sizes=\"(max-width: 800px) 100vw, 800px\" data-recalc-dims=\"1\" \/><\/p>\n<p>O Blends fica aberto o dia inteiro e tem op\u00e7\u00f5es bem legais de pratos para almo\u00e7o ou jantar.<br \/>\nN\u00f3s tivemos a oportunidade de provar o Sorrentino de lingui\u00e7a toscana com alho por\u00f3 ao molho branco (R$29,90) e o Allan&#8217;s Burguer (R$25) feito com queijo cheddar e cebola caramelizada no bals\u00e2mico. Ambos deliciosos e com um precinho camarada!<br \/>\nN\u00e3o poder\u00edamos deixar de falar como amamos a revistaria e a lojinha no Blends.<br \/>\nEles vendem diversas x\u00edcaras fofas, squezze para \u00e1gua e caf\u00e9, livros infantis, revistas, jornais, caf\u00e9s inusitados e at\u00e9 mesmo os aparelhos para caf\u00e9 como de Prensa Francesa, Clever e Dripper.<\/p>\n<p><img decoding=\"async\" loading=\"lazy\" class=\"alignnone wp-image-13309 size-full\" src=\"https:\/\/i0.wp.com\/duplagourmet.com.br\/wp-content\/uploads\/2019\/03\/IMG_8356-1.jpg?resize=800%2C533\" alt=\"\" width=\"800\" height=\"533\" srcset=\"https:\/\/i0.wp.com\/duplagourmet.com.br\/wp-content\/uploads\/2019\/03\/IMG_8356-1.jpg?w=1620 1620w, https:\/\/i0.wp.com\/duplagourmet.com.br\/wp-content\/uploads\/2019\/03\/IMG_8356-1.jpg?resize=650%2C433 650w, https:\/\/i0.wp.com\/duplagourmet.com.br\/wp-content\/uploads\/2019\/03\/IMG_8356-1.jpg?resize=1140%2C760 1140w\" sizes=\"(max-width: 800px) 100vw, 800px\" data-recalc-dims=\"1\" \/><\/p>\n<p><img decoding=\"async\" loading=\"lazy\" class=\"alignnone wp-image-13307 size-full\" src=\"https:\/\/i0.wp.com\/duplagourmet.com.br\/wp-content\/uploads\/2019\/03\/IMG_9607.jpg?resize=800%2C533\" alt=\"\" width=\"800\" height=\"533\" srcset=\"https:\/\/i0.wp.com\/duplagourmet.com.br\/wp-content\/uploads\/2019\/03\/IMG_9607.jpg?w=1280 1280w, https:\/\/i0.wp.com\/duplagourmet.com.br\/wp-content\/uploads\/2019\/03\/IMG_9607.jpg?resize=650%2C433 650w, https:\/\/i0.wp.com\/duplagourmet.com.br\/wp-content\/uploads\/2019\/03\/IMG_9607.jpg?resize=1140%2C760 1140w\" sizes=\"(max-width: 800px) 100vw, 800px\" data-recalc-dims=\"1\" \/><\/p>\n<p><img decoding=\"async\" loading=\"lazy\" class=\"alignnone wp-image-13306 size-full\" src=\"https:\/\/i0.wp.com\/duplagourmet.com.br\/wp-content\/uploads\/2019\/03\/IMG_0049.jpg?resize=800%2C533\" alt=\"\" width=\"800\" height=\"533\" srcset=\"https:\/\/i0.wp.com\/duplagourmet.com.br\/wp-content\/uploads\/2019\/03\/IMG_0049.jpg?w=1280 1280w, https:\/\/i0.wp.com\/duplagourmet.com.br\/wp-content\/uploads\/2019\/03\/IMG_0049.jpg?resize=650%2C433 650w, https:\/\/i0.wp.com\/duplagourmet.com.br\/wp-content\/uploads\/2019\/03\/IMG_0049.jpg?resize=1140%2C760 1140w\" sizes=\"(max-width: 800px) 100vw, 800px\" data-recalc-dims=\"1\" \/><\/p>\n<p><img decoding=\"async\" loading=\"lazy\" class=\"alignnone wp-image-13308 size-full\" src=\"https:\/\/i0.wp.com\/duplagourmet.com.br\/wp-content\/uploads\/2019\/03\/IMG_9579-1.jpg?resize=800%2C533\" alt=\"\" width=\"800\" height=\"533\" srcset=\"https:\/\/i0.wp.com\/duplagourmet.com.br\/wp-content\/uploads\/2019\/03\/IMG_9579-1.jpg?w=1280 1280w, https:\/\/i0.wp.com\/duplagourmet.com.br\/wp-content\/uploads\/2019\/03\/IMG_9579-1.jpg?resize=650%2C433 650w, https:\/\/i0.wp.com\/duplagourmet.com.br\/wp-content\/uploads\/2019\/03\/IMG_9579-1.jpg?resize=1140%2C760 1140w\" sizes=\"(max-width: 800px) 100vw, 800px\" data-recalc-dims=\"1\" \/><\/p>\n<p>O Blends \u00e9 puro amor!<br \/>\nS\u00f3 vai, de nada!<\/p>\n<p><strong>Endere\u00e7o:<\/strong><span class=\"w8qArf\"> Rua Augusto Tolle, 1029 &#8211; Santana &#8211; S\u00e3o Paulo\u00a0<\/span><span class=\"LrzXr\"><br \/>\n<strong>Telefone:<\/strong> (11) 2281-9541<\/span><br \/>\n<strong>Instagram: <a href=\"https:\/\/www.instagram.com\/blendscafecultura\/\" target=\"_blank\" rel=\"noopener noreferrer\">@blendscafecultura<\/a><br \/>\n<\/strong><strong>Fanpage: <a href=\"https:\/\/www.facebook.com\/blendscafeecultura\" target=\"_blank\" rel=\"noopener noreferrer\">Blends\u00a0Caf\u00e9\u00a0&amp; Cultura<\/a><br \/>\nSite: <a href=\"https:\/\/www.blendscafe.com.br\/sabores\" target=\"_blank\" rel=\"noopener noreferrer\">blendscafe.com.br<\/a><br \/>\nHor\u00e1rio de funcionamento:<br \/>\n<\/strong>Domingo a Domingo: 07h \u00e1s 22h<\/p>\n<p>&nbsp;<\/p>\n<p>&nbsp;<\/p>\n<p>Essa mat\u00e9ria cont\u00e9m conte\u00fado patrocinado.<\/p>\n\n<div style=\"font-size: 0px; height: 0px; line-height: 0px; margin: 0; padding: 0; clear: both;\"><\/div>","protected":false},"excerpt":{"rendered":"<p>N\u00f3s somos suspeitos para falar da Zona Norte de S\u00e3o Paulo! N\u00e3o sabemos explicar o motivo, mas n\u00f3s amamos cada pedacinho dessa \u00e1rea e n\u00e3o saber\u00edamos viver em outro lugar. Somos apaixonados pela regi\u00e3o e pelo nosso Bairro, que \u00e9 Santana. Por esse motivo visitamos cada novo restaurante, caf\u00e9 ou padaria que abre por aqui. [&hellip;]<\/p>\n","protected":false},"author":1,"featured_media":13309,"comment_status":"open","ping_status":"open","sticky":false,"template":"","format":"standard","meta":{"jetpack_post_was_ever_published":false,"_jetpack_newsletter_access":"","_jetpack_newsletter_tier_id":0},"categories":[8],"tags":[],"yoast_head":"<!-- This site is optimized with the Yoast SEO plugin v20.2.1 - https:\/\/yoast.com\/wordpress\/plugins\/seo\/ -->\n<title>A cafeteria mais aconchegante de S\u00e3o Paulo fica na Zona Norte -<\/title>\n<meta name=\"robots\" content=\"index, follow, max-snippet:-1, max-image-preview:large, max-video-preview:-1\" \/>\n<link rel=\"canonical\" href=\"https:\/\/duplagourmet.com.br\/index.php\/2019\/03\/15\/a-cafeteria-mais-aconchegante-de-sao-paulo-fica-na-zona-norte\/\" \/>\n<meta property=\"og:locale\" content=\"pt_BR\" \/>\n<meta property=\"og:type\" content=\"article\" \/>\n<meta property=\"og:title\" content=\"A cafeteria mais aconchegante de S\u00e3o Paulo fica na Zona Norte -\" \/>\n<meta property=\"og:description\" content=\"N\u00f3s somos suspeitos para falar da Zona Norte de S\u00e3o Paulo! N\u00e3o sabemos explicar o motivo, mas n\u00f3s amamos cada pedacinho dessa \u00e1rea e n\u00e3o saber\u00edamos viver em outro lugar. Somos apaixonados pela regi\u00e3o e pelo nosso Bairro, que \u00e9 Santana. Por esse motivo visitamos cada novo restaurante, caf\u00e9 ou padaria que abre por aqui. [&hellip;]\" \/>\n<meta property=\"og:url\" content=\"https:\/\/duplagourmet.com.br\/index.php\/2019\/03\/15\/a-cafeteria-mais-aconchegante-de-sao-paulo-fica-na-zona-norte\/\" \/>\n<meta property=\"article:publisher\" content=\"https:\/\/www.facebook.com\/duplagourmet\" \/>\n<meta property=\"article:published_time\" content=\"2019-03-15T21:06:05+00:00\" \/>\n<meta property=\"article:modified_time\" content=\"2019-04-18T23:35:53+00:00\" \/>\n<meta property=\"og:image\" content=\"https:\/\/i0.wp.com\/duplagourmet.com.br\/wp-content\/uploads\/2019\/03\/IMG_8356-1.jpg?fit=1620%2C1080&ssl=1\" \/>\n\t<meta property=\"og:image:width\" content=\"1620\" \/>\n\t<meta property=\"og:image:height\" content=\"1080\" \/>\n\t<meta property=\"og:image:type\" content=\"image\/jpeg\" \/>\n<meta name=\"author\" content=\"Lais Trov\u00e3o\" \/>\n<meta name=\"twitter:card\" content=\"summary_large_image\" \/>\n<meta name=\"twitter:creator\" content=\"@DuplaGourmet\" \/>\n<meta name=\"twitter:site\" content=\"@DuplaGourmet\" \/>\n<meta name=\"twitter:label1\" content=\"Escrito por\" \/>\n\t<meta name=\"twitter:data1\" content=\"Lais Trov\u00e3o\" \/>\n\t<meta name=\"twitter:label2\" content=\"Est. tempo de leitura\" \/>\n\t<meta name=\"twitter:data2\" content=\"5 minutos\" \/>\n<script type=\"application\/ld+json\" class=\"yoast-schema-graph\">{\"@context\":\"https:\/\/schema.org\",\"@graph\":[{\"@type\":\"Article\",\"@id\":\"https:\/\/duplagourmet.com.br\/index.php\/2019\/03\/15\/a-cafeteria-mais-aconchegante-de-sao-paulo-fica-na-zona-norte\/#article\",\"isPartOf\":{\"@id\":\"https:\/\/duplagourmet.com.br\/index.php\/2019\/03\/15\/a-cafeteria-mais-aconchegante-de-sao-paulo-fica-na-zona-norte\/\"},\"author\":{\"name\":\"Lais Trov\u00e3o\",\"@id\":\"https:\/\/duplagourmet.com.br\/#\/schema\/person\/888065adf1bf32ae6ab307c7362db9b1\"},\"headline\":\"A cafeteria mais aconchegante de S\u00e3o Paulo fica na Zona Norte\",\"datePublished\":\"2019-03-15T21:06:05+00:00\",\"dateModified\":\"2019-04-18T23:35:53+00:00\",\"mainEntityOfPage\":{\"@id\":\"https:\/\/duplagourmet.com.br\/index.php\/2019\/03\/15\/a-cafeteria-mais-aconchegante-de-sao-paulo-fica-na-zona-norte\/\"},\"wordCount\":973,\"commentCount\":2,\"publisher\":{\"@id\":\"https:\/\/duplagourmet.com.br\/#organization\"},\"articleSection\":[\"Comendo Fora\"],\"inLanguage\":\"pt-BR\",\"potentialAction\":[{\"@type\":\"CommentAction\",\"name\":\"Comment\",\"target\":[\"https:\/\/duplagourmet.com.br\/index.php\/2019\/03\/15\/a-cafeteria-mais-aconchegante-de-sao-paulo-fica-na-zona-norte\/#respond\"]}]},{\"@type\":\"WebPage\",\"@id\":\"https:\/\/duplagourmet.com.br\/index.php\/2019\/03\/15\/a-cafeteria-mais-aconchegante-de-sao-paulo-fica-na-zona-norte\/\",\"url\":\"https:\/\/duplagourmet.com.br\/index.php\/2019\/03\/15\/a-cafeteria-mais-aconchegante-de-sao-paulo-fica-na-zona-norte\/\",\"name\":\"A cafeteria mais aconchegante de S\u00e3o Paulo fica na Zona Norte -\",\"isPartOf\":{\"@id\":\"https:\/\/duplagourmet.com.br\/#website\"},\"datePublished\":\"2019-03-15T21:06:05+00:00\",\"dateModified\":\"2019-04-18T23:35:53+00:00\",\"breadcrumb\":{\"@id\":\"https:\/\/duplagourmet.com.br\/index.php\/2019\/03\/15\/a-cafeteria-mais-aconchegante-de-sao-paulo-fica-na-zona-norte\/#breadcrumb\"},\"inLanguage\":\"pt-BR\",\"potentialAction\":[{\"@type\":\"ReadAction\",\"target\":[\"https:\/\/duplagourmet.com.br\/index.php\/2019\/03\/15\/a-cafeteria-mais-aconchegante-de-sao-paulo-fica-na-zona-norte\/\"]}]},{\"@type\":\"BreadcrumbList\",\"@id\":\"https:\/\/duplagourmet.com.br\/index.php\/2019\/03\/15\/a-cafeteria-mais-aconchegante-de-sao-paulo-fica-na-zona-norte\/#breadcrumb\",\"itemListElement\":[{\"@type\":\"ListItem\",\"position\":1,\"name\":\"In\u00edcio\",\"item\":\"https:\/\/duplagourmet.com.br\/\"},{\"@type\":\"ListItem\",\"position\":2,\"name\":\"A cafeteria mais aconchegante de S\u00e3o Paulo fica na Zona Norte\"}]},{\"@type\":\"WebSite\",\"@id\":\"https:\/\/duplagourmet.com.br\/#website\",\"url\":\"https:\/\/duplagourmet.com.br\/\",\"name\":\"\",\"description\":\"Site de Gastronomia e Viagens\",\"publisher\":{\"@id\":\"https:\/\/duplagourmet.com.br\/#organization\"},\"potentialAction\":[{\"@type\":\"SearchAction\",\"target\":{\"@type\":\"EntryPoint\",\"urlTemplate\":\"https:\/\/duplagourmet.com.br\/?s={search_term_string}\"},\"query-input\":\"required name=search_term_string\"}],\"inLanguage\":\"pt-BR\"},{\"@type\":\"Organization\",\"@id\":\"https:\/\/duplagourmet.com.br\/#organization\",\"name\":\"Dupla Gourmet\",\"url\":\"https:\/\/duplagourmet.com.br\/\",\"logo\":{\"@type\":\"ImageObject\",\"inLanguage\":\"pt-BR\",\"@id\":\"https:\/\/duplagourmet.com.br\/#\/schema\/logo\/image\/\",\"url\":\"https:\/\/i0.wp.com\/duplagourmet.com.br\/wp-content\/uploads\/2015\/07\/LOGO.jpg?fit=2120%2C1193&ssl=1\",\"contentUrl\":\"https:\/\/i0.wp.com\/duplagourmet.com.br\/wp-content\/uploads\/2015\/07\/LOGO.jpg?fit=2120%2C1193&ssl=1\",\"width\":2120,\"height\":1193,\"caption\":\"Dupla Gourmet\"},\"image\":{\"@id\":\"https:\/\/duplagourmet.com.br\/#\/schema\/logo\/image\/\"},\"sameAs\":[\"https:\/\/www.facebook.com\/duplagourmet\",\"https:\/\/twitter.com\/DuplaGourmet\",\"https:\/\/instagram.com\/duplagourmet\/\"]},{\"@type\":\"Person\",\"@id\":\"https:\/\/duplagourmet.com.br\/#\/schema\/person\/888065adf1bf32ae6ab307c7362db9b1\",\"name\":\"Lais Trov\u00e3o\",\"image\":{\"@type\":\"ImageObject\",\"inLanguage\":\"pt-BR\",\"@id\":\"https:\/\/duplagourmet.com.br\/#\/schema\/person\/image\/\",\"url\":\"http:\/\/2.gravatar.com\/avatar\/21dda7f6b6103bd096caaf547327b1d9?s=96&d=mm&r=g\",\"contentUrl\":\"http:\/\/2.gravatar.com\/avatar\/21dda7f6b6103bd096caaf547327b1d9?s=96&d=mm&r=g\",\"caption\":\"Lais Trov\u00e3o\"},\"sameAs\":[\"http:\/\/duplagourmet.com.br\/\"],\"url\":\"http:\/\/duplagourmet.com.br\/index.php\/author\/lais_divinohotmail-com\/\"}]}<\/script>\n<!-- \/ Yoast SEO plugin. -->","yoast_head_json":{"title":"A cafeteria mais aconchegante de S\u00e3o Paulo fica na Zona Norte -","robots":{"index":"index","follow":"follow","max-snippet":"max-snippet:-1","max-image-preview":"max-image-preview:large","max-video-preview":"max-video-preview:-1"},"canonical":"https:\/\/duplagourmet.com.br\/index.php\/2019\/03\/15\/a-cafeteria-mais-aconchegante-de-sao-paulo-fica-na-zona-norte\/","og_locale":"pt_BR","og_type":"article","og_title":"A cafeteria mais aconchegante de S\u00e3o Paulo fica na Zona Norte -","og_description":"N\u00f3s somos suspeitos para falar da Zona Norte de S\u00e3o Paulo! N\u00e3o sabemos explicar o motivo, mas n\u00f3s amamos cada pedacinho dessa \u00e1rea e n\u00e3o saber\u00edamos viver em outro lugar. Somos apaixonados pela regi\u00e3o e pelo nosso Bairro, que \u00e9 Santana. Por esse motivo visitamos cada novo restaurante, caf\u00e9 ou padaria que abre por aqui. [&hellip;]","og_url":"https:\/\/duplagourmet.com.br\/index.php\/2019\/03\/15\/a-cafeteria-mais-aconchegante-de-sao-paulo-fica-na-zona-norte\/","article_publisher":"https:\/\/www.facebook.com\/duplagourmet","article_published_time":"2019-03-15T21:06:05+00:00","article_modified_time":"2019-04-18T23:35:53+00:00","og_image":[{"width":1620,"height":1080,"url":"https:\/\/i0.wp.com\/duplagourmet.com.br\/wp-content\/uploads\/2019\/03\/IMG_8356-1.jpg?fit=1620%2C1080&ssl=1","type":"image\/jpeg"}],"author":"Lais Trov\u00e3o","twitter_card":"summary_large_image","twitter_creator":"@DuplaGourmet","twitter_site":"@DuplaGourmet","twitter_misc":{"Escrito por":"Lais Trov\u00e3o","Est. tempo de leitura":"5 minutos"},"schema":{"@context":"https:\/\/schema.org","@graph":[{"@type":"Article","@id":"https:\/\/duplagourmet.com.br\/index.php\/2019\/03\/15\/a-cafeteria-mais-aconchegante-de-sao-paulo-fica-na-zona-norte\/#article","isPartOf":{"@id":"https:\/\/duplagourmet.com.br\/index.php\/2019\/03\/15\/a-cafeteria-mais-aconchegante-de-sao-paulo-fica-na-zona-norte\/"},"author":{"name":"Lais Trov\u00e3o","@id":"https:\/\/duplagourmet.com.br\/#\/schema\/person\/888065adf1bf32ae6ab307c7362db9b1"},"headline":"A cafeteria mais aconchegante de S\u00e3o Paulo fica na Zona Norte","datePublished":"2019-03-15T21:06:05+00:00","dateModified":"2019-04-18T23:35:53+00:00","mainEntityOfPage":{"@id":"https:\/\/duplagourmet.com.br\/index.php\/2019\/03\/15\/a-cafeteria-mais-aconchegante-de-sao-paulo-fica-na-zona-norte\/"},"wordCount":973,"commentCount":2,"publisher":{"@id":"https:\/\/duplagourmet.com.br\/#organization"},"articleSection":["Comendo Fora"],"inLanguage":"pt-BR","potentialAction":[{"@type":"CommentAction","name":"Comment","target":["https:\/\/duplagourmet.com.br\/index.php\/2019\/03\/15\/a-cafeteria-mais-aconchegante-de-sao-paulo-fica-na-zona-norte\/#respond"]}]},{"@type":"WebPage","@id":"https:\/\/duplagourmet.com.br\/index.php\/2019\/03\/15\/a-cafeteria-mais-aconchegante-de-sao-paulo-fica-na-zona-norte\/","url":"https:\/\/duplagourmet.com.br\/index.php\/2019\/03\/15\/a-cafeteria-mais-aconchegante-de-sao-paulo-fica-na-zona-norte\/","name":"A cafeteria mais aconchegante de S\u00e3o Paulo fica na Zona Norte -","isPartOf":{"@id":"https:\/\/duplagourmet.com.br\/#website"},"datePublished":"2019-03-15T21:06:05+00:00","dateModified":"2019-04-18T23:35:53+00:00","breadcrumb":{"@id":"https:\/\/duplagourmet.com.br\/index.php\/2019\/03\/15\/a-cafeteria-mais-aconchegante-de-sao-paulo-fica-na-zona-norte\/#breadcrumb"},"inLanguage":"pt-BR","potentialAction":[{"@type":"ReadAction","target":["https:\/\/duplagourmet.com.br\/index.php\/2019\/03\/15\/a-cafeteria-mais-aconchegante-de-sao-paulo-fica-na-zona-norte\/"]}]},{"@type":"BreadcrumbList","@id":"https:\/\/duplagourmet.com.br\/index.php\/2019\/03\/15\/a-cafeteria-mais-aconchegante-de-sao-paulo-fica-na-zona-norte\/#breadcrumb","itemListElement":[{"@type":"ListItem","position":1,"name":"In\u00edcio","item":"https:\/\/duplagourmet.com.br\/"},{"@type":"ListItem","position":2,"name":"A cafeteria mais aconchegante de S\u00e3o Paulo fica na Zona Norte"}]},{"@type":"WebSite","@id":"https:\/\/duplagourmet.com.br\/#website","url":"https:\/\/duplagourmet.com.br\/","name":"","description":"Site de Gastronomia e Viagens","publisher":{"@id":"https:\/\/duplagourmet.com.br\/#organization"},"potentialAction":[{"@type":"SearchAction","target":{"@type":"EntryPoint","urlTemplate":"https:\/\/duplagourmet.com.br\/?s={search_term_string}"},"query-input":"required name=search_term_string"}],"inLanguage":"pt-BR"},{"@type":"Organization","@id":"https:\/\/duplagourmet.com.br\/#organization","name":"Dupla Gourmet","url":"https:\/\/duplagourmet.com.br\/","logo":{"@type":"ImageObject","inLanguage":"pt-BR","@id":"https:\/\/duplagourmet.com.br\/#\/schema\/logo\/image\/","url":"https:\/\/i0.wp.com\/duplagourmet.com.br\/wp-content\/uploads\/2015\/07\/LOGO.jpg?fit=2120%2C1193&ssl=1","contentUrl":"https:\/\/i0.wp.com\/duplagourmet.com.br\/wp-content\/uploads\/2015\/07\/LOGO.jpg?fit=2120%2C1193&ssl=1","width":2120,"height":1193,"caption":"Dupla Gourmet"},"image":{"@id":"https:\/\/duplagourmet.com.br\/#\/schema\/logo\/image\/"},"sameAs":["https:\/\/www.facebook.com\/duplagourmet","https:\/\/twitter.com\/DuplaGourmet","https:\/\/instagram.com\/duplagourmet\/"]},{"@type":"Person","@id":"https:\/\/duplagourmet.com.br\/#\/schema\/person\/888065adf1bf32ae6ab307c7362db9b1","name":"Lais Trov\u00e3o","image":{"@type":"ImageObject","inLanguage":"pt-BR","@id":"https:\/\/duplagourmet.com.br\/#\/schema\/person\/image\/","url":"http:\/\/2.gravatar.com\/avatar\/21dda7f6b6103bd096caaf547327b1d9?s=96&d=mm&r=g","contentUrl":"http:\/\/2.gravatar.com\/avatar\/21dda7f6b6103bd096caaf547327b1d9?s=96&d=mm&r=g","caption":"Lais Trov\u00e3o"},"sameAs":["http:\/\/duplagourmet.com.br\/"],"url":"http:\/\/duplagourmet.com.br\/index.php\/author\/lais_divinohotmail-com\/"}]}},"jetpack_sharing_enabled":true,"jetpack_featured_media_url":"https:\/\/i0.wp.com\/duplagourmet.com.br\/wp-content\/uploads\/2019\/03\/IMG_8356-1.jpg?fit=1620%2C1080","jetpack_shortlink":"https:\/\/wp.me\/p67KK6-3q6","_links":{"self":[{"href":"http:\/\/duplagourmet.com.br\/index.php\/wp-json\/wp\/v2\/posts\/13150"}],"collection":[{"href":"http:\/\/duplagourmet.com.br\/index.php\/wp-json\/wp\/v2\/posts"}],"about":[{"href":"http:\/\/duplagourmet.com.br\/index.php\/wp-json\/wp\/v2\/types\/post"}],"author":[{"embeddable":true,"href":"http:\/\/duplagourmet.com.br\/index.php\/wp-json\/wp\/v2\/users\/1"}],"replies":[{"embeddable":true,"href":"http:\/\/duplagourmet.com.br\/index.php\/wp-json\/wp\/v2\/comments?post=13150"}],"version-history":[{"count":2,"href":"http:\/\/duplagourmet.com.br\/index.php\/wp-json\/wp\/v2\/posts\/13150\/revisions"}],"predecessor-version":[{"id":13339,"href":"http:\/\/duplagourmet.com.br\/index.php\/wp-json\/wp\/v2\/posts\/13150\/revisions\/13339"}],"wp:featuredmedia":[{"embeddable":true,"href":"http:\/\/duplagourmet.com.br\/index.php\/wp-json\/wp\/v2\/media\/13309"}],"wp:attachment":[{"href":"http:\/\/duplagourmet.com.br\/index.php\/wp-json\/wp\/v2\/media?parent=13150"}],"wp:term":[{"taxonomy":"category","embeddable":true,"href":"http:\/\/duplagourmet.com.br\/index.php\/wp-json\/wp\/v2\/categories?post=13150"},{"taxonomy":"post_tag","embeddable":true,"href":"http:\/\/duplagourmet.com.br\/index.php\/wp-json\/wp\/v2\/tags?post=13150"}],"curies":[{"name":"wp","href":"https:\/\/api.w.org\/{rel}","templated":true}]}}