{"id":12455,"date":"2019-02-14T19:46:33","date_gmt":"2019-02-14T19:46:33","guid":{"rendered":"http:\/\/duplagourmet.com.br\/?p=12455"},"modified":"2019-04-19T22:16:41","modified_gmt":"2019-04-19T22:16:41","slug":"a-melhor-e-mais-bem-avaliada-pousada-de-visconde-de-maua","status":"publish","type":"post","link":"http:\/\/duplagourmet.com.br\/index.php\/2019\/02\/14\/a-melhor-e-mais-bem-avaliada-pousada-de-visconde-de-maua\/","title":{"rendered":"A melhor e mais bem avaliada pousada de Visconde de Mau\u00e1"},"content":{"rendered":"<div class=\"0d3c8bb807db4512cec61ce0ce609918\" data-index=\"1\" style=\"float: right; margin:10px 0 10px 10px;\">\n<script async src=\"\/\/pagead2.googlesyndication.com\/pagead\/js\/adsbygoogle.js\"><\/script>\r\n<!-- Dupla -->\r\n<ins class=\"adsbygoogle\"\r\n     style=\"display:inline-block;width:336px;height:280px\"\r\n     data-ad-client=\"ca-pub-5223135331964240\"\r\n     data-ad-slot=\"1820166419\"><\/ins>\r\n<script>\r\n(adsbygoogle = window.adsbygoogle || []).push({});\r\n<\/script>\n<\/div>\n<p>Amamos conhecer novas cidades, explorar novos destinos e voltar para alguns destinos que simplesmente nos marcaram de alguma forma.<br \/>\nVisconde de Mau\u00e1 com certeza entra na listinha dos lugares que voltar\u00edamos v\u00e1rias e v\u00e1rias vezes.<br \/>\nUm povoado extremamente charmoso, com \u00f3tima gastronomia, muita natureza e \u00f3timas pousadas, mas uma delas chamou a nossa aten\u00e7\u00e3o.\u00a0A pousada Dellis!<br \/>\nUm lugarzinho encantador que simplesmente roubou o nosso cora\u00e7\u00e3o!<br \/>\n<img decoding=\"async\" loading=\"lazy\" class=\"alignnone wp-image-12421 size-full\" src=\"https:\/\/i0.wp.com\/duplagourmet.com.br\/wp-content\/uploads\/2019\/02\/IMG_6772.jpg?resize=800%2C533\" alt=\"\" width=\"800\" height=\"533\" srcset=\"https:\/\/i0.wp.com\/duplagourmet.com.br\/wp-content\/uploads\/2019\/02\/IMG_6772.jpg?w=1620 1620w, https:\/\/i0.wp.com\/duplagourmet.com.br\/wp-content\/uploads\/2019\/02\/IMG_6772.jpg?resize=650%2C433 650w, https:\/\/i0.wp.com\/duplagourmet.com.br\/wp-content\/uploads\/2019\/02\/IMG_6772.jpg?resize=1140%2C760 1140w\" sizes=\"(max-width: 800px) 100vw, 800px\" data-recalc-dims=\"1\" \/><\/p>\n<p><img decoding=\"async\" loading=\"lazy\" class=\"alignnone wp-image-12466 size-full\" src=\"https:\/\/i0.wp.com\/duplagourmet.com.br\/wp-content\/uploads\/2019\/02\/IMG_6760.jpg?resize=800%2C533\" alt=\"\" width=\"800\" height=\"533\" srcset=\"https:\/\/i0.wp.com\/duplagourmet.com.br\/wp-content\/uploads\/2019\/02\/IMG_6760.jpg?w=1280 1280w, https:\/\/i0.wp.com\/duplagourmet.com.br\/wp-content\/uploads\/2019\/02\/IMG_6760.jpg?resize=650%2C433 650w, https:\/\/i0.wp.com\/duplagourmet.com.br\/wp-content\/uploads\/2019\/02\/IMG_6760.jpg?resize=1140%2C760 1140w\" sizes=\"(max-width: 800px) 100vw, 800px\" data-recalc-dims=\"1\" \/><\/p>\n<p><img decoding=\"async\" loading=\"lazy\" class=\"alignnone wp-image-12465 size-full\" src=\"https:\/\/i0.wp.com\/duplagourmet.com.br\/wp-content\/uploads\/2019\/02\/IMG_6737.jpg?resize=800%2C533\" alt=\"\" width=\"800\" height=\"533\" srcset=\"https:\/\/i0.wp.com\/duplagourmet.com.br\/wp-content\/uploads\/2019\/02\/IMG_6737.jpg?w=1280 1280w, https:\/\/i0.wp.com\/duplagourmet.com.br\/wp-content\/uploads\/2019\/02\/IMG_6737.jpg?resize=650%2C433 650w, https:\/\/i0.wp.com\/duplagourmet.com.br\/wp-content\/uploads\/2019\/02\/IMG_6737.jpg?resize=1140%2C760 1140w\" sizes=\"(max-width: 800px) 100vw, 800px\" data-recalc-dims=\"1\" \/><\/p>\n<p>Namoramos a Dellis a um certo tempinho pelo Instagram.<br \/>\nA cada nova postagem fic\u00e1vamos ainda mais encantados, ent\u00e3o resolvemos pesquisar um pouco mais a fundo.<br \/>\nFoi a\u00ed que descobrimos que a Dellis tem uma das melhores avalia\u00e7\u00f5es do Booking, ela \u00e9 9.9 no maior site de reservas online e no tripadvisor TODAS as avalia\u00e7\u00f5es s\u00e3o 5 estrelas.<br \/>\nCoincidentemente, na mesma \u00e9poca em que namor\u00e1vamos a Dellis pelas redes sociais, a Lourdes, propriet\u00e1ria da pousada, nos mandou uma mensagem muito linda.<br \/>\nResolvemos ent\u00e3o, conhecer pessoalmente a pousada mais bem avaliada que j\u00e1 hav\u00edamos visto!<br \/>\nA dist\u00e2ncia de S\u00e3o Paulo para Visconde de Mau\u00e1 \u00e9 de aproximadamente 3 horas e meia, sendo a maioria do caminho na rodovia Dutra, uma estrada bem estruturada e super ampla.<br \/>\nDepois disso, \u00e9 necess\u00e1rio subir uma serra que dura em torno de 35 minutos para Visconde de Mau\u00e1.<br \/>\nA serra j\u00e1 oferece aquele climinha de romance e inverno no ar.<br \/>\nO total do valor pago de ped\u00e1gio foi R$89 + R$250 de gasolina ( ida e volta &#8211; 580km).<br \/>\n<img decoding=\"async\" loading=\"lazy\" class=\"alignnone wp-image-12469 size-full\" src=\"https:\/\/i0.wp.com\/duplagourmet.com.br\/wp-content\/uploads\/2019\/02\/IMG_6811.jpg?resize=800%2C533\" alt=\"\" width=\"800\" height=\"533\" srcset=\"https:\/\/i0.wp.com\/duplagourmet.com.br\/wp-content\/uploads\/2019\/02\/IMG_6811.jpg?w=1280 1280w, https:\/\/i0.wp.com\/duplagourmet.com.br\/wp-content\/uploads\/2019\/02\/IMG_6811.jpg?resize=650%2C433 650w, https:\/\/i0.wp.com\/duplagourmet.com.br\/wp-content\/uploads\/2019\/02\/IMG_6811.jpg?resize=1140%2C760 1140w\" sizes=\"(max-width: 800px) 100vw, 800px\" data-recalc-dims=\"1\" \/><\/p>\n<p><img decoding=\"async\" loading=\"lazy\" class=\"alignnone wp-image-12470 size-full\" src=\"https:\/\/i0.wp.com\/duplagourmet.com.br\/wp-content\/uploads\/2019\/02\/IMG_6826.jpg?resize=800%2C533\" alt=\"\" width=\"800\" height=\"533\" srcset=\"https:\/\/i0.wp.com\/duplagourmet.com.br\/wp-content\/uploads\/2019\/02\/IMG_6826.jpg?w=1280 1280w, https:\/\/i0.wp.com\/duplagourmet.com.br\/wp-content\/uploads\/2019\/02\/IMG_6826.jpg?resize=650%2C433 650w, https:\/\/i0.wp.com\/duplagourmet.com.br\/wp-content\/uploads\/2019\/02\/IMG_6826.jpg?resize=1140%2C760 1140w\" sizes=\"(max-width: 800px) 100vw, 800px\" data-recalc-dims=\"1\" \/><\/p>\n<p><img decoding=\"async\" loading=\"lazy\" class=\"alignnone wp-image-12472 size-large\" src=\"https:\/\/i0.wp.com\/duplagourmet.com.br\/wp-content\/uploads\/2019\/02\/IMG_6848.jpg?resize=800%2C533\" alt=\"\" width=\"800\" height=\"533\" srcset=\"https:\/\/i0.wp.com\/duplagourmet.com.br\/wp-content\/uploads\/2019\/02\/IMG_6848.jpg?resize=1140%2C760 1140w, https:\/\/i0.wp.com\/duplagourmet.com.br\/wp-content\/uploads\/2019\/02\/IMG_6848.jpg?resize=650%2C433 650w, https:\/\/i0.wp.com\/duplagourmet.com.br\/wp-content\/uploads\/2019\/02\/IMG_6848.jpg?w=1280 1280w\" sizes=\"(max-width: 800px) 100vw, 800px\" data-recalc-dims=\"1\" \/><\/p>\n<p><img decoding=\"async\" loading=\"lazy\" class=\"alignnone wp-image-12473 size-full\" src=\"https:\/\/i0.wp.com\/duplagourmet.com.br\/wp-content\/uploads\/2019\/02\/IMG_6901.jpg?resize=800%2C533\" alt=\"\" width=\"800\" height=\"533\" srcset=\"https:\/\/i0.wp.com\/duplagourmet.com.br\/wp-content\/uploads\/2019\/02\/IMG_6901.jpg?w=1280 1280w, https:\/\/i0.wp.com\/duplagourmet.com.br\/wp-content\/uploads\/2019\/02\/IMG_6901.jpg?resize=650%2C433 650w, https:\/\/i0.wp.com\/duplagourmet.com.br\/wp-content\/uploads\/2019\/02\/IMG_6901.jpg?resize=1140%2C760 1140w\" sizes=\"(max-width: 800px) 100vw, 800px\" data-recalc-dims=\"1\" \/><\/p>\n<p><img decoding=\"async\" loading=\"lazy\" class=\"alignnone wp-image-12475\" src=\"https:\/\/i0.wp.com\/duplagourmet.com.br\/wp-content\/uploads\/2019\/02\/IMG_6930.jpg?resize=800%2C1199\" alt=\"\" width=\"800\" height=\"1199\" srcset=\"https:\/\/i0.wp.com\/duplagourmet.com.br\/wp-content\/uploads\/2019\/02\/IMG_6930.jpg?resize=650%2C975 650w, https:\/\/i0.wp.com\/duplagourmet.com.br\/wp-content\/uploads\/2019\/02\/IMG_6930.jpg?w=683 683w\" sizes=\"(max-width: 800px) 100vw, 800px\" data-recalc-dims=\"1\" \/><\/p>\n<p><img decoding=\"async\" loading=\"lazy\" class=\"alignnone wp-image-12476 size-full\" src=\"https:\/\/i0.wp.com\/duplagourmet.com.br\/wp-content\/uploads\/2019\/02\/IMG_6943.jpg?resize=800%2C533\" alt=\"\" width=\"800\" height=\"533\" srcset=\"https:\/\/i0.wp.com\/duplagourmet.com.br\/wp-content\/uploads\/2019\/02\/IMG_6943.jpg?w=1280 1280w, https:\/\/i0.wp.com\/duplagourmet.com.br\/wp-content\/uploads\/2019\/02\/IMG_6943.jpg?resize=650%2C433 650w, https:\/\/i0.wp.com\/duplagourmet.com.br\/wp-content\/uploads\/2019\/02\/IMG_6943.jpg?resize=1140%2C760 1140w\" sizes=\"(max-width: 800px) 100vw, 800px\" data-recalc-dims=\"1\" \/><\/p>\n<p>A Pousada Dellis tem um ar bastante intimista, com colaboradores gentis e conta com apenas 6 su\u00edtes. Tornando tudo mais exclusivo e cuidadoso para o cliente final.<br \/>\nEles contam com 6 su\u00edtes Deluxe, todas s\u00e3o extremamente confort\u00e1veis, charmosas e com todos os itens bem novinhos, afinal a pousada tem menos de 1 ano e meio.<br \/>\nO quarto Deluxe tem 36\u00a0m\u00b2 e conta com frigobar, chuveiro, banheira com vista para as \u00e1rvores, canais\u00a0pay-per-view, TV, secador de cabelo, jacuzzi, roup\u00e3o, banheira de hidromassagem, ventilador, produtos Florence Blanc, ventilador, canais via sat\u00e9lite, chuveiro, lareira, tv de tela plana, piso de madeira, mesa de jantar, guarda- roupa, toalhas, roupas de cama, touca de banho.<br \/>\nAhh e uma das coisas que mais gostamos foi que tudo fica no t\u00e9rreo e cada chal\u00e9 tem a sua vaga de estacionamento exclusiva. Ou seja voc\u00ea para o seu carro na porta da sua cama rsrs..quer mais conforto que esse?!<\/p>\n<p><img decoding=\"async\" loading=\"lazy\" class=\"alignnone wp-image-12468 size-full\" src=\"https:\/\/i0.wp.com\/duplagourmet.com.br\/wp-content\/uploads\/2019\/02\/IMG_6790.jpg?resize=800%2C533\" alt=\"\" width=\"800\" height=\"533\" srcset=\"https:\/\/i0.wp.com\/duplagourmet.com.br\/wp-content\/uploads\/2019\/02\/IMG_6790.jpg?w=1280 1280w, https:\/\/i0.wp.com\/duplagourmet.com.br\/wp-content\/uploads\/2019\/02\/IMG_6790.jpg?resize=650%2C433 650w, https:\/\/i0.wp.com\/duplagourmet.com.br\/wp-content\/uploads\/2019\/02\/IMG_6790.jpg?resize=1140%2C760 1140w\" sizes=\"(max-width: 800px) 100vw, 800px\" data-recalc-dims=\"1\" \/><\/p>\n<p><img decoding=\"async\" loading=\"lazy\" class=\"alignnone wp-image-12462 size-full\" src=\"https:\/\/i0.wp.com\/duplagourmet.com.br\/wp-content\/uploads\/2019\/02\/IMG_7392.jpg?resize=800%2C533\" alt=\"\" width=\"800\" height=\"533\" srcset=\"https:\/\/i0.wp.com\/duplagourmet.com.br\/wp-content\/uploads\/2019\/02\/IMG_7392.jpg?w=1280 1280w, https:\/\/i0.wp.com\/duplagourmet.com.br\/wp-content\/uploads\/2019\/02\/IMG_7392.jpg?resize=650%2C433 650w, https:\/\/i0.wp.com\/duplagourmet.com.br\/wp-content\/uploads\/2019\/02\/IMG_7392.jpg?resize=1140%2C760 1140w\" sizes=\"(max-width: 800px) 100vw, 800px\" data-recalc-dims=\"1\" \/><\/p>\n<p><img decoding=\"async\" loading=\"lazy\" class=\"alignnone wp-image-12441 size-full\" src=\"https:\/\/i0.wp.com\/duplagourmet.com.br\/wp-content\/uploads\/2019\/02\/IMG_7380.jpg?resize=800%2C533\" alt=\"\" width=\"800\" height=\"533\" srcset=\"https:\/\/i0.wp.com\/duplagourmet.com.br\/wp-content\/uploads\/2019\/02\/IMG_7380.jpg?w=1620 1620w, https:\/\/i0.wp.com\/duplagourmet.com.br\/wp-content\/uploads\/2019\/02\/IMG_7380.jpg?resize=650%2C433 650w, https:\/\/i0.wp.com\/duplagourmet.com.br\/wp-content\/uploads\/2019\/02\/IMG_7380.jpg?resize=1140%2C760 1140w\" sizes=\"(max-width: 800px) 100vw, 800px\" data-recalc-dims=\"1\" \/><\/p>\n<p><img decoding=\"async\" loading=\"lazy\" class=\"alignnone wp-image-12461 size-full\" src=\"https:\/\/i0.wp.com\/duplagourmet.com.br\/wp-content\/uploads\/2019\/02\/IMG_7391.jpg?resize=800%2C533\" alt=\"\" width=\"800\" height=\"533\" srcset=\"https:\/\/i0.wp.com\/duplagourmet.com.br\/wp-content\/uploads\/2019\/02\/IMG_7391.jpg?w=1280 1280w, https:\/\/i0.wp.com\/duplagourmet.com.br\/wp-content\/uploads\/2019\/02\/IMG_7391.jpg?resize=650%2C433 650w, https:\/\/i0.wp.com\/duplagourmet.com.br\/wp-content\/uploads\/2019\/02\/IMG_7391.jpg?resize=1140%2C760 1140w\" sizes=\"(max-width: 800px) 100vw, 800px\" data-recalc-dims=\"1\" \/><\/p>\n<p><img decoding=\"async\" loading=\"lazy\" class=\"alignnone wp-image-12460 size-full\" src=\"https:\/\/i0.wp.com\/duplagourmet.com.br\/wp-content\/uploads\/2019\/02\/IMG_7410.jpg?resize=800%2C533\" alt=\"\" width=\"800\" height=\"533\" srcset=\"https:\/\/i0.wp.com\/duplagourmet.com.br\/wp-content\/uploads\/2019\/02\/IMG_7410.jpg?w=1280 1280w, https:\/\/i0.wp.com\/duplagourmet.com.br\/wp-content\/uploads\/2019\/02\/IMG_7410.jpg?resize=650%2C433 650w, https:\/\/i0.wp.com\/duplagourmet.com.br\/wp-content\/uploads\/2019\/02\/IMG_7410.jpg?resize=1140%2C760 1140w\" sizes=\"(max-width: 800px) 100vw, 800px\" data-recalc-dims=\"1\" \/><\/p>\n<p><img decoding=\"async\" loading=\"lazy\" class=\"alignnone wp-image-12463 size-full\" src=\"https:\/\/i0.wp.com\/duplagourmet.com.br\/wp-content\/uploads\/2019\/02\/IMG_7396.jpg?resize=800%2C533\" alt=\"\" width=\"800\" height=\"533\" srcset=\"https:\/\/i0.wp.com\/duplagourmet.com.br\/wp-content\/uploads\/2019\/02\/IMG_7396.jpg?w=1280 1280w, https:\/\/i0.wp.com\/duplagourmet.com.br\/wp-content\/uploads\/2019\/02\/IMG_7396.jpg?resize=650%2C433 650w, https:\/\/i0.wp.com\/duplagourmet.com.br\/wp-content\/uploads\/2019\/02\/IMG_7396.jpg?resize=1140%2C760 1140w\" sizes=\"(max-width: 800px) 100vw, 800px\" data-recalc-dims=\"1\" \/><\/p>\n<p><img decoding=\"async\" loading=\"lazy\" class=\"alignnone wp-image-12440 size-full\" src=\"https:\/\/i0.wp.com\/duplagourmet.com.br\/wp-content\/uploads\/2019\/02\/IMG_7376.jpg?resize=800%2C533\" alt=\"\" width=\"800\" height=\"533\" srcset=\"https:\/\/i0.wp.com\/duplagourmet.com.br\/wp-content\/uploads\/2019\/02\/IMG_7376.jpg?w=1620 1620w, https:\/\/i0.wp.com\/duplagourmet.com.br\/wp-content\/uploads\/2019\/02\/IMG_7376.jpg?resize=650%2C433 650w, https:\/\/i0.wp.com\/duplagourmet.com.br\/wp-content\/uploads\/2019\/02\/IMG_7376.jpg?resize=1140%2C760 1140w\" sizes=\"(max-width: 800px) 100vw, 800px\" data-recalc-dims=\"1\" \/><\/p>\n<p>Para encerrar n\u00e3o poder\u00edamos deixar de falar de um dos pontos altos da viagem! O caf\u00e9 da manh\u00e3 da pousada.<br \/>\nA Lourdes \u00e9 uma cozinheira de m\u00e3o cheia e lidera toda a sua cozinha, que por sinal o sal\u00e3o de caf\u00e9 da manh\u00e3 tamb\u00e9m se transforma em um dos melhores restaurante abertos ao p\u00fablico da regi\u00e3o.<br \/>\nMas voltemos para o assunto dessa maravilhosidade de caf\u00e9! rsrs<br \/>\nO caf\u00e9 da manh\u00e3 esta incluso na di\u00e1ria e \u00e9 servido por etapas, assim tudo \u00e9 feito na hora, conforme o seu gosto e chega sempre bem quentinho a mesa.<br \/>\nTudo, exatamente tudo que provamos nas nossas duas di\u00e1rias estava simplesmente espetacular.<br \/>\nDestaque especial para o p\u00e3o de queijo, bolinho de chuva, iogurte com frutas vermelhas, tartar de truta salmonada, p\u00e3es caseiros e o capuccino cremoso.<br \/>\nA cada caf\u00e9, alguns itens podem ser variados, tornando a experi\u00eancia ainda mais inusitada.<br \/>\nEnfim&#8230;sa\u00edmos com o cora\u00e7\u00e3o quentinho e cheio de boas lembran\u00e7as desse lugar apaixonante!<br \/>\nPousada Dellis n\u00f3s te amamos e nos vemos a hora te ver novamente!<\/p>\n<p><strong>Endere\u00e7o:\u00a0<\/strong>RJ-151 16, Visconde de Mau\u00e1, CEP 27553-000, Brasil<br \/>\n<strong>Telefone:\u00a0<\/strong>(24)33872235<strong><br \/>\nInstagram: <a href=\"https:\/\/www.instagram.com\/pousada_dellis\/?hl=af\" target=\"_blank\" rel=\"noopener noreferrer\">@pousada_dellis<\/a><br \/>\n<\/strong><strong>Pre\u00e7os e Reservas:<\/strong> <a href=\"https:\/\/www.booking.com\/hotel\/br\/pousada-dellis.en.html?aid=1450949&amp;no_rooms=1&amp;group_adults=1\" target=\"_blank\" rel=\"noopener noreferrer\"><strong>Clique aqui, eu te levo l\u00e1!<\/strong><\/a><\/p>\n\n<div style=\"font-size: 0px; height: 0px; line-height: 0px; margin: 0; padding: 0; clear: both;\"><\/div>","protected":false},"excerpt":{"rendered":"<p>Amamos conhecer novas cidades, explorar novos destinos e voltar para alguns destinos que simplesmente nos marcaram de alguma forma. Visconde de Mau\u00e1 com certeza entra na listinha dos lugares que voltar\u00edamos v\u00e1rias e v\u00e1rias vezes. Um povoado extremamente charmoso, com \u00f3tima gastronomia, muita natureza e \u00f3timas pousadas, mas uma delas chamou a nossa aten\u00e7\u00e3o.\u00a0A pousada [&hellip;]<\/p>\n","protected":false},"author":1,"featured_media":12467,"comment_status":"open","ping_status":"open","sticky":false,"template":"","format":"standard","meta":{"jetpack_post_was_ever_published":false,"_jetpack_newsletter_access":"","_jetpack_newsletter_tier_id":0},"categories":[270,225,287],"tags":[],"yoast_head":"<!-- This site is optimized with the Yoast SEO plugin v20.2.1 - https:\/\/yoast.com\/wordpress\/plugins\/seo\/ -->\n<title>A melhor e mais bem avaliada pousada de Visconde de Mau\u00e1 -<\/title>\n<meta name=\"robots\" content=\"index, follow, max-snippet:-1, max-image-preview:large, max-video-preview:-1\" \/>\n<link rel=\"canonical\" href=\"https:\/\/duplagourmet.com.br\/index.php\/2019\/02\/14\/a-melhor-e-mais-bem-avaliada-pousada-de-visconde-de-maua\/\" \/>\n<meta property=\"og:locale\" content=\"pt_BR\" \/>\n<meta property=\"og:type\" content=\"article\" \/>\n<meta property=\"og:title\" content=\"A melhor e mais bem avaliada pousada de Visconde de Mau\u00e1 -\" \/>\n<meta property=\"og:description\" content=\"Amamos conhecer novas cidades, explorar novos destinos e voltar para alguns destinos que simplesmente nos marcaram de alguma forma. Visconde de Mau\u00e1 com certeza entra na listinha dos lugares que voltar\u00edamos v\u00e1rias e v\u00e1rias vezes. Um povoado extremamente charmoso, com \u00f3tima gastronomia, muita natureza e \u00f3timas pousadas, mas uma delas chamou a nossa aten\u00e7\u00e3o.\u00a0A pousada [&hellip;]\" \/>\n<meta property=\"og:url\" content=\"https:\/\/duplagourmet.com.br\/index.php\/2019\/02\/14\/a-melhor-e-mais-bem-avaliada-pousada-de-visconde-de-maua\/\" \/>\n<meta property=\"article:publisher\" content=\"https:\/\/www.facebook.com\/duplagourmet\" \/>\n<meta property=\"article:published_time\" content=\"2019-02-14T19:46:33+00:00\" \/>\n<meta property=\"article:modified_time\" content=\"2019-04-19T22:16:41+00:00\" \/>\n<meta property=\"og:image\" content=\"https:\/\/i0.wp.com\/duplagourmet.com.br\/wp-content\/uploads\/2019\/02\/IMG_6772-1.jpg?fit=1620%2C1080&ssl=1\" \/>\n\t<meta property=\"og:image:width\" content=\"1620\" \/>\n\t<meta property=\"og:image:height\" content=\"1080\" \/>\n\t<meta property=\"og:image:type\" content=\"image\/jpeg\" \/>\n<meta name=\"author\" content=\"Lais Trov\u00e3o\" \/>\n<meta name=\"twitter:card\" content=\"summary_large_image\" \/>\n<meta name=\"twitter:creator\" content=\"@DuplaGourmet\" \/>\n<meta name=\"twitter:site\" content=\"@DuplaGourmet\" \/>\n<meta name=\"twitter:label1\" content=\"Escrito por\" \/>\n\t<meta name=\"twitter:data1\" content=\"Lais Trov\u00e3o\" \/>\n\t<meta name=\"twitter:label2\" content=\"Est. tempo de leitura\" \/>\n\t<meta name=\"twitter:data2\" content=\"3 minutos\" \/>\n<script type=\"application\/ld+json\" class=\"yoast-schema-graph\">{\"@context\":\"https:\/\/schema.org\",\"@graph\":[{\"@type\":\"Article\",\"@id\":\"https:\/\/duplagourmet.com.br\/index.php\/2019\/02\/14\/a-melhor-e-mais-bem-avaliada-pousada-de-visconde-de-maua\/#article\",\"isPartOf\":{\"@id\":\"https:\/\/duplagourmet.com.br\/index.php\/2019\/02\/14\/a-melhor-e-mais-bem-avaliada-pousada-de-visconde-de-maua\/\"},\"author\":{\"name\":\"Lais Trov\u00e3o\",\"@id\":\"https:\/\/duplagourmet.com.br\/#\/schema\/person\/888065adf1bf32ae6ab307c7362db9b1\"},\"headline\":\"A melhor e mais bem avaliada pousada de Visconde de Mau\u00e1\",\"datePublished\":\"2019-02-14T19:46:33+00:00\",\"dateModified\":\"2019-04-19T22:16:41+00:00\",\"mainEntityOfPage\":{\"@id\":\"https:\/\/duplagourmet.com.br\/index.php\/2019\/02\/14\/a-melhor-e-mais-bem-avaliada-pousada-de-visconde-de-maua\/\"},\"wordCount\":625,\"commentCount\":1,\"publisher\":{\"@id\":\"https:\/\/duplagourmet.com.br\/#organization\"},\"articleSection\":[\"Brasil\",\"Viagens\",\"Visconde de Mau\u00e1\"],\"inLanguage\":\"pt-BR\",\"potentialAction\":[{\"@type\":\"CommentAction\",\"name\":\"Comment\",\"target\":[\"https:\/\/duplagourmet.com.br\/index.php\/2019\/02\/14\/a-melhor-e-mais-bem-avaliada-pousada-de-visconde-de-maua\/#respond\"]}]},{\"@type\":\"WebPage\",\"@id\":\"https:\/\/duplagourmet.com.br\/index.php\/2019\/02\/14\/a-melhor-e-mais-bem-avaliada-pousada-de-visconde-de-maua\/\",\"url\":\"https:\/\/duplagourmet.com.br\/index.php\/2019\/02\/14\/a-melhor-e-mais-bem-avaliada-pousada-de-visconde-de-maua\/\",\"name\":\"A melhor e mais bem avaliada pousada de Visconde de Mau\u00e1 -\",\"isPartOf\":{\"@id\":\"https:\/\/duplagourmet.com.br\/#website\"},\"datePublished\":\"2019-02-14T19:46:33+00:00\",\"dateModified\":\"2019-04-19T22:16:41+00:00\",\"breadcrumb\":{\"@id\":\"https:\/\/duplagourmet.com.br\/index.php\/2019\/02\/14\/a-melhor-e-mais-bem-avaliada-pousada-de-visconde-de-maua\/#breadcrumb\"},\"inLanguage\":\"pt-BR\",\"potentialAction\":[{\"@type\":\"ReadAction\",\"target\":[\"https:\/\/duplagourmet.com.br\/index.php\/2019\/02\/14\/a-melhor-e-mais-bem-avaliada-pousada-de-visconde-de-maua\/\"]}]},{\"@type\":\"BreadcrumbList\",\"@id\":\"https:\/\/duplagourmet.com.br\/index.php\/2019\/02\/14\/a-melhor-e-mais-bem-avaliada-pousada-de-visconde-de-maua\/#breadcrumb\",\"itemListElement\":[{\"@type\":\"ListItem\",\"position\":1,\"name\":\"In\u00edcio\",\"item\":\"https:\/\/duplagourmet.com.br\/\"},{\"@type\":\"ListItem\",\"position\":2,\"name\":\"A melhor e mais bem avaliada pousada de Visconde de Mau\u00e1\"}]},{\"@type\":\"WebSite\",\"@id\":\"https:\/\/duplagourmet.com.br\/#website\",\"url\":\"https:\/\/duplagourmet.com.br\/\",\"name\":\"\",\"description\":\"Site de Gastronomia e Viagens\",\"publisher\":{\"@id\":\"https:\/\/duplagourmet.com.br\/#organization\"},\"potentialAction\":[{\"@type\":\"SearchAction\",\"target\":{\"@type\":\"EntryPoint\",\"urlTemplate\":\"https:\/\/duplagourmet.com.br\/?s={search_term_string}\"},\"query-input\":\"required name=search_term_string\"}],\"inLanguage\":\"pt-BR\"},{\"@type\":\"Organization\",\"@id\":\"https:\/\/duplagourmet.com.br\/#organization\",\"name\":\"Dupla Gourmet\",\"url\":\"https:\/\/duplagourmet.com.br\/\",\"logo\":{\"@type\":\"ImageObject\",\"inLanguage\":\"pt-BR\",\"@id\":\"https:\/\/duplagourmet.com.br\/#\/schema\/logo\/image\/\",\"url\":\"https:\/\/i0.wp.com\/duplagourmet.com.br\/wp-content\/uploads\/2015\/07\/LOGO.jpg?fit=2120%2C1193&ssl=1\",\"contentUrl\":\"https:\/\/i0.wp.com\/duplagourmet.com.br\/wp-content\/uploads\/2015\/07\/LOGO.jpg?fit=2120%2C1193&ssl=1\",\"width\":2120,\"height\":1193,\"caption\":\"Dupla Gourmet\"},\"image\":{\"@id\":\"https:\/\/duplagourmet.com.br\/#\/schema\/logo\/image\/\"},\"sameAs\":[\"https:\/\/www.facebook.com\/duplagourmet\",\"https:\/\/twitter.com\/DuplaGourmet\",\"https:\/\/instagram.com\/duplagourmet\/\"]},{\"@type\":\"Person\",\"@id\":\"https:\/\/duplagourmet.com.br\/#\/schema\/person\/888065adf1bf32ae6ab307c7362db9b1\",\"name\":\"Lais Trov\u00e3o\",\"image\":{\"@type\":\"ImageObject\",\"inLanguage\":\"pt-BR\",\"@id\":\"https:\/\/duplagourmet.com.br\/#\/schema\/person\/image\/\",\"url\":\"http:\/\/2.gravatar.com\/avatar\/21dda7f6b6103bd096caaf547327b1d9?s=96&d=mm&r=g\",\"contentUrl\":\"http:\/\/2.gravatar.com\/avatar\/21dda7f6b6103bd096caaf547327b1d9?s=96&d=mm&r=g\",\"caption\":\"Lais Trov\u00e3o\"},\"sameAs\":[\"http:\/\/duplagourmet.com.br\/\"],\"url\":\"http:\/\/duplagourmet.com.br\/index.php\/author\/lais_divinohotmail-com\/\"}]}<\/script>\n<!-- \/ Yoast SEO plugin. -->","yoast_head_json":{"title":"A melhor e mais bem avaliada pousada de Visconde de Mau\u00e1 -","robots":{"index":"index","follow":"follow","max-snippet":"max-snippet:-1","max-image-preview":"max-image-preview:large","max-video-preview":"max-video-preview:-1"},"canonical":"https:\/\/duplagourmet.com.br\/index.php\/2019\/02\/14\/a-melhor-e-mais-bem-avaliada-pousada-de-visconde-de-maua\/","og_locale":"pt_BR","og_type":"article","og_title":"A melhor e mais bem avaliada pousada de Visconde de Mau\u00e1 -","og_description":"Amamos conhecer novas cidades, explorar novos destinos e voltar para alguns destinos que simplesmente nos marcaram de alguma forma. Visconde de Mau\u00e1 com certeza entra na listinha dos lugares que voltar\u00edamos v\u00e1rias e v\u00e1rias vezes. Um povoado extremamente charmoso, com \u00f3tima gastronomia, muita natureza e \u00f3timas pousadas, mas uma delas chamou a nossa aten\u00e7\u00e3o.\u00a0A pousada [&hellip;]","og_url":"https:\/\/duplagourmet.com.br\/index.php\/2019\/02\/14\/a-melhor-e-mais-bem-avaliada-pousada-de-visconde-de-maua\/","article_publisher":"https:\/\/www.facebook.com\/duplagourmet","article_published_time":"2019-02-14T19:46:33+00:00","article_modified_time":"2019-04-19T22:16:41+00:00","og_image":[{"width":1620,"height":1080,"url":"https:\/\/i0.wp.com\/duplagourmet.com.br\/wp-content\/uploads\/2019\/02\/IMG_6772-1.jpg?fit=1620%2C1080&ssl=1","type":"image\/jpeg"}],"author":"Lais Trov\u00e3o","twitter_card":"summary_large_image","twitter_creator":"@DuplaGourmet","twitter_site":"@DuplaGourmet","twitter_misc":{"Escrito por":"Lais Trov\u00e3o","Est. tempo de leitura":"3 minutos"},"schema":{"@context":"https:\/\/schema.org","@graph":[{"@type":"Article","@id":"https:\/\/duplagourmet.com.br\/index.php\/2019\/02\/14\/a-melhor-e-mais-bem-avaliada-pousada-de-visconde-de-maua\/#article","isPartOf":{"@id":"https:\/\/duplagourmet.com.br\/index.php\/2019\/02\/14\/a-melhor-e-mais-bem-avaliada-pousada-de-visconde-de-maua\/"},"author":{"name":"Lais Trov\u00e3o","@id":"https:\/\/duplagourmet.com.br\/#\/schema\/person\/888065adf1bf32ae6ab307c7362db9b1"},"headline":"A melhor e mais bem avaliada pousada de Visconde de Mau\u00e1","datePublished":"2019-02-14T19:46:33+00:00","dateModified":"2019-04-19T22:16:41+00:00","mainEntityOfPage":{"@id":"https:\/\/duplagourmet.com.br\/index.php\/2019\/02\/14\/a-melhor-e-mais-bem-avaliada-pousada-de-visconde-de-maua\/"},"wordCount":625,"commentCount":1,"publisher":{"@id":"https:\/\/duplagourmet.com.br\/#organization"},"articleSection":["Brasil","Viagens","Visconde de Mau\u00e1"],"inLanguage":"pt-BR","potentialAction":[{"@type":"CommentAction","name":"Comment","target":["https:\/\/duplagourmet.com.br\/index.php\/2019\/02\/14\/a-melhor-e-mais-bem-avaliada-pousada-de-visconde-de-maua\/#respond"]}]},{"@type":"WebPage","@id":"https:\/\/duplagourmet.com.br\/index.php\/2019\/02\/14\/a-melhor-e-mais-bem-avaliada-pousada-de-visconde-de-maua\/","url":"https:\/\/duplagourmet.com.br\/index.php\/2019\/02\/14\/a-melhor-e-mais-bem-avaliada-pousada-de-visconde-de-maua\/","name":"A melhor e mais bem avaliada pousada de Visconde de Mau\u00e1 -","isPartOf":{"@id":"https:\/\/duplagourmet.com.br\/#website"},"datePublished":"2019-02-14T19:46:33+00:00","dateModified":"2019-04-19T22:16:41+00:00","breadcrumb":{"@id":"https:\/\/duplagourmet.com.br\/index.php\/2019\/02\/14\/a-melhor-e-mais-bem-avaliada-pousada-de-visconde-de-maua\/#breadcrumb"},"inLanguage":"pt-BR","potentialAction":[{"@type":"ReadAction","target":["https:\/\/duplagourmet.com.br\/index.php\/2019\/02\/14\/a-melhor-e-mais-bem-avaliada-pousada-de-visconde-de-maua\/"]}]},{"@type":"BreadcrumbList","@id":"https:\/\/duplagourmet.com.br\/index.php\/2019\/02\/14\/a-melhor-e-mais-bem-avaliada-pousada-de-visconde-de-maua\/#breadcrumb","itemListElement":[{"@type":"ListItem","position":1,"name":"In\u00edcio","item":"https:\/\/duplagourmet.com.br\/"},{"@type":"ListItem","position":2,"name":"A melhor e mais bem avaliada pousada de Visconde de Mau\u00e1"}]},{"@type":"WebSite","@id":"https:\/\/duplagourmet.com.br\/#website","url":"https:\/\/duplagourmet.com.br\/","name":"","description":"Site de Gastronomia e Viagens","publisher":{"@id":"https:\/\/duplagourmet.com.br\/#organization"},"potentialAction":[{"@type":"SearchAction","target":{"@type":"EntryPoint","urlTemplate":"https:\/\/duplagourmet.com.br\/?s={search_term_string}"},"query-input":"required name=search_term_string"}],"inLanguage":"pt-BR"},{"@type":"Organization","@id":"https:\/\/duplagourmet.com.br\/#organization","name":"Dupla Gourmet","url":"https:\/\/duplagourmet.com.br\/","logo":{"@type":"ImageObject","inLanguage":"pt-BR","@id":"https:\/\/duplagourmet.com.br\/#\/schema\/logo\/image\/","url":"https:\/\/i0.wp.com\/duplagourmet.com.br\/wp-content\/uploads\/2015\/07\/LOGO.jpg?fit=2120%2C1193&ssl=1","contentUrl":"https:\/\/i0.wp.com\/duplagourmet.com.br\/wp-content\/uploads\/2015\/07\/LOGO.jpg?fit=2120%2C1193&ssl=1","width":2120,"height":1193,"caption":"Dupla Gourmet"},"image":{"@id":"https:\/\/duplagourmet.com.br\/#\/schema\/logo\/image\/"},"sameAs":["https:\/\/www.facebook.com\/duplagourmet","https:\/\/twitter.com\/DuplaGourmet","https:\/\/instagram.com\/duplagourmet\/"]},{"@type":"Person","@id":"https:\/\/duplagourmet.com.br\/#\/schema\/person\/888065adf1bf32ae6ab307c7362db9b1","name":"Lais Trov\u00e3o","image":{"@type":"ImageObject","inLanguage":"pt-BR","@id":"https:\/\/duplagourmet.com.br\/#\/schema\/person\/image\/","url":"http:\/\/2.gravatar.com\/avatar\/21dda7f6b6103bd096caaf547327b1d9?s=96&d=mm&r=g","contentUrl":"http:\/\/2.gravatar.com\/avatar\/21dda7f6b6103bd096caaf547327b1d9?s=96&d=mm&r=g","caption":"Lais Trov\u00e3o"},"sameAs":["http:\/\/duplagourmet.com.br\/"],"url":"http:\/\/duplagourmet.com.br\/index.php\/author\/lais_divinohotmail-com\/"}]}},"jetpack_sharing_enabled":true,"jetpack_featured_media_url":"https:\/\/i0.wp.com\/duplagourmet.com.br\/wp-content\/uploads\/2019\/02\/IMG_6772-1.jpg?fit=1620%2C1080","jetpack_shortlink":"https:\/\/wp.me\/p67KK6-3eT","_links":{"self":[{"href":"http:\/\/duplagourmet.com.br\/index.php\/wp-json\/wp\/v2\/posts\/12455"}],"collection":[{"href":"http:\/\/duplagourmet.com.br\/index.php\/wp-json\/wp\/v2\/posts"}],"about":[{"href":"http:\/\/duplagourmet.com.br\/index.php\/wp-json\/wp\/v2\/types\/post"}],"author":[{"embeddable":true,"href":"http:\/\/duplagourmet.com.br\/index.php\/wp-json\/wp\/v2\/users\/1"}],"replies":[{"embeddable":true,"href":"http:\/\/duplagourmet.com.br\/index.php\/wp-json\/wp\/v2\/comments?post=12455"}],"version-history":[{"count":2,"href":"http:\/\/duplagourmet.com.br\/index.php\/wp-json\/wp\/v2\/posts\/12455\/revisions"}],"predecessor-version":[{"id":13602,"href":"http:\/\/duplagourmet.com.br\/index.php\/wp-json\/wp\/v2\/posts\/12455\/revisions\/13602"}],"wp:featuredmedia":[{"embeddable":true,"href":"http:\/\/duplagourmet.com.br\/index.php\/wp-json\/wp\/v2\/media\/12467"}],"wp:attachment":[{"href":"http:\/\/duplagourmet.com.br\/index.php\/wp-json\/wp\/v2\/media?parent=12455"}],"wp:term":[{"taxonomy":"category","embeddable":true,"href":"http:\/\/duplagourmet.com.br\/index.php\/wp-json\/wp\/v2\/categories?post=12455"},{"taxonomy":"post_tag","embeddable":true,"href":"http:\/\/duplagourmet.com.br\/index.php\/wp-json\/wp\/v2\/tags?post=12455"}],"curies":[{"name":"wp","href":"https:\/\/api.w.org\/{rel}","templated":true}]}}