{"id":12399,"date":"2019-02-11T20:51:24","date_gmt":"2019-02-11T20:51:24","guid":{"rendered":"http:\/\/duplagourmet.com.br\/?p=12399"},"modified":"2019-02-14T19:48:12","modified_gmt":"2019-02-14T19:48:12","slug":"o-que-fazer-em-visconde-de-maua-em-um-final-de-semana","status":"publish","type":"post","link":"http:\/\/duplagourmet.com.br\/index.php\/2019\/02\/11\/o-que-fazer-em-visconde-de-maua-em-um-final-de-semana\/","title":{"rendered":"O que fazer em Visconde de Mau\u00e1 em um final de semana"},"content":{"rendered":"<div class=\"0d3c8bb807db4512cec61ce0ce609918\" data-index=\"1\" style=\"float: right; margin:10px 0 10px 10px;\">\n<script async src=\"\/\/pagead2.googlesyndication.com\/pagead\/js\/adsbygoogle.js\"><\/script>\r\n<!-- Dupla -->\r\n<ins class=\"adsbygoogle\"\r\n     style=\"display:inline-block;width:336px;height:280px\"\r\n     data-ad-client=\"ca-pub-5223135331964240\"\r\n     data-ad-slot=\"1820166419\"><\/ins>\r\n<script>\r\n(adsbygoogle = window.adsbygoogle || []).push({});\r\n<\/script>\n<\/div>\n<p>Lembro muito bem de mais ou menos 4 anos atr\u00e1s, uma prima querida nos falar de um povoado muito fofo chamado Visconde de Mau\u00e1.<br \/>\nNa \u00e9poca n\u00e3o conheciamos nada sobre a regi\u00e3o, mas fomos pesquisar mais a fundo e ficamos completamente encantados com a proposta do local.<br \/>\nUm vilarejo charmosinho, com excelentes op\u00e7\u00f5es de hospedagem, alta gastronomia, um clima rom\u00e2ntico, muita natureza, cachoeiras incr\u00edveis e um centrinho dividido por dois estados, Rio de Janeiro e Minas Gerais.<br \/>\nDepois de receber uma mensagem muito linda da pousada Dellis, resolvemos partir e desbravar novamente o que essa regi\u00e3o tem para oferecer.<br \/>\nA viagem foi totalmente diferente da primeira, novos restaurantes, outra hospedagem e mem\u00f3rias que permanecer\u00e3o para sempre em nosso cora\u00e7\u00e3o.<br \/>\nEsperamos que o nosso roteiro de final de semana, inspire voc\u00eas a conhecer ou a voltar para esse pedacinho escondido e m\u00e1gico do Brasil!<\/p>\n<h3 style=\"text-align: center;\"><strong>Sexta\u00a0<\/strong><img decoding=\"async\" loading=\"lazy\" class=\"alignnone wp-image-12413 size-full\" src=\"https:\/\/i0.wp.com\/duplagourmet.com.br\/wp-content\/uploads\/2019\/02\/IMG_7129.jpg?resize=800%2C533\" alt=\"\" width=\"800\" height=\"533\" srcset=\"https:\/\/i0.wp.com\/duplagourmet.com.br\/wp-content\/uploads\/2019\/02\/IMG_7129.jpg?w=1620 1620w, https:\/\/i0.wp.com\/duplagourmet.com.br\/wp-content\/uploads\/2019\/02\/IMG_7129.jpg?resize=650%2C433 650w, https:\/\/i0.wp.com\/duplagourmet.com.br\/wp-content\/uploads\/2019\/02\/IMG_7129.jpg?resize=1140%2C760 1140w\" sizes=\"(max-width: 800px) 100vw, 800px\" data-recalc-dims=\"1\" \/><\/h3>\n<p><img decoding=\"async\" loading=\"lazy\" class=\"alignnone wp-image-12404 size-full\" src=\"https:\/\/i0.wp.com\/duplagourmet.com.br\/wp-content\/uploads\/2019\/02\/IMG_7095.jpg?resize=800%2C533\" alt=\"\" width=\"800\" height=\"533\" srcset=\"https:\/\/i0.wp.com\/duplagourmet.com.br\/wp-content\/uploads\/2019\/02\/IMG_7095.jpg?w=1620 1620w, https:\/\/i0.wp.com\/duplagourmet.com.br\/wp-content\/uploads\/2019\/02\/IMG_7095.jpg?resize=650%2C433 650w, https:\/\/i0.wp.com\/duplagourmet.com.br\/wp-content\/uploads\/2019\/02\/IMG_7095.jpg?resize=1140%2C760 1140w\" sizes=\"(max-width: 800px) 100vw, 800px\" data-recalc-dims=\"1\" \/><\/p>\n<p><img decoding=\"async\" loading=\"lazy\" class=\"alignnone wp-image-12405 size-full\" src=\"https:\/\/i0.wp.com\/duplagourmet.com.br\/wp-content\/uploads\/2019\/02\/IMG_7097.jpg?resize=800%2C533\" alt=\"\" width=\"800\" height=\"533\" srcset=\"https:\/\/i0.wp.com\/duplagourmet.com.br\/wp-content\/uploads\/2019\/02\/IMG_7097.jpg?w=1620 1620w, https:\/\/i0.wp.com\/duplagourmet.com.br\/wp-content\/uploads\/2019\/02\/IMG_7097.jpg?resize=650%2C433 650w, https:\/\/i0.wp.com\/duplagourmet.com.br\/wp-content\/uploads\/2019\/02\/IMG_7097.jpg?resize=1140%2C760 1140w\" sizes=\"(max-width: 800px) 100vw, 800px\" data-recalc-dims=\"1\" \/><\/p>\n<p><img decoding=\"async\" loading=\"lazy\" class=\"alignnone wp-image-12407 size-full\" src=\"https:\/\/i0.wp.com\/duplagourmet.com.br\/wp-content\/uploads\/2019\/02\/IMG_7102.jpg?resize=800%2C533\" alt=\"\" width=\"800\" height=\"533\" srcset=\"https:\/\/i0.wp.com\/duplagourmet.com.br\/wp-content\/uploads\/2019\/02\/IMG_7102.jpg?w=1620 1620w, https:\/\/i0.wp.com\/duplagourmet.com.br\/wp-content\/uploads\/2019\/02\/IMG_7102.jpg?resize=650%2C433 650w, https:\/\/i0.wp.com\/duplagourmet.com.br\/wp-content\/uploads\/2019\/02\/IMG_7102.jpg?resize=1140%2C760 1140w\" sizes=\"(max-width: 800px) 100vw, 800px\" data-recalc-dims=\"1\" \/><\/p>\n<p><img decoding=\"async\" loading=\"lazy\" class=\"alignnone wp-image-12411 size-full\" src=\"https:\/\/i0.wp.com\/duplagourmet.com.br\/wp-content\/uploads\/2019\/02\/IMG_7125.jpg?resize=800%2C533\" alt=\"\" width=\"800\" height=\"533\" srcset=\"https:\/\/i0.wp.com\/duplagourmet.com.br\/wp-content\/uploads\/2019\/02\/IMG_7125.jpg?w=1620 1620w, https:\/\/i0.wp.com\/duplagourmet.com.br\/wp-content\/uploads\/2019\/02\/IMG_7125.jpg?resize=650%2C433 650w, https:\/\/i0.wp.com\/duplagourmet.com.br\/wp-content\/uploads\/2019\/02\/IMG_7125.jpg?resize=1140%2C760 1140w\" sizes=\"(max-width: 800px) 100vw, 800px\" data-recalc-dims=\"1\" \/><\/p>\n<p>Depois de quase 4 horas de viagem, chegamos na querida e charmosa Visconde de Mau\u00e1.<br \/>\nFicamos hospedados na Dellis Pousada, uma pousada linda, super charmosa, com um atendimento fora de serie e com o melhor caf\u00e9 da manh\u00e3 da vida!.<br \/>\n<a href=\"http:\/\/duplagourmet.com.br\/index.php\/2019\/02\/14\/a-melhor-e-mais-bem-avaliada-pousada-de-visconde-de-maua\/\" target=\"_blank\" rel=\"noopener\">Clique aqui para ver mais detalhes da nossa estadia no Dellis.<\/a><br \/>\nChegamos a noite em Visconde, mas n\u00e3o poder\u00edamos deixar de conhecer um dos restaurantes mais queridinhos do povoado.<br \/>\nO Bistr\u00f4 das Meninas fica no centrinho de Maring\u00e1 Minas e conta com um ambiente extremamente charmoso, card\u00e1pio escrito a m\u00e3o, gastronomia impec\u00e1vel e com certeza merece a fama que tem.<br \/>\nOs colaboradores do nosso hotel nos informou que normalmente o atendimento \u00e9 um pouco demorado, ent\u00e3o \u00e9 bom ir com paci\u00eancia rsrs. Mas tivemos sorte e pegamos o restaurante bem tranquilo, consequentemente os pratos vieram em um \u00f3timo prazo.<br \/>\nNossos pedidos: coxinha de frango Thai (R$24), Filet de Truta na massa folhada com molho cogumelos (R$57), Medalh\u00e3o de Mignon com Risoto de Chevre (R$65).<br \/>\nCom certeza o queridinho da noite foi o Filet de Truta.<br \/>\nO Bistr\u00f4 das Meninas iniciou nossa viagem gastron\u00f4mica com chave de ouro!<\/p>\n<p><strong>Nosso Jantar:\u00a0<\/strong>Bistr\u00f4\u00a0das Meninas\u00a0&#8211;\u00a0Valor da nossa conta: R$174<br \/>\n<strong>Nossa hospedagem:<\/strong> <a href=\"https:\/\/www.booking.com\/hotel\/br\/pousada-dellis.en.html?aid=1450949&amp;no_rooms=1&amp;group_adults=1\" target=\"_blank\" rel=\"noopener\">Dellis Pousada<\/a><\/p>\n<h3 style=\"text-align: center;\"><strong>S\u00e1bado<br \/>\n<img decoding=\"async\" loading=\"lazy\" class=\"alignnone wp-image-12421 size-full\" src=\"https:\/\/i0.wp.com\/duplagourmet.com.br\/wp-content\/uploads\/2019\/02\/IMG_6772.jpg?resize=800%2C533\" alt=\"\" width=\"800\" height=\"533\" srcset=\"https:\/\/i0.wp.com\/duplagourmet.com.br\/wp-content\/uploads\/2019\/02\/IMG_6772.jpg?w=1620 1620w, https:\/\/i0.wp.com\/duplagourmet.com.br\/wp-content\/uploads\/2019\/02\/IMG_6772.jpg?resize=650%2C433 650w, https:\/\/i0.wp.com\/duplagourmet.com.br\/wp-content\/uploads\/2019\/02\/IMG_6772.jpg?resize=1140%2C760 1140w\" sizes=\"(max-width: 800px) 100vw, 800px\" data-recalc-dims=\"1\" \/><br \/>\n<\/strong><\/h3>\n<p><img decoding=\"async\" loading=\"lazy\" class=\"alignnone wp-image-12437 size-full\" src=\"https:\/\/i0.wp.com\/duplagourmet.com.br\/wp-content\/uploads\/2019\/02\/IMG_7180.jpg?resize=800%2C533\" alt=\"\" width=\"800\" height=\"533\" srcset=\"https:\/\/i0.wp.com\/duplagourmet.com.br\/wp-content\/uploads\/2019\/02\/IMG_7180.jpg?w=1280 1280w, https:\/\/i0.wp.com\/duplagourmet.com.br\/wp-content\/uploads\/2019\/02\/IMG_7180.jpg?resize=650%2C433 650w, https:\/\/i0.wp.com\/duplagourmet.com.br\/wp-content\/uploads\/2019\/02\/IMG_7180.jpg?resize=1140%2C760 1140w\" sizes=\"(max-width: 800px) 100vw, 800px\" data-recalc-dims=\"1\" \/><\/p>\n<p><img decoding=\"async\" loading=\"lazy\" class=\"alignnone wp-image-12434 size-large\" src=\"https:\/\/i0.wp.com\/duplagourmet.com.br\/wp-content\/uploads\/2019\/02\/IMG_7205.jpg?resize=800%2C533\" alt=\"\" width=\"800\" height=\"533\" srcset=\"https:\/\/i0.wp.com\/duplagourmet.com.br\/wp-content\/uploads\/2019\/02\/IMG_7205.jpg?resize=1140%2C760 1140w, https:\/\/i0.wp.com\/duplagourmet.com.br\/wp-content\/uploads\/2019\/02\/IMG_7205.jpg?resize=650%2C433 650w, https:\/\/i0.wp.com\/duplagourmet.com.br\/wp-content\/uploads\/2019\/02\/IMG_7205.jpg?w=1280 1280w\" sizes=\"(max-width: 800px) 100vw, 800px\" data-recalc-dims=\"1\" \/><\/p>\n<p><img decoding=\"async\" loading=\"lazy\" class=\"alignnone wp-image-12432 size-large\" src=\"https:\/\/i0.wp.com\/duplagourmet.com.br\/wp-content\/uploads\/2019\/02\/IMG_7192.jpg?resize=800%2C533\" alt=\"\" width=\"800\" height=\"533\" srcset=\"https:\/\/i0.wp.com\/duplagourmet.com.br\/wp-content\/uploads\/2019\/02\/IMG_7192.jpg?resize=1140%2C760 1140w, https:\/\/i0.wp.com\/duplagourmet.com.br\/wp-content\/uploads\/2019\/02\/IMG_7192.jpg?resize=650%2C433 650w, https:\/\/i0.wp.com\/duplagourmet.com.br\/wp-content\/uploads\/2019\/02\/IMG_7192.jpg?w=1280 1280w\" sizes=\"(max-width: 800px) 100vw, 800px\" data-recalc-dims=\"1\" \/><\/p>\n<p><img decoding=\"async\" loading=\"lazy\" class=\"alignnone wp-image-12450 size-full\" src=\"https:\/\/i0.wp.com\/duplagourmet.com.br\/wp-content\/uploads\/2019\/02\/Cachoeira-do-Escorrega-em-Visconde-de-Maua.jpg?resize=800%2C534\" alt=\"\" width=\"800\" height=\"534\" srcset=\"https:\/\/i0.wp.com\/duplagourmet.com.br\/wp-content\/uploads\/2019\/02\/Cachoeira-do-Escorrega-em-Visconde-de-Maua.jpg?w=1280 1280w, https:\/\/i0.wp.com\/duplagourmet.com.br\/wp-content\/uploads\/2019\/02\/Cachoeira-do-Escorrega-em-Visconde-de-Maua.jpg?resize=650%2C434 650w, https:\/\/i0.wp.com\/duplagourmet.com.br\/wp-content\/uploads\/2019\/02\/Cachoeira-do-Escorrega-em-Visconde-de-Maua.jpg?resize=1140%2C761 1140w\" sizes=\"(max-width: 800px) 100vw, 800px\" data-recalc-dims=\"1\" \/><\/p>\n<p><img decoding=\"async\" loading=\"lazy\" class=\"alignnone wp-image-12433 size-large\" src=\"https:\/\/i0.wp.com\/duplagourmet.com.br\/wp-content\/uploads\/2019\/02\/IMG_7199.jpg?resize=800%2C533\" alt=\"\" width=\"800\" height=\"533\" srcset=\"https:\/\/i0.wp.com\/duplagourmet.com.br\/wp-content\/uploads\/2019\/02\/IMG_7199.jpg?resize=1140%2C760 1140w, https:\/\/i0.wp.com\/duplagourmet.com.br\/wp-content\/uploads\/2019\/02\/IMG_7199.jpg?resize=650%2C433 650w, https:\/\/i0.wp.com\/duplagourmet.com.br\/wp-content\/uploads\/2019\/02\/IMG_7199.jpg?w=1280 1280w\" sizes=\"(max-width: 800px) 100vw, 800px\" data-recalc-dims=\"1\" \/><\/p>\n<p><img decoding=\"async\" loading=\"lazy\" class=\"alignnone wp-image-12435 size-large\" src=\"https:\/\/i0.wp.com\/duplagourmet.com.br\/wp-content\/uploads\/2019\/02\/IMG_7228-1.jpg?resize=800%2C519\" alt=\"\" width=\"800\" height=\"519\" srcset=\"https:\/\/i0.wp.com\/duplagourmet.com.br\/wp-content\/uploads\/2019\/02\/IMG_7228-1.jpg?resize=1140%2C740 1140w, https:\/\/i0.wp.com\/duplagourmet.com.br\/wp-content\/uploads\/2019\/02\/IMG_7228-1.jpg?resize=650%2C422 650w, https:\/\/i0.wp.com\/duplagourmet.com.br\/wp-content\/uploads\/2019\/02\/IMG_7228-1.jpg?w=1664 1664w, https:\/\/i0.wp.com\/duplagourmet.com.br\/wp-content\/uploads\/2019\/02\/IMG_7228-1.jpg?w=1600 1600w\" sizes=\"(max-width: 800px) 100vw, 800px\" data-recalc-dims=\"1\" \/><\/p>\n<p><img decoding=\"async\" loading=\"lazy\" class=\"alignnone wp-image-12416 size-large\" src=\"https:\/\/i0.wp.com\/duplagourmet.com.br\/wp-content\/uploads\/2019\/02\/IMG_7267.jpg?resize=800%2C512\" alt=\"\" width=\"800\" height=\"512\" srcset=\"https:\/\/i0.wp.com\/duplagourmet.com.br\/wp-content\/uploads\/2019\/02\/IMG_7267.jpg?resize=1140%2C729 1140w, https:\/\/i0.wp.com\/duplagourmet.com.br\/wp-content\/uploads\/2019\/02\/IMG_7267.jpg?resize=650%2C415 650w, https:\/\/i0.wp.com\/duplagourmet.com.br\/wp-content\/uploads\/2019\/02\/IMG_7267.jpg?w=1485 1485w\" sizes=\"(max-width: 800px) 100vw, 800px\" data-recalc-dims=\"1\" \/><\/p>\n<p><img decoding=\"async\" loading=\"lazy\" class=\"alignnone wp-image-12420 size-large\" src=\"https:\/\/i0.wp.com\/duplagourmet.com.br\/wp-content\/uploads\/2019\/02\/IMG_7321.jpg?resize=800%2C533\" alt=\"\" width=\"800\" height=\"533\" srcset=\"https:\/\/i0.wp.com\/duplagourmet.com.br\/wp-content\/uploads\/2019\/02\/IMG_7321.jpg?resize=1140%2C760 1140w, https:\/\/i0.wp.com\/duplagourmet.com.br\/wp-content\/uploads\/2019\/02\/IMG_7321.jpg?resize=650%2C433 650w, https:\/\/i0.wp.com\/duplagourmet.com.br\/wp-content\/uploads\/2019\/02\/IMG_7321.jpg?w=1620 1620w\" sizes=\"(max-width: 800px) 100vw, 800px\" data-recalc-dims=\"1\" \/><\/p>\n<p><img decoding=\"async\" loading=\"lazy\" class=\"alignnone wp-image-12418 size-large\" src=\"https:\/\/i0.wp.com\/duplagourmet.com.br\/wp-content\/uploads\/2019\/02\/IMG_7312.jpg?resize=800%2C533\" alt=\"\" width=\"800\" height=\"533\" srcset=\"https:\/\/i0.wp.com\/duplagourmet.com.br\/wp-content\/uploads\/2019\/02\/IMG_7312.jpg?resize=1140%2C760 1140w, https:\/\/i0.wp.com\/duplagourmet.com.br\/wp-content\/uploads\/2019\/02\/IMG_7312.jpg?resize=650%2C433 650w, https:\/\/i0.wp.com\/duplagourmet.com.br\/wp-content\/uploads\/2019\/02\/IMG_7312.jpg?w=1620 1620w\" sizes=\"(max-width: 800px) 100vw, 800px\" data-recalc-dims=\"1\" \/><\/p>\n<p>O Sabad\u00e3o foi o dia que tiramos para curtir o m\u00e1ximo poss\u00edvel do que essa regi\u00e3o m\u00e1gica tem para oferecer!<br \/>\nAcordamos cedo e fomos direto para a cachoeira do escorrega. Perguntamos para as meninas da pousada qual era a cachoeira para pessoas cansadas e que n\u00e3o curtem fazer trilhas rsrsrs.<br \/>\nE a P\u00e2mela foi logo falando que a Cachoeira do Escorrega n\u00e3o precisa caminhar e voc\u00ea estaciona o carro quase dentro da \u00e1gua. Claro que foi a nossa escolha rsrs.<br \/>\nA cachoeira do escorrega fica a 15 minutinhos do centrinho de maring\u00e1 e tem a entrada gratuita.<br \/>\nDepois disso fomos no centrinho de Maring\u00e1, que divide dois estados. No meio do centrinho existe uma ponte que se passa a p\u00e9 e voc\u00ea vai para o lado de Maring\u00e1 Rio ou Maring\u00e1 Minas.<br \/>\nO centrinho \u00e9 recheado de bons restaurantes, lojinhas de artesanato, lojas de doces caseiros e at\u00e9 mesmo de roupas.<br \/>\nNo final da tarde resolvemos almo\u00e7ar no Babel, um restaurante muito bem recomendado pelos moradores de Mau\u00e1 e pela querida chef da nossa pousada, a Lourdes.<br \/>\nEla havia avisado que a estradinha para chegar at\u00e9 l\u00e1 era bem dif\u00edcil, mas que valeria a pena! Concordamos exatamente com todas as palavras dela hahaha.<br \/>\nA estrada para chegar no restaurante Babel \u00e9 de apenas 3 km, mas \u00e9 muito, muito ruim mesmo, mas juro que vale a pena!<br \/>\nO restaurante \u00e9 uma gra\u00e7a, com uma vista surreal e uma gastronomia espetacular!<br \/>\nNossos pedidos: couvert (R$18), fil\u00e9 de truta salmonada com arroz negro e pupunha ao molho de lim\u00e3o siciliano e crisp de alho por\u00f3 (R$95) e risoto de cogumelos frescos com aroma de trufa branca (R$86).<br \/>\nO Babel n\u00e3o aceita cart\u00e3o, somente dinheiro, cheque ou transfer\u00eancia banc\u00e1ria.<br \/>\nNo fim da noite optamos por jantar no restaurante Dellis, o restaurante da nossa pousada.<br \/>\nEle \u00e9 super bem avaliado e merece com certeza estar entre os melhores restaurantes de Visconde.<br \/>\nNa hora do jantar, come\u00e7ou a chover muito, ent\u00e3o optamos por pedir a comida no quarto.<br \/>\nNossos pedidos: dadinho de tapioca (R$16), creme de ab\u00f3bora com gorgonzola (R$26), crepe de doce de leite (R$13).<br \/>\nDormimos com o cora\u00e7\u00e3o quentinho e com a barriguinha bem feliz rsrs!<\/p>\n<p><strong>Passeios feitos nesse dia: <\/strong>cachoeira do escorrega, centrinho de Maring\u00e1, curtir a pousada.<strong><br \/>\nNosso almo\u00e7o:<\/strong> Babel &#8211; Valor da nossa conta: R$234<br \/>\n<strong>Nosso jantar:<\/strong> Dellis &#8211; Valor da nossa conta: R$72<br \/>\n<strong>Nossa hospedagem: <\/strong><a href=\"https:\/\/www.booking.com\/hotel\/br\/pousada-dellis.en.html?aid=1450949&amp;no_rooms=1&amp;group_adults=1\" target=\"_blank\" rel=\"noopener\">Dellis Pousada<\/a><\/p>\n<h3 style=\"text-align: center;\"><strong>Domingo<\/strong><img decoding=\"async\" loading=\"lazy\" class=\"alignnone wp-image-12440 size-large\" src=\"https:\/\/i0.wp.com\/duplagourmet.com.br\/wp-content\/uploads\/2019\/02\/IMG_7376.jpg?resize=800%2C533\" alt=\"\" width=\"800\" height=\"533\" srcset=\"https:\/\/i0.wp.com\/duplagourmet.com.br\/wp-content\/uploads\/2019\/02\/IMG_7376.jpg?resize=1140%2C760 1140w, https:\/\/i0.wp.com\/duplagourmet.com.br\/wp-content\/uploads\/2019\/02\/IMG_7376.jpg?resize=650%2C433 650w, https:\/\/i0.wp.com\/duplagourmet.com.br\/wp-content\/uploads\/2019\/02\/IMG_7376.jpg?w=1620 1620w\" sizes=\"(max-width: 800px) 100vw, 800px\" data-recalc-dims=\"1\" \/><\/h3>\n<p><img decoding=\"async\" loading=\"lazy\" class=\"alignnone wp-image-12441 size-large\" src=\"https:\/\/i0.wp.com\/duplagourmet.com.br\/wp-content\/uploads\/2019\/02\/IMG_7380.jpg?resize=800%2C533\" alt=\"\" width=\"800\" height=\"533\" srcset=\"https:\/\/i0.wp.com\/duplagourmet.com.br\/wp-content\/uploads\/2019\/02\/IMG_7380.jpg?resize=1140%2C760 1140w, https:\/\/i0.wp.com\/duplagourmet.com.br\/wp-content\/uploads\/2019\/02\/IMG_7380.jpg?resize=650%2C433 650w, https:\/\/i0.wp.com\/duplagourmet.com.br\/wp-content\/uploads\/2019\/02\/IMG_7380.jpg?w=1620 1620w\" sizes=\"(max-width: 800px) 100vw, 800px\" data-recalc-dims=\"1\" \/><\/p>\n<p><img decoding=\"async\" loading=\"lazy\" class=\"alignnone wp-image-12448 size-full\" src=\"https:\/\/i0.wp.com\/duplagourmet.com.br\/wp-content\/uploads\/2019\/02\/IMG_7497.jpg?resize=800%2C533\" alt=\"\" width=\"800\" height=\"533\" srcset=\"https:\/\/i0.wp.com\/duplagourmet.com.br\/wp-content\/uploads\/2019\/02\/IMG_7497.jpg?w=1280 1280w, https:\/\/i0.wp.com\/duplagourmet.com.br\/wp-content\/uploads\/2019\/02\/IMG_7497.jpg?resize=650%2C433 650w, https:\/\/i0.wp.com\/duplagourmet.com.br\/wp-content\/uploads\/2019\/02\/IMG_7497.jpg?resize=1140%2C760 1140w\" sizes=\"(max-width: 800px) 100vw, 800px\" data-recalc-dims=\"1\" \/><\/p>\n<p><img decoding=\"async\" loading=\"lazy\" class=\"alignnone wp-image-12446 size-large\" src=\"https:\/\/i0.wp.com\/duplagourmet.com.br\/wp-content\/uploads\/2019\/02\/IMG_7477.jpg?resize=800%2C533\" alt=\"\" width=\"800\" height=\"533\" srcset=\"https:\/\/i0.wp.com\/duplagourmet.com.br\/wp-content\/uploads\/2019\/02\/IMG_7477.jpg?resize=1140%2C760 1140w, https:\/\/i0.wp.com\/duplagourmet.com.br\/wp-content\/uploads\/2019\/02\/IMG_7477.jpg?resize=650%2C433 650w, https:\/\/i0.wp.com\/duplagourmet.com.br\/wp-content\/uploads\/2019\/02\/IMG_7477.jpg?w=1280 1280w\" sizes=\"(max-width: 800px) 100vw, 800px\" data-recalc-dims=\"1\" \/><\/p>\n<p><img decoding=\"async\" loading=\"lazy\" class=\"alignnone wp-image-12443 size-full\" src=\"https:\/\/i0.wp.com\/duplagourmet.com.br\/wp-content\/uploads\/2019\/02\/IMG_7490.jpg?resize=800%2C533\" alt=\"\" width=\"800\" height=\"533\" srcset=\"https:\/\/i0.wp.com\/duplagourmet.com.br\/wp-content\/uploads\/2019\/02\/IMG_7490.jpg?w=1620 1620w, https:\/\/i0.wp.com\/duplagourmet.com.br\/wp-content\/uploads\/2019\/02\/IMG_7490.jpg?resize=650%2C433 650w, https:\/\/i0.wp.com\/duplagourmet.com.br\/wp-content\/uploads\/2019\/02\/IMG_7490.jpg?resize=1140%2C760 1140w\" sizes=\"(max-width: 800px) 100vw, 800px\" data-recalc-dims=\"1\" \/><\/p>\n<p><img decoding=\"async\" loading=\"lazy\" class=\"alignnone wp-image-12447 size-large\" src=\"https:\/\/i0.wp.com\/duplagourmet.com.br\/wp-content\/uploads\/2019\/02\/IMG_7547.jpg?resize=800%2C533\" alt=\"\" width=\"800\" height=\"533\" srcset=\"https:\/\/i0.wp.com\/duplagourmet.com.br\/wp-content\/uploads\/2019\/02\/IMG_7547.jpg?resize=1140%2C760 1140w, https:\/\/i0.wp.com\/duplagourmet.com.br\/wp-content\/uploads\/2019\/02\/IMG_7547.jpg?resize=650%2C433 650w, https:\/\/i0.wp.com\/duplagourmet.com.br\/wp-content\/uploads\/2019\/02\/IMG_7547.jpg?w=1280 1280w\" sizes=\"(max-width: 800px) 100vw, 800px\" data-recalc-dims=\"1\" \/><\/p>\n<p><img decoding=\"async\" loading=\"lazy\" class=\"alignnone wp-image-12449 size-large\" src=\"https:\/\/i0.wp.com\/duplagourmet.com.br\/wp-content\/uploads\/2019\/02\/IMG_7539-1.jpg?resize=800%2C533\" alt=\"\" width=\"800\" height=\"533\" srcset=\"https:\/\/i0.wp.com\/duplagourmet.com.br\/wp-content\/uploads\/2019\/02\/IMG_7539-1.jpg?resize=1140%2C760 1140w, https:\/\/i0.wp.com\/duplagourmet.com.br\/wp-content\/uploads\/2019\/02\/IMG_7539-1.jpg?resize=650%2C433 650w, https:\/\/i0.wp.com\/duplagourmet.com.br\/wp-content\/uploads\/2019\/02\/IMG_7539-1.jpg?w=1620 1620w\" sizes=\"(max-width: 800px) 100vw, 800px\" data-recalc-dims=\"1\" \/><\/p>\n<p>No Domingo resolvemos acordar um pouco mais tarde, curtir o caf\u00e9 da manh\u00e3 da pousada Dellis que \u00e9 simplesmente fora de s\u00e9rie. Os pratos s\u00e3o servidos em etapas e tudo chega bem quentinho na mesa.<br \/>\nFizemos o check out e fomos conhecer o centrinho de Visconde de Mau\u00e1, que fica a 2 minutinhos da pousada. O centrinho \u00e9 uma gra\u00e7a e fica bastante movimentado durante o dia.<br \/>\n\u00c9 poss\u00edvel encontrar lojinhas de sabonetes artesanais, lojas de chocolates caseiros, brech\u00f3 e caf\u00e9s charmosinhos. Al\u00e9m de diversos restaurantes, como o &#8220;Gosto com Gosto&#8221; que \u00e9 um dos mais bem avaliados da regi\u00e3o.<br \/>\nDepois de andar, andar e andar, optamos em conhecer o nosso \u00faltimo restaurante da viagem, o Rasmirus. Um restaurante lindo, rom\u00e2ntico com comida t\u00edpica italiana.<br \/>\nNossos pedidos: risoto de gorgonzola com escalopinho de fil\u00e9 mignon (R$84,60) e Raviolini de Brie ao pesto de pinh\u00e3o e r\u00faculas selvagem com lascas de parmes\u00e3o (R$79,20).<\/p>\n<p><strong>Passeios feitos nesse dia: <\/strong>Passear no centrinho Visconde de Mau\u00e1, Rasmirus.<strong><br \/>\nNosso almo\u00e7o:<\/strong>\u00a0Rasmirus\u00a0&#8211; Valor da nossa conta: R$199<br \/>\n<strong>Nossa hospedagem: <\/strong><a href=\"https:\/\/www.booking.com\/hotel\/br\/pousada-dellis.en.html?aid=1450949&amp;no_rooms=1&amp;group_adults=1\" target=\"_blank\" rel=\"noopener\">Dellis Pousada<\/a><\/p>\n<p style=\"text-align: left;\"><strong>Quanto custou essa viagem?<\/strong><br \/>\nAlimenta\u00e7\u00e3o:R$679<br \/>\nTransporte: R$250 gasolina + R$89 ped\u00e1gio<br \/>\nEstadia: R$850<br \/>\nTotal: R$1.868<strong><br \/>\nValor por pessoa:<\/strong> <strong>R$934<\/strong><\/p>\n<p>Agradecemos imensamente o carinho e parceria da Pousada Dellis que nos recebeu t\u00e3o bem e nos deu a oportunidade de colecionar mem\u00f3rias dessa cidade t\u00e3o apaixonante!<\/p>\n\n<div style=\"font-size: 0px; height: 0px; line-height: 0px; margin: 0; padding: 0; clear: both;\"><\/div>","protected":false},"excerpt":{"rendered":"<p>Lembro muito bem de mais ou menos 4 anos atr\u00e1s, uma prima querida nos falar de um povoado muito fofo chamado Visconde de Mau\u00e1. Na \u00e9poca n\u00e3o conheciamos nada sobre a regi\u00e3o, mas fomos pesquisar mais a fundo e ficamos completamente encantados com a proposta do local. Um vilarejo charmosinho, com excelentes op\u00e7\u00f5es de hospedagem, [&hellip;]<\/p>\n","protected":false},"author":1,"featured_media":12431,"comment_status":"open","ping_status":"open","sticky":true,"template":"","format":"standard","meta":{"jetpack_post_was_ever_published":false,"_jetpack_newsletter_access":"","_jetpack_newsletter_tier_id":0},"categories":[270,225,287],"tags":[],"yoast_head":"<!-- This site is optimized with the Yoast SEO plugin v20.2.1 - https:\/\/yoast.com\/wordpress\/plugins\/seo\/ -->\n<title>O que fazer em Visconde de Mau\u00e1 em um final de semana -<\/title>\n<meta name=\"robots\" content=\"index, follow, max-snippet:-1, max-image-preview:large, max-video-preview:-1\" \/>\n<link rel=\"canonical\" href=\"http:\/\/duplagourmet.com.br\/index.php\/2019\/02\/11\/o-que-fazer-em-visconde-de-maua-em-um-final-de-semana\/\" \/>\n<meta property=\"og:locale\" content=\"pt_BR\" \/>\n<meta property=\"og:type\" content=\"article\" \/>\n<meta property=\"og:title\" content=\"O que fazer em Visconde de Mau\u00e1 em um final de semana -\" \/>\n<meta property=\"og:description\" content=\"Lembro muito bem de mais ou menos 4 anos atr\u00e1s, uma prima querida nos falar de um povoado muito fofo chamado Visconde de Mau\u00e1. Na \u00e9poca n\u00e3o conheciamos nada sobre a regi\u00e3o, mas fomos pesquisar mais a fundo e ficamos completamente encantados com a proposta do local. Um vilarejo charmosinho, com excelentes op\u00e7\u00f5es de hospedagem, [&hellip;]\" \/>\n<meta property=\"og:url\" content=\"http:\/\/duplagourmet.com.br\/index.php\/2019\/02\/11\/o-que-fazer-em-visconde-de-maua-em-um-final-de-semana\/\" \/>\n<meta property=\"article:publisher\" content=\"https:\/\/www.facebook.com\/duplagourmet\" \/>\n<meta property=\"article:published_time\" content=\"2019-02-11T20:51:24+00:00\" \/>\n<meta property=\"article:modified_time\" content=\"2019-02-14T19:48:12+00:00\" \/>\n<meta property=\"og:image\" content=\"https:\/\/i0.wp.com\/duplagourmet.com.br\/wp-content\/uploads\/2019\/02\/IMG_7228.jpg?fit=1664%2C1080\" \/>\n\t<meta property=\"og:image:width\" content=\"1664\" \/>\n\t<meta property=\"og:image:height\" content=\"1080\" \/>\n\t<meta property=\"og:image:type\" content=\"image\/jpeg\" \/>\n<meta name=\"author\" content=\"Lais Trov\u00e3o\" \/>\n<meta name=\"twitter:card\" content=\"summary_large_image\" \/>\n<meta name=\"twitter:creator\" content=\"@DuplaGourmet\" \/>\n<meta name=\"twitter:site\" content=\"@DuplaGourmet\" \/>\n<meta name=\"twitter:label1\" content=\"Escrito por\" \/>\n\t<meta name=\"twitter:data1\" content=\"Lais Trov\u00e3o\" \/>\n\t<meta name=\"twitter:label2\" content=\"Est. tempo de leitura\" \/>\n\t<meta name=\"twitter:data2\" content=\"5 minutos\" \/>\n<script type=\"application\/ld+json\" class=\"yoast-schema-graph\">{\"@context\":\"https:\/\/schema.org\",\"@graph\":[{\"@type\":\"Article\",\"@id\":\"http:\/\/duplagourmet.com.br\/index.php\/2019\/02\/11\/o-que-fazer-em-visconde-de-maua-em-um-final-de-semana\/#article\",\"isPartOf\":{\"@id\":\"http:\/\/duplagourmet.com.br\/index.php\/2019\/02\/11\/o-que-fazer-em-visconde-de-maua-em-um-final-de-semana\/\"},\"author\":{\"name\":\"Lais Trov\u00e3o\",\"@id\":\"https:\/\/duplagourmet.com.br\/#\/schema\/person\/888065adf1bf32ae6ab307c7362db9b1\"},\"headline\":\"O que fazer em Visconde de Mau\u00e1 em um final de semana\",\"datePublished\":\"2019-02-11T20:51:24+00:00\",\"dateModified\":\"2019-02-14T19:48:12+00:00\",\"mainEntityOfPage\":{\"@id\":\"http:\/\/duplagourmet.com.br\/index.php\/2019\/02\/11\/o-que-fazer-em-visconde-de-maua-em-um-final-de-semana\/\"},\"wordCount\":1024,\"commentCount\":2,\"publisher\":{\"@id\":\"https:\/\/duplagourmet.com.br\/#organization\"},\"articleSection\":[\"Brasil\",\"Viagens\",\"Visconde de Mau\u00e1\"],\"inLanguage\":\"pt-BR\",\"potentialAction\":[{\"@type\":\"CommentAction\",\"name\":\"Comment\",\"target\":[\"http:\/\/duplagourmet.com.br\/index.php\/2019\/02\/11\/o-que-fazer-em-visconde-de-maua-em-um-final-de-semana\/#respond\"]}]},{\"@type\":\"WebPage\",\"@id\":\"http:\/\/duplagourmet.com.br\/index.php\/2019\/02\/11\/o-que-fazer-em-visconde-de-maua-em-um-final-de-semana\/\",\"url\":\"http:\/\/duplagourmet.com.br\/index.php\/2019\/02\/11\/o-que-fazer-em-visconde-de-maua-em-um-final-de-semana\/\",\"name\":\"O que fazer em Visconde de Mau\u00e1 em um final de semana -\",\"isPartOf\":{\"@id\":\"https:\/\/duplagourmet.com.br\/#website\"},\"datePublished\":\"2019-02-11T20:51:24+00:00\",\"dateModified\":\"2019-02-14T19:48:12+00:00\",\"breadcrumb\":{\"@id\":\"http:\/\/duplagourmet.com.br\/index.php\/2019\/02\/11\/o-que-fazer-em-visconde-de-maua-em-um-final-de-semana\/#breadcrumb\"},\"inLanguage\":\"pt-BR\",\"potentialAction\":[{\"@type\":\"ReadAction\",\"target\":[\"http:\/\/duplagourmet.com.br\/index.php\/2019\/02\/11\/o-que-fazer-em-visconde-de-maua-em-um-final-de-semana\/\"]}]},{\"@type\":\"BreadcrumbList\",\"@id\":\"http:\/\/duplagourmet.com.br\/index.php\/2019\/02\/11\/o-que-fazer-em-visconde-de-maua-em-um-final-de-semana\/#breadcrumb\",\"itemListElement\":[{\"@type\":\"ListItem\",\"position\":1,\"name\":\"In\u00edcio\",\"item\":\"https:\/\/duplagourmet.com.br\/\"},{\"@type\":\"ListItem\",\"position\":2,\"name\":\"O que fazer em Visconde de Mau\u00e1 em um final de semana\"}]},{\"@type\":\"WebSite\",\"@id\":\"https:\/\/duplagourmet.com.br\/#website\",\"url\":\"https:\/\/duplagourmet.com.br\/\",\"name\":\"\",\"description\":\"Site de Gastronomia e Viagens\",\"publisher\":{\"@id\":\"https:\/\/duplagourmet.com.br\/#organization\"},\"potentialAction\":[{\"@type\":\"SearchAction\",\"target\":{\"@type\":\"EntryPoint\",\"urlTemplate\":\"https:\/\/duplagourmet.com.br\/?s={search_term_string}\"},\"query-input\":\"required name=search_term_string\"}],\"inLanguage\":\"pt-BR\"},{\"@type\":\"Organization\",\"@id\":\"https:\/\/duplagourmet.com.br\/#organization\",\"name\":\"Dupla Gourmet\",\"url\":\"https:\/\/duplagourmet.com.br\/\",\"logo\":{\"@type\":\"ImageObject\",\"inLanguage\":\"pt-BR\",\"@id\":\"https:\/\/duplagourmet.com.br\/#\/schema\/logo\/image\/\",\"url\":\"https:\/\/i0.wp.com\/duplagourmet.com.br\/wp-content\/uploads\/2015\/07\/LOGO.jpg?fit=2120%2C1193&ssl=1\",\"contentUrl\":\"https:\/\/i0.wp.com\/duplagourmet.com.br\/wp-content\/uploads\/2015\/07\/LOGO.jpg?fit=2120%2C1193&ssl=1\",\"width\":2120,\"height\":1193,\"caption\":\"Dupla Gourmet\"},\"image\":{\"@id\":\"https:\/\/duplagourmet.com.br\/#\/schema\/logo\/image\/\"},\"sameAs\":[\"https:\/\/www.facebook.com\/duplagourmet\",\"https:\/\/twitter.com\/DuplaGourmet\",\"https:\/\/instagram.com\/duplagourmet\/\"]},{\"@type\":\"Person\",\"@id\":\"https:\/\/duplagourmet.com.br\/#\/schema\/person\/888065adf1bf32ae6ab307c7362db9b1\",\"name\":\"Lais Trov\u00e3o\",\"image\":{\"@type\":\"ImageObject\",\"inLanguage\":\"pt-BR\",\"@id\":\"https:\/\/duplagourmet.com.br\/#\/schema\/person\/image\/\",\"url\":\"http:\/\/2.gravatar.com\/avatar\/21dda7f6b6103bd096caaf547327b1d9?s=96&d=mm&r=g\",\"contentUrl\":\"http:\/\/2.gravatar.com\/avatar\/21dda7f6b6103bd096caaf547327b1d9?s=96&d=mm&r=g\",\"caption\":\"Lais Trov\u00e3o\"},\"sameAs\":[\"http:\/\/duplagourmet.com.br\/\"],\"url\":\"http:\/\/duplagourmet.com.br\/index.php\/author\/lais_divinohotmail-com\/\"}]}<\/script>\n<!-- \/ Yoast SEO plugin. -->","yoast_head_json":{"title":"O que fazer em Visconde de Mau\u00e1 em um final de semana -","robots":{"index":"index","follow":"follow","max-snippet":"max-snippet:-1","max-image-preview":"max-image-preview:large","max-video-preview":"max-video-preview:-1"},"canonical":"http:\/\/duplagourmet.com.br\/index.php\/2019\/02\/11\/o-que-fazer-em-visconde-de-maua-em-um-final-de-semana\/","og_locale":"pt_BR","og_type":"article","og_title":"O que fazer em Visconde de Mau\u00e1 em um final de semana -","og_description":"Lembro muito bem de mais ou menos 4 anos atr\u00e1s, uma prima querida nos falar de um povoado muito fofo chamado Visconde de Mau\u00e1. Na \u00e9poca n\u00e3o conheciamos nada sobre a regi\u00e3o, mas fomos pesquisar mais a fundo e ficamos completamente encantados com a proposta do local. Um vilarejo charmosinho, com excelentes op\u00e7\u00f5es de hospedagem, [&hellip;]","og_url":"http:\/\/duplagourmet.com.br\/index.php\/2019\/02\/11\/o-que-fazer-em-visconde-de-maua-em-um-final-de-semana\/","article_publisher":"https:\/\/www.facebook.com\/duplagourmet","article_published_time":"2019-02-11T20:51:24+00:00","article_modified_time":"2019-02-14T19:48:12+00:00","og_image":[{"width":1664,"height":1080,"url":"https:\/\/i0.wp.com\/duplagourmet.com.br\/wp-content\/uploads\/2019\/02\/IMG_7228.jpg?fit=1664%2C1080","type":"image\/jpeg"}],"author":"Lais Trov\u00e3o","twitter_card":"summary_large_image","twitter_creator":"@DuplaGourmet","twitter_site":"@DuplaGourmet","twitter_misc":{"Escrito por":"Lais Trov\u00e3o","Est. tempo de leitura":"5 minutos"},"schema":{"@context":"https:\/\/schema.org","@graph":[{"@type":"Article","@id":"http:\/\/duplagourmet.com.br\/index.php\/2019\/02\/11\/o-que-fazer-em-visconde-de-maua-em-um-final-de-semana\/#article","isPartOf":{"@id":"http:\/\/duplagourmet.com.br\/index.php\/2019\/02\/11\/o-que-fazer-em-visconde-de-maua-em-um-final-de-semana\/"},"author":{"name":"Lais Trov\u00e3o","@id":"https:\/\/duplagourmet.com.br\/#\/schema\/person\/888065adf1bf32ae6ab307c7362db9b1"},"headline":"O que fazer em Visconde de Mau\u00e1 em um final de semana","datePublished":"2019-02-11T20:51:24+00:00","dateModified":"2019-02-14T19:48:12+00:00","mainEntityOfPage":{"@id":"http:\/\/duplagourmet.com.br\/index.php\/2019\/02\/11\/o-que-fazer-em-visconde-de-maua-em-um-final-de-semana\/"},"wordCount":1024,"commentCount":2,"publisher":{"@id":"https:\/\/duplagourmet.com.br\/#organization"},"articleSection":["Brasil","Viagens","Visconde de Mau\u00e1"],"inLanguage":"pt-BR","potentialAction":[{"@type":"CommentAction","name":"Comment","target":["http:\/\/duplagourmet.com.br\/index.php\/2019\/02\/11\/o-que-fazer-em-visconde-de-maua-em-um-final-de-semana\/#respond"]}]},{"@type":"WebPage","@id":"http:\/\/duplagourmet.com.br\/index.php\/2019\/02\/11\/o-que-fazer-em-visconde-de-maua-em-um-final-de-semana\/","url":"http:\/\/duplagourmet.com.br\/index.php\/2019\/02\/11\/o-que-fazer-em-visconde-de-maua-em-um-final-de-semana\/","name":"O que fazer em Visconde de Mau\u00e1 em um final de semana -","isPartOf":{"@id":"https:\/\/duplagourmet.com.br\/#website"},"datePublished":"2019-02-11T20:51:24+00:00","dateModified":"2019-02-14T19:48:12+00:00","breadcrumb":{"@id":"http:\/\/duplagourmet.com.br\/index.php\/2019\/02\/11\/o-que-fazer-em-visconde-de-maua-em-um-final-de-semana\/#breadcrumb"},"inLanguage":"pt-BR","potentialAction":[{"@type":"ReadAction","target":["http:\/\/duplagourmet.com.br\/index.php\/2019\/02\/11\/o-que-fazer-em-visconde-de-maua-em-um-final-de-semana\/"]}]},{"@type":"BreadcrumbList","@id":"http:\/\/duplagourmet.com.br\/index.php\/2019\/02\/11\/o-que-fazer-em-visconde-de-maua-em-um-final-de-semana\/#breadcrumb","itemListElement":[{"@type":"ListItem","position":1,"name":"In\u00edcio","item":"https:\/\/duplagourmet.com.br\/"},{"@type":"ListItem","position":2,"name":"O que fazer em Visconde de Mau\u00e1 em um final de semana"}]},{"@type":"WebSite","@id":"https:\/\/duplagourmet.com.br\/#website","url":"https:\/\/duplagourmet.com.br\/","name":"","description":"Site de Gastronomia e Viagens","publisher":{"@id":"https:\/\/duplagourmet.com.br\/#organization"},"potentialAction":[{"@type":"SearchAction","target":{"@type":"EntryPoint","urlTemplate":"https:\/\/duplagourmet.com.br\/?s={search_term_string}"},"query-input":"required name=search_term_string"}],"inLanguage":"pt-BR"},{"@type":"Organization","@id":"https:\/\/duplagourmet.com.br\/#organization","name":"Dupla Gourmet","url":"https:\/\/duplagourmet.com.br\/","logo":{"@type":"ImageObject","inLanguage":"pt-BR","@id":"https:\/\/duplagourmet.com.br\/#\/schema\/logo\/image\/","url":"https:\/\/i0.wp.com\/duplagourmet.com.br\/wp-content\/uploads\/2015\/07\/LOGO.jpg?fit=2120%2C1193&ssl=1","contentUrl":"https:\/\/i0.wp.com\/duplagourmet.com.br\/wp-content\/uploads\/2015\/07\/LOGO.jpg?fit=2120%2C1193&ssl=1","width":2120,"height":1193,"caption":"Dupla Gourmet"},"image":{"@id":"https:\/\/duplagourmet.com.br\/#\/schema\/logo\/image\/"},"sameAs":["https:\/\/www.facebook.com\/duplagourmet","https:\/\/twitter.com\/DuplaGourmet","https:\/\/instagram.com\/duplagourmet\/"]},{"@type":"Person","@id":"https:\/\/duplagourmet.com.br\/#\/schema\/person\/888065adf1bf32ae6ab307c7362db9b1","name":"Lais Trov\u00e3o","image":{"@type":"ImageObject","inLanguage":"pt-BR","@id":"https:\/\/duplagourmet.com.br\/#\/schema\/person\/image\/","url":"http:\/\/2.gravatar.com\/avatar\/21dda7f6b6103bd096caaf547327b1d9?s=96&d=mm&r=g","contentUrl":"http:\/\/2.gravatar.com\/avatar\/21dda7f6b6103bd096caaf547327b1d9?s=96&d=mm&r=g","caption":"Lais Trov\u00e3o"},"sameAs":["http:\/\/duplagourmet.com.br\/"],"url":"http:\/\/duplagourmet.com.br\/index.php\/author\/lais_divinohotmail-com\/"}]}},"jetpack_sharing_enabled":true,"jetpack_featured_media_url":"https:\/\/i0.wp.com\/duplagourmet.com.br\/wp-content\/uploads\/2019\/02\/IMG_7228.jpg?fit=1664%2C1080","jetpack_shortlink":"https:\/\/wp.me\/p67KK6-3dZ","_links":{"self":[{"href":"http:\/\/duplagourmet.com.br\/index.php\/wp-json\/wp\/v2\/posts\/12399"}],"collection":[{"href":"http:\/\/duplagourmet.com.br\/index.php\/wp-json\/wp\/v2\/posts"}],"about":[{"href":"http:\/\/duplagourmet.com.br\/index.php\/wp-json\/wp\/v2\/types\/post"}],"author":[{"embeddable":true,"href":"http:\/\/duplagourmet.com.br\/index.php\/wp-json\/wp\/v2\/users\/1"}],"replies":[{"embeddable":true,"href":"http:\/\/duplagourmet.com.br\/index.php\/wp-json\/wp\/v2\/comments?post=12399"}],"version-history":[{"count":3,"href":"http:\/\/duplagourmet.com.br\/index.php\/wp-json\/wp\/v2\/posts\/12399\/revisions"}],"predecessor-version":[{"id":12507,"href":"http:\/\/duplagourmet.com.br\/index.php\/wp-json\/wp\/v2\/posts\/12399\/revisions\/12507"}],"wp:featuredmedia":[{"embeddable":true,"href":"http:\/\/duplagourmet.com.br\/index.php\/wp-json\/wp\/v2\/media\/12431"}],"wp:attachment":[{"href":"http:\/\/duplagourmet.com.br\/index.php\/wp-json\/wp\/v2\/media?parent=12399"}],"wp:term":[{"taxonomy":"category","embeddable":true,"href":"http:\/\/duplagourmet.com.br\/index.php\/wp-json\/wp\/v2\/categories?post=12399"},{"taxonomy":"post_tag","embeddable":true,"href":"http:\/\/duplagourmet.com.br\/index.php\/wp-json\/wp\/v2\/tags?post=12399"}],"curies":[{"name":"wp","href":"https:\/\/api.w.org\/{rel}","templated":true}]}}