{"id":10457,"date":"2018-07-01T21:45:05","date_gmt":"2018-07-01T21:45:05","guid":{"rendered":"http:\/\/duplagourmet.com.br\/?p=10457"},"modified":"2018-07-01T21:45:05","modified_gmt":"2018-07-01T21:45:05","slug":"o-verdadeiro-file-alpino","status":"publish","type":"post","link":"http:\/\/duplagourmet.com.br\/index.php\/2018\/07\/01\/o-verdadeiro-file-alpino\/","title":{"rendered":"O verdadeiro Fil\u00e9 Alpino"},"content":{"rendered":"<div class=\"0d3c8bb807db4512cec61ce0ce609918\" data-index=\"1\" style=\"float: right; margin:10px 0 10px 10px;\">\n<script async src=\"\/\/pagead2.googlesyndication.com\/pagead\/js\/adsbygoogle.js\"><\/script>\r\n<!-- Dupla -->\r\n<ins class=\"adsbygoogle\"\r\n     style=\"display:inline-block;width:336px;height:280px\"\r\n     data-ad-client=\"ca-pub-5223135331964240\"\r\n     data-ad-slot=\"1820166419\"><\/ins>\r\n<script>\r\n(adsbygoogle = window.adsbygoogle || []).push({});\r\n<\/script>\n<\/div>\n<p>Essa \u00e9 uma das receitas mais pedidas por voc\u00eas em nosso Instagram!<br \/>\nVisitamos recentemente o Caverna Bugre e nos encantamos com o fil\u00e9 alpino que provamos l\u00e1!<br \/>\nDias depois tentamos reproduzir em casa no Dia dos Namorados&#8230;e n\u00e3o \u00e9 que ficou maravilhoso?!<br \/>\nA receitinha esta logo aqui em baixo, esperamos que gostem!<\/p>\n<p><img decoding=\"async\" loading=\"lazy\" class=\"alignnone wp-image-10463 size-full\" src=\"https:\/\/i0.wp.com\/duplagourmet.com.br\/wp-content\/uploads\/2018\/06\/IMG_3862.jpg?resize=800%2C533\" alt=\"\" width=\"800\" height=\"533\" srcset=\"https:\/\/i0.wp.com\/duplagourmet.com.br\/wp-content\/uploads\/2018\/06\/IMG_3862.jpg?w=800 800w, https:\/\/i0.wp.com\/duplagourmet.com.br\/wp-content\/uploads\/2018\/06\/IMG_3862.jpg?resize=650%2C433 650w\" sizes=\"(max-width: 800px) 100vw, 800px\" data-recalc-dims=\"1\" \/><\/p>\n<p><span class=\"embed-youtube\" style=\"text-align:center; display: block;\"><iframe loading=\"lazy\" class=\"youtube-player\" width=\"800\" height=\"450\" src=\"https:\/\/www.youtube.com\/embed\/E-Qf7vhbJks?version=3&#038;rel=1&#038;showsearch=0&#038;showinfo=1&#038;iv_load_policy=1&#038;fs=1&#038;hl=pt-BR&#038;autohide=2&#038;wmode=transparent\" allowfullscreen=\"true\" style=\"border:0;\" sandbox=\"allow-scripts allow-same-origin allow-popups allow-presentation allow-popups-to-escape-sandbox\"><\/iframe><\/span><\/p>\n<p><strong>Voc\u00ea vai precisar de:<br \/>\n<\/strong>Fil\u00e9 mignon<strong><br \/>\n<\/strong>1 colher de sopa de manteiga<br \/>\n4 fatias de copa<br \/>\n2 colheres de sopa de catupiry<br \/>\n100g de queijo provolone<br \/>\n5 colheres de sopa de molho ingl\u00eas<\/p>\n<p><strong>Modo de preparo:<br \/>\n<\/strong>Leve o fil\u00e9 mignon para grelhar na manteiga.<br \/>\nDepois de levemente grelhado, adicione o fil\u00e9 em um recipiente.<br \/>\nEm seguida monte o fil\u00e9 alpino na seguinte ordem: fil\u00e9, copa, catupiry e provolone.<br \/>\nLeve ao forno alto por aproximadamente 5 minutos.<br \/>\nEm seguida adicione o molho ingl\u00eas e volte ao forno at\u00e9 o queijo gratinar.<br \/>\nSirva com arroz se desejado e prontinho!<\/p>\n<p>Essa receita serve 1 pessoa e demora 20 minutinhos para ficar pronta<br \/>\n<img decoding=\"async\" loading=\"lazy\" class=\"alignnone wp-image-10465 size-full\" src=\"https:\/\/i0.wp.com\/duplagourmet.com.br\/wp-content\/uploads\/2018\/06\/IMG_3832.jpg?resize=800%2C533\" alt=\"\" width=\"800\" height=\"533\" srcset=\"https:\/\/i0.wp.com\/duplagourmet.com.br\/wp-content\/uploads\/2018\/06\/IMG_3832.jpg?w=800 800w, https:\/\/i0.wp.com\/duplagourmet.com.br\/wp-content\/uploads\/2018\/06\/IMG_3832.jpg?resize=650%2C433 650w\" sizes=\"(max-width: 800px) 100vw, 800px\" data-recalc-dims=\"1\" \/><\/p>\n<p><img decoding=\"async\" loading=\"lazy\" class=\"alignnone wp-image-10466 size-full\" src=\"https:\/\/i0.wp.com\/duplagourmet.com.br\/wp-content\/uploads\/2018\/06\/IMG_3837.jpg?resize=800%2C533\" alt=\"\" width=\"800\" height=\"533\" srcset=\"https:\/\/i0.wp.com\/duplagourmet.com.br\/wp-content\/uploads\/2018\/06\/IMG_3837.jpg?w=800 800w, https:\/\/i0.wp.com\/duplagourmet.com.br\/wp-content\/uploads\/2018\/06\/IMG_3837.jpg?resize=650%2C433 650w\" sizes=\"(max-width: 800px) 100vw, 800px\" data-recalc-dims=\"1\" \/><\/p>\n<p><img decoding=\"async\" loading=\"lazy\" class=\"alignnone wp-image-10459 size-full\" src=\"https:\/\/i0.wp.com\/duplagourmet.com.br\/wp-content\/uploads\/2018\/06\/IMG_3841.jpg?resize=800%2C533\" alt=\"\" width=\"800\" height=\"533\" srcset=\"https:\/\/i0.wp.com\/duplagourmet.com.br\/wp-content\/uploads\/2018\/06\/IMG_3841.jpg?w=800 800w, https:\/\/i0.wp.com\/duplagourmet.com.br\/wp-content\/uploads\/2018\/06\/IMG_3841.jpg?resize=650%2C433 650w\" sizes=\"(max-width: 800px) 100vw, 800px\" data-recalc-dims=\"1\" \/><\/p>\n<p><img decoding=\"async\" loading=\"lazy\" class=\"alignnone wp-image-10460 size-full\" src=\"https:\/\/i0.wp.com\/duplagourmet.com.br\/wp-content\/uploads\/2018\/06\/IMG_3844.jpg?resize=800%2C533\" alt=\"\" width=\"800\" height=\"533\" srcset=\"https:\/\/i0.wp.com\/duplagourmet.com.br\/wp-content\/uploads\/2018\/06\/IMG_3844.jpg?w=800 800w, https:\/\/i0.wp.com\/duplagourmet.com.br\/wp-content\/uploads\/2018\/06\/IMG_3844.jpg?resize=650%2C433 650w\" sizes=\"(max-width: 800px) 100vw, 800px\" data-recalc-dims=\"1\" \/><\/p>\n<p><img decoding=\"async\" loading=\"lazy\" class=\"alignnone wp-image-10461 size-full\" src=\"https:\/\/i0.wp.com\/duplagourmet.com.br\/wp-content\/uploads\/2018\/06\/IMG_3850.jpg?resize=800%2C533\" alt=\"\" width=\"800\" height=\"533\" srcset=\"https:\/\/i0.wp.com\/duplagourmet.com.br\/wp-content\/uploads\/2018\/06\/IMG_3850.jpg?w=800 800w, https:\/\/i0.wp.com\/duplagourmet.com.br\/wp-content\/uploads\/2018\/06\/IMG_3850.jpg?resize=650%2C433 650w\" sizes=\"(max-width: 800px) 100vw, 800px\" data-recalc-dims=\"1\" \/><\/p>\n<p><img decoding=\"async\" loading=\"lazy\" class=\"alignnone wp-image-10462 size-full\" src=\"https:\/\/i0.wp.com\/duplagourmet.com.br\/wp-content\/uploads\/2018\/06\/IMG_3858.jpg?resize=800%2C533\" alt=\"\" width=\"800\" height=\"533\" srcset=\"https:\/\/i0.wp.com\/duplagourmet.com.br\/wp-content\/uploads\/2018\/06\/IMG_3858.jpg?w=800 800w, https:\/\/i0.wp.com\/duplagourmet.com.br\/wp-content\/uploads\/2018\/06\/IMG_3858.jpg?resize=650%2C433 650w\" sizes=\"(max-width: 800px) 100vw, 800px\" data-recalc-dims=\"1\" \/><\/p>\n<p><img decoding=\"async\" loading=\"lazy\" class=\"alignnone wp-image-10463 size-full\" src=\"https:\/\/i0.wp.com\/duplagourmet.com.br\/wp-content\/uploads\/2018\/06\/IMG_3862.jpg?resize=800%2C533\" alt=\"\" width=\"800\" height=\"533\" srcset=\"https:\/\/i0.wp.com\/duplagourmet.com.br\/wp-content\/uploads\/2018\/06\/IMG_3862.jpg?w=800 800w, https:\/\/i0.wp.com\/duplagourmet.com.br\/wp-content\/uploads\/2018\/06\/IMG_3862.jpg?resize=650%2C433 650w\" sizes=\"(max-width: 800px) 100vw, 800px\" data-recalc-dims=\"1\" \/><\/p>\n<p><img decoding=\"async\" loading=\"lazy\" class=\"alignnone wp-image-10464 size-full\" src=\"https:\/\/i0.wp.com\/duplagourmet.com.br\/wp-content\/uploads\/2018\/06\/IMG_3868.jpg?resize=800%2C533\" alt=\"\" width=\"800\" height=\"533\" srcset=\"https:\/\/i0.wp.com\/duplagourmet.com.br\/wp-content\/uploads\/2018\/06\/IMG_3868.jpg?w=800 800w, https:\/\/i0.wp.com\/duplagourmet.com.br\/wp-content\/uploads\/2018\/06\/IMG_3868.jpg?resize=650%2C433 650w\" sizes=\"(max-width: 800px) 100vw, 800px\" data-recalc-dims=\"1\" \/><\/p>\n\n<div style=\"font-size: 0px; height: 0px; line-height: 0px; margin: 0; padding: 0; clear: both;\"><\/div>","protected":false},"excerpt":{"rendered":"<p>Essa \u00e9 uma das receitas mais pedidas por voc\u00eas em nosso Instagram! Visitamos recentemente o Caverna Bugre e nos encantamos com o fil\u00e9 alpino que provamos l\u00e1! Dias depois tentamos reproduzir em casa no Dia dos Namorados&#8230;e n\u00e3o \u00e9 que ficou maravilhoso?! A receitinha esta logo aqui em baixo, esperamos que gostem! Voc\u00ea vai precisar [&hellip;]<\/p>\n","protected":false},"author":1,"featured_media":10463,"comment_status":"open","ping_status":"open","sticky":false,"template":"","format":"standard","meta":{"jetpack_post_was_ever_published":false,"_jetpack_newsletter_access":"","_jetpack_newsletter_tier_id":0},"categories":[234,12],"tags":[],"yoast_head":"<!-- This site is optimized with the Yoast SEO plugin v20.2.1 - https:\/\/yoast.com\/wordpress\/plugins\/seo\/ -->\n<title>O verdadeiro Fil\u00e9 Alpino -<\/title>\n<meta name=\"robots\" content=\"index, follow, max-snippet:-1, max-image-preview:large, max-video-preview:-1\" \/>\n<link rel=\"canonical\" href=\"https:\/\/duplagourmet.com.br\/index.php\/2018\/07\/01\/o-verdadeiro-file-alpino\/\" \/>\n<meta property=\"og:locale\" content=\"pt_BR\" \/>\n<meta property=\"og:type\" content=\"article\" \/>\n<meta property=\"og:title\" content=\"O verdadeiro Fil\u00e9 Alpino -\" \/>\n<meta property=\"og:description\" content=\"Essa \u00e9 uma das receitas mais pedidas por voc\u00eas em nosso Instagram! Visitamos recentemente o Caverna Bugre e nos encantamos com o fil\u00e9 alpino que provamos l\u00e1! Dias depois tentamos reproduzir em casa no Dia dos Namorados&#8230;e n\u00e3o \u00e9 que ficou maravilhoso?! A receitinha esta logo aqui em baixo, esperamos que gostem! Voc\u00ea vai precisar [&hellip;]\" \/>\n<meta property=\"og:url\" content=\"https:\/\/duplagourmet.com.br\/index.php\/2018\/07\/01\/o-verdadeiro-file-alpino\/\" \/>\n<meta property=\"article:publisher\" content=\"https:\/\/www.facebook.com\/duplagourmet\" \/>\n<meta property=\"article:published_time\" content=\"2018-07-01T21:45:05+00:00\" \/>\n<meta property=\"og:image\" content=\"https:\/\/i0.wp.com\/duplagourmet.com.br\/wp-content\/uploads\/2018\/06\/IMG_3862.jpg?fit=800%2C533&ssl=1\" \/>\n\t<meta property=\"og:image:width\" content=\"800\" \/>\n\t<meta property=\"og:image:height\" content=\"533\" \/>\n\t<meta property=\"og:image:type\" content=\"image\/jpeg\" \/>\n<meta name=\"author\" content=\"Lais Trov\u00e3o\" \/>\n<meta name=\"twitter:card\" content=\"summary_large_image\" \/>\n<meta name=\"twitter:creator\" content=\"@DuplaGourmet\" \/>\n<meta name=\"twitter:site\" content=\"@DuplaGourmet\" \/>\n<meta name=\"twitter:label1\" content=\"Escrito por\" \/>\n\t<meta name=\"twitter:data1\" content=\"Lais Trov\u00e3o\" \/>\n\t<meta name=\"twitter:label2\" content=\"Est. tempo de leitura\" \/>\n\t<meta name=\"twitter:data2\" content=\"1 minuto\" \/>\n<script type=\"application\/ld+json\" class=\"yoast-schema-graph\">{\"@context\":\"https:\/\/schema.org\",\"@graph\":[{\"@type\":\"Article\",\"@id\":\"https:\/\/duplagourmet.com.br\/index.php\/2018\/07\/01\/o-verdadeiro-file-alpino\/#article\",\"isPartOf\":{\"@id\":\"https:\/\/duplagourmet.com.br\/index.php\/2018\/07\/01\/o-verdadeiro-file-alpino\/\"},\"author\":{\"name\":\"Lais Trov\u00e3o\",\"@id\":\"https:\/\/duplagourmet.com.br\/#\/schema\/person\/888065adf1bf32ae6ab307c7362db9b1\"},\"headline\":\"O verdadeiro Fil\u00e9 Alpino\",\"datePublished\":\"2018-07-01T21:45:05+00:00\",\"dateModified\":\"2018-07-01T21:45:05+00:00\",\"mainEntityOfPage\":{\"@id\":\"https:\/\/duplagourmet.com.br\/index.php\/2018\/07\/01\/o-verdadeiro-file-alpino\/\"},\"wordCount\":169,\"commentCount\":0,\"publisher\":{\"@id\":\"https:\/\/duplagourmet.com.br\/#organization\"},\"articleSection\":[\"Prato Principal\",\"Receitas\"],\"inLanguage\":\"pt-BR\",\"potentialAction\":[{\"@type\":\"CommentAction\",\"name\":\"Comment\",\"target\":[\"https:\/\/duplagourmet.com.br\/index.php\/2018\/07\/01\/o-verdadeiro-file-alpino\/#respond\"]}]},{\"@type\":\"WebPage\",\"@id\":\"https:\/\/duplagourmet.com.br\/index.php\/2018\/07\/01\/o-verdadeiro-file-alpino\/\",\"url\":\"https:\/\/duplagourmet.com.br\/index.php\/2018\/07\/01\/o-verdadeiro-file-alpino\/\",\"name\":\"O verdadeiro Fil\u00e9 Alpino -\",\"isPartOf\":{\"@id\":\"https:\/\/duplagourmet.com.br\/#website\"},\"datePublished\":\"2018-07-01T21:45:05+00:00\",\"dateModified\":\"2018-07-01T21:45:05+00:00\",\"breadcrumb\":{\"@id\":\"https:\/\/duplagourmet.com.br\/index.php\/2018\/07\/01\/o-verdadeiro-file-alpino\/#breadcrumb\"},\"inLanguage\":\"pt-BR\",\"potentialAction\":[{\"@type\":\"ReadAction\",\"target\":[\"https:\/\/duplagourmet.com.br\/index.php\/2018\/07\/01\/o-verdadeiro-file-alpino\/\"]}]},{\"@type\":\"BreadcrumbList\",\"@id\":\"https:\/\/duplagourmet.com.br\/index.php\/2018\/07\/01\/o-verdadeiro-file-alpino\/#breadcrumb\",\"itemListElement\":[{\"@type\":\"ListItem\",\"position\":1,\"name\":\"In\u00edcio\",\"item\":\"https:\/\/duplagourmet.com.br\/\"},{\"@type\":\"ListItem\",\"position\":2,\"name\":\"O verdadeiro Fil\u00e9 Alpino\"}]},{\"@type\":\"WebSite\",\"@id\":\"https:\/\/duplagourmet.com.br\/#website\",\"url\":\"https:\/\/duplagourmet.com.br\/\",\"name\":\"\",\"description\":\"Site de Gastronomia e Viagens\",\"publisher\":{\"@id\":\"https:\/\/duplagourmet.com.br\/#organization\"},\"potentialAction\":[{\"@type\":\"SearchAction\",\"target\":{\"@type\":\"EntryPoint\",\"urlTemplate\":\"https:\/\/duplagourmet.com.br\/?s={search_term_string}\"},\"query-input\":\"required name=search_term_string\"}],\"inLanguage\":\"pt-BR\"},{\"@type\":\"Organization\",\"@id\":\"https:\/\/duplagourmet.com.br\/#organization\",\"name\":\"Dupla Gourmet\",\"url\":\"https:\/\/duplagourmet.com.br\/\",\"logo\":{\"@type\":\"ImageObject\",\"inLanguage\":\"pt-BR\",\"@id\":\"https:\/\/duplagourmet.com.br\/#\/schema\/logo\/image\/\",\"url\":\"https:\/\/i0.wp.com\/duplagourmet.com.br\/wp-content\/uploads\/2015\/07\/LOGO.jpg?fit=2120%2C1193&ssl=1\",\"contentUrl\":\"https:\/\/i0.wp.com\/duplagourmet.com.br\/wp-content\/uploads\/2015\/07\/LOGO.jpg?fit=2120%2C1193&ssl=1\",\"width\":2120,\"height\":1193,\"caption\":\"Dupla Gourmet\"},\"image\":{\"@id\":\"https:\/\/duplagourmet.com.br\/#\/schema\/logo\/image\/\"},\"sameAs\":[\"https:\/\/www.facebook.com\/duplagourmet\",\"https:\/\/twitter.com\/DuplaGourmet\",\"https:\/\/instagram.com\/duplagourmet\/\"]},{\"@type\":\"Person\",\"@id\":\"https:\/\/duplagourmet.com.br\/#\/schema\/person\/888065adf1bf32ae6ab307c7362db9b1\",\"name\":\"Lais Trov\u00e3o\",\"image\":{\"@type\":\"ImageObject\",\"inLanguage\":\"pt-BR\",\"@id\":\"https:\/\/duplagourmet.com.br\/#\/schema\/person\/image\/\",\"url\":\"http:\/\/2.gravatar.com\/avatar\/21dda7f6b6103bd096caaf547327b1d9?s=96&d=mm&r=g\",\"contentUrl\":\"http:\/\/2.gravatar.com\/avatar\/21dda7f6b6103bd096caaf547327b1d9?s=96&d=mm&r=g\",\"caption\":\"Lais Trov\u00e3o\"},\"sameAs\":[\"http:\/\/duplagourmet.com.br\/\"],\"url\":\"http:\/\/duplagourmet.com.br\/index.php\/author\/lais_divinohotmail-com\/\"}]}<\/script>\n<!-- \/ Yoast SEO plugin. -->","yoast_head_json":{"title":"O verdadeiro Fil\u00e9 Alpino -","robots":{"index":"index","follow":"follow","max-snippet":"max-snippet:-1","max-image-preview":"max-image-preview:large","max-video-preview":"max-video-preview:-1"},"canonical":"https:\/\/duplagourmet.com.br\/index.php\/2018\/07\/01\/o-verdadeiro-file-alpino\/","og_locale":"pt_BR","og_type":"article","og_title":"O verdadeiro Fil\u00e9 Alpino -","og_description":"Essa \u00e9 uma das receitas mais pedidas por voc\u00eas em nosso Instagram! Visitamos recentemente o Caverna Bugre e nos encantamos com o fil\u00e9 alpino que provamos l\u00e1! Dias depois tentamos reproduzir em casa no Dia dos Namorados&#8230;e n\u00e3o \u00e9 que ficou maravilhoso?! A receitinha esta logo aqui em baixo, esperamos que gostem! Voc\u00ea vai precisar [&hellip;]","og_url":"https:\/\/duplagourmet.com.br\/index.php\/2018\/07\/01\/o-verdadeiro-file-alpino\/","article_publisher":"https:\/\/www.facebook.com\/duplagourmet","article_published_time":"2018-07-01T21:45:05+00:00","og_image":[{"width":800,"height":533,"url":"https:\/\/i0.wp.com\/duplagourmet.com.br\/wp-content\/uploads\/2018\/06\/IMG_3862.jpg?fit=800%2C533&ssl=1","type":"image\/jpeg"}],"author":"Lais Trov\u00e3o","twitter_card":"summary_large_image","twitter_creator":"@DuplaGourmet","twitter_site":"@DuplaGourmet","twitter_misc":{"Escrito por":"Lais Trov\u00e3o","Est. tempo de leitura":"1 minuto"},"schema":{"@context":"https:\/\/schema.org","@graph":[{"@type":"Article","@id":"https:\/\/duplagourmet.com.br\/index.php\/2018\/07\/01\/o-verdadeiro-file-alpino\/#article","isPartOf":{"@id":"https:\/\/duplagourmet.com.br\/index.php\/2018\/07\/01\/o-verdadeiro-file-alpino\/"},"author":{"name":"Lais Trov\u00e3o","@id":"https:\/\/duplagourmet.com.br\/#\/schema\/person\/888065adf1bf32ae6ab307c7362db9b1"},"headline":"O verdadeiro Fil\u00e9 Alpino","datePublished":"2018-07-01T21:45:05+00:00","dateModified":"2018-07-01T21:45:05+00:00","mainEntityOfPage":{"@id":"https:\/\/duplagourmet.com.br\/index.php\/2018\/07\/01\/o-verdadeiro-file-alpino\/"},"wordCount":169,"commentCount":0,"publisher":{"@id":"https:\/\/duplagourmet.com.br\/#organization"},"articleSection":["Prato Principal","Receitas"],"inLanguage":"pt-BR","potentialAction":[{"@type":"CommentAction","name":"Comment","target":["https:\/\/duplagourmet.com.br\/index.php\/2018\/07\/01\/o-verdadeiro-file-alpino\/#respond"]}]},{"@type":"WebPage","@id":"https:\/\/duplagourmet.com.br\/index.php\/2018\/07\/01\/o-verdadeiro-file-alpino\/","url":"https:\/\/duplagourmet.com.br\/index.php\/2018\/07\/01\/o-verdadeiro-file-alpino\/","name":"O verdadeiro Fil\u00e9 Alpino -","isPartOf":{"@id":"https:\/\/duplagourmet.com.br\/#website"},"datePublished":"2018-07-01T21:45:05+00:00","dateModified":"2018-07-01T21:45:05+00:00","breadcrumb":{"@id":"https:\/\/duplagourmet.com.br\/index.php\/2018\/07\/01\/o-verdadeiro-file-alpino\/#breadcrumb"},"inLanguage":"pt-BR","potentialAction":[{"@type":"ReadAction","target":["https:\/\/duplagourmet.com.br\/index.php\/2018\/07\/01\/o-verdadeiro-file-alpino\/"]}]},{"@type":"BreadcrumbList","@id":"https:\/\/duplagourmet.com.br\/index.php\/2018\/07\/01\/o-verdadeiro-file-alpino\/#breadcrumb","itemListElement":[{"@type":"ListItem","position":1,"name":"In\u00edcio","item":"https:\/\/duplagourmet.com.br\/"},{"@type":"ListItem","position":2,"name":"O verdadeiro Fil\u00e9 Alpino"}]},{"@type":"WebSite","@id":"https:\/\/duplagourmet.com.br\/#website","url":"https:\/\/duplagourmet.com.br\/","name":"","description":"Site de Gastronomia e Viagens","publisher":{"@id":"https:\/\/duplagourmet.com.br\/#organization"},"potentialAction":[{"@type":"SearchAction","target":{"@type":"EntryPoint","urlTemplate":"https:\/\/duplagourmet.com.br\/?s={search_term_string}"},"query-input":"required name=search_term_string"}],"inLanguage":"pt-BR"},{"@type":"Organization","@id":"https:\/\/duplagourmet.com.br\/#organization","name":"Dupla Gourmet","url":"https:\/\/duplagourmet.com.br\/","logo":{"@type":"ImageObject","inLanguage":"pt-BR","@id":"https:\/\/duplagourmet.com.br\/#\/schema\/logo\/image\/","url":"https:\/\/i0.wp.com\/duplagourmet.com.br\/wp-content\/uploads\/2015\/07\/LOGO.jpg?fit=2120%2C1193&ssl=1","contentUrl":"https:\/\/i0.wp.com\/duplagourmet.com.br\/wp-content\/uploads\/2015\/07\/LOGO.jpg?fit=2120%2C1193&ssl=1","width":2120,"height":1193,"caption":"Dupla Gourmet"},"image":{"@id":"https:\/\/duplagourmet.com.br\/#\/schema\/logo\/image\/"},"sameAs":["https:\/\/www.facebook.com\/duplagourmet","https:\/\/twitter.com\/DuplaGourmet","https:\/\/instagram.com\/duplagourmet\/"]},{"@type":"Person","@id":"https:\/\/duplagourmet.com.br\/#\/schema\/person\/888065adf1bf32ae6ab307c7362db9b1","name":"Lais Trov\u00e3o","image":{"@type":"ImageObject","inLanguage":"pt-BR","@id":"https:\/\/duplagourmet.com.br\/#\/schema\/person\/image\/","url":"http:\/\/2.gravatar.com\/avatar\/21dda7f6b6103bd096caaf547327b1d9?s=96&d=mm&r=g","contentUrl":"http:\/\/2.gravatar.com\/avatar\/21dda7f6b6103bd096caaf547327b1d9?s=96&d=mm&r=g","caption":"Lais Trov\u00e3o"},"sameAs":["http:\/\/duplagourmet.com.br\/"],"url":"http:\/\/duplagourmet.com.br\/index.php\/author\/lais_divinohotmail-com\/"}]}},"jetpack_sharing_enabled":true,"jetpack_featured_media_url":"https:\/\/i0.wp.com\/duplagourmet.com.br\/wp-content\/uploads\/2018\/06\/IMG_3862.jpg?fit=800%2C533","jetpack_shortlink":"https:\/\/wp.me\/p67KK6-2IF","_links":{"self":[{"href":"http:\/\/duplagourmet.com.br\/index.php\/wp-json\/wp\/v2\/posts\/10457"}],"collection":[{"href":"http:\/\/duplagourmet.com.br\/index.php\/wp-json\/wp\/v2\/posts"}],"about":[{"href":"http:\/\/duplagourmet.com.br\/index.php\/wp-json\/wp\/v2\/types\/post"}],"author":[{"embeddable":true,"href":"http:\/\/duplagourmet.com.br\/index.php\/wp-json\/wp\/v2\/users\/1"}],"replies":[{"embeddable":true,"href":"http:\/\/duplagourmet.com.br\/index.php\/wp-json\/wp\/v2\/comments?post=10457"}],"version-history":[{"count":2,"href":"http:\/\/duplagourmet.com.br\/index.php\/wp-json\/wp\/v2\/posts\/10457\/revisions"}],"predecessor-version":[{"id":10484,"href":"http:\/\/duplagourmet.com.br\/index.php\/wp-json\/wp\/v2\/posts\/10457\/revisions\/10484"}],"wp:featuredmedia":[{"embeddable":true,"href":"http:\/\/duplagourmet.com.br\/index.php\/wp-json\/wp\/v2\/media\/10463"}],"wp:attachment":[{"href":"http:\/\/duplagourmet.com.br\/index.php\/wp-json\/wp\/v2\/media?parent=10457"}],"wp:term":[{"taxonomy":"category","embeddable":true,"href":"http:\/\/duplagourmet.com.br\/index.php\/wp-json\/wp\/v2\/categories?post=10457"},{"taxonomy":"post_tag","embeddable":true,"href":"http:\/\/duplagourmet.com.br\/index.php\/wp-json\/wp\/v2\/tags?post=10457"}],"curies":[{"name":"wp","href":"https:\/\/api.w.org\/{rel}","templated":true}]}}